{"id":355035,"date":"2021-07-07T14:02:22","date_gmt":"2021-07-07T11:02:22","guid":{"rendered":"http:\/\/arantv.az\/?p=355035"},"modified":"2021-07-07T14:02:22","modified_gmt":"2021-07-07T11:02:22","slug":"az%c9%99rbaycanda-oz%c9%99l-ekspertizalar-f%c9%99aliyy%c9%99t%c9%99-baslayacaq-r%c9%99smi","status":"publish","type":"post","link":"https:\/\/arantv.az\/?p=355035","title":{"rendered":"Az\u0259rbaycanda \u00f6z\u0259l ekspertizalar f\u0259aliyy\u0259t\u0259 ba\u015flayacaq? &#8211; R\u018fSM\u0130"},"content":{"rendered":"<p>\u201cHaz\u0131rda Az\u0259rbaycanda \u00f6z\u0259l ekspertiza il\u0259 ba\u011fl\u0131 f\u0259aliyy\u0259t h\u0259yata ke\u00e7irilmir. Bununla ba\u011fl\u0131 normativ h\u00fcquqi aktlar\u0131n q\u0259bul edilm\u0259si istiqam\u0259tind\u0259 i\u015fl\u0259r gedir\u201d.<\/p>\n<p><strong>ARANTV.AZ\u00a0 <\/strong>x\u0259b\u0259r verir ki, bu s\u00f6zl\u0259ri M\u0259hk\u0259m\u0259 Ekspertizas\u0131 M\u0259rk\u0259zinin \u015f\u00f6b\u0259si r\u0259isi H\u00fcmm\u0259t V\u0259liyev Az\u0259rbaycanda \u00f6z\u0259l m\u0259hk\u0259m\u0259 ekspertiza m\u0259rk\u0259zl\u0259rinin yarad\u0131lmas\u0131n\u0131 n\u0259z\u0259rd\u0259 tutan Prezident \u0130lham \u018fliyev 2019-cu ild\u0259 imzalad\u0131\u011f\u0131 f\u0259rman\u0131n icras\u0131 il\u0259 ba\u011fl\u0131 m\u0259s\u0259l\u0259y\u0259 ayd\u0131nl\u0131q g\u0259tir\u0259rk\u0259n deyib.<\/p>\n<p>O bildirib ki, \u00f6z\u0259l ekspertiza m\u0259rk\u0259zl\u0259rin\u0259\u00a0f\u0259aliyy\u0259t\u0259 ba\u015flamaq \u00fc\u00e7\u00fcn ekspert \u015f\u0259had\u0259tnam\u0259si\u00a0verilm\u0259si qaydas\u0131, \u00f6z\u0259l ekspertl\u0259rin x\u00fcsusi biliyini m\u00fc\u0259yy\u0259n ed\u0259n s\u0259n\u0259dl\u0259rin siyah\u0131s\u0131, m\u0259hk\u0259m\u0259 ekspertl\u0259rinin v\u0259 dig\u0259r s\u0259n\u0259dl\u0259rin haz\u0131rlanmas\u0131 haz\u0131rda bax\u0131\u015f m\u0259rh\u0259l\u0259sind\u0259dir:<\/p>\n<p>\u201cBu s\u0259b\u0259bd\u0259n h\u0259l\u0259lik \u00f6z\u0259l ekspertiza f\u0259aliyy\u0259t\u0259 ba\u015flamay\u0131b. \u00dcmid edirik ki, biz yax\u0131n m\u00fcdd\u0259td\u0259 \u00f6lk\u0259mizd\u0259 \u00f6z\u0259l ekspertiza f\u0259aliyy\u0259tini m\u00fc\u015fahid\u0259 ed\u0259c\u0259yik\u201d.<\/p>\n","protected":false},"excerpt":{"rendered":"<p>\u201cHaz\u0131rda Az\u0259rbaycanda \u00f6z\u0259l ekspertiza il\u0259 ba\u011fl\u0131 f\u0259aliyy\u0259t h\u0259yata ke\u00e7irilmir. Bununla ba\u011fl\u0131 normativ h\u00fcquqi aktlar\u0131n q\u0259bul edilm\u0259si istiqam\u0259tind\u0259 i\u015fl\u0259r gedir\u201d. ARANTV.AZ\u00a0 x\u0259b\u0259r verir ki, bu s\u00f6zl\u0259ri M\u0259hk\u0259m\u0259 Ekspertizas\u0131 M\u0259rk\u0259zinin \u015f\u00f6b\u0259si r\u0259isi H\u00fcmm\u0259t V\u0259liyev Az\u0259rbaycanda \u00f6z\u0259l m\u0259hk\u0259m\u0259 ekspertiza m\u0259rk\u0259zl\u0259rinin yarad\u0131lmas\u0131n\u0131 n\u0259z\u0259rd\u0259 tutan Prezident \u0130lham \u018fliyev 2019-cu ild\u0259 imzalad\u0131\u011f\u0131 f\u0259rman\u0131n icras\u0131 il\u0259 ba\u011fl\u0131 m\u0259s\u0259l\u0259y\u0259 ayd\u0131nl\u0131q g\u0259tir\u0259rk\u0259n deyib. O bildirib ki, \u00f6z\u0259l ekspertiza m\u0259rk\u0259zl\u0259rin\u0259\u00a0f\u0259aliyy\u0259t\u0259 ba\u015flamaq \u00fc\u00e7\u00fcn ekspert \u015f\u0259had\u0259tnam\u0259si\u00a0verilm\u0259si qaydas\u0131, \u00f6z\u0259l ekspertl\u0259rin x\u00fcsusi biliyini m\u00fc\u0259yy\u0259n ed\u0259n s\u0259n\u0259dl\u0259rin siyah\u0131s\u0131, m\u0259hk\u0259m\u0259 ekspertl\u0259rinin v\u0259 dig\u0259r s\u0259n\u0259dl\u0259rin haz\u0131rlanmas\u0131 haz\u0131rda bax\u0131\u015f m\u0259rh\u0259l\u0259sind\u0259dir: \u201cBu s\u0259b\u0259bd\u0259n h\u0259l\u0259lik \u00f6z\u0259l ekspertiza f\u0259aliyy\u0259t\u0259 ba\u015flamay\u0131b. \u00dcmid&hellip;<\/p>\n","protected":false},"author":2,"featured_media":355036,"comment_status":"closed","ping_status":"closed","sticky":false,"template":"","format":"standard","meta":{"om_disable_all_campaigns":false,"_monsterinsights_skip_tracking":false,"_monsterinsights_sitenote_active":false,"_monsterinsights_sitenote_note":"","_monsterinsights_sitenote_category":0},"categories":[26],"tags":[],"aioseo_notices":[],"gutentor_comment":0,"rttpg_featured_image_url":{"full":["https:\/\/arantv.az\/wp-content\/uploads\/2021\/07\/hytrh.jpg",620,383,false],"landscape":["https:\/\/arantv.az\/wp-content\/uploads\/2021\/07\/hytrh.jpg",620,383,false],"portraits":["https:\/\/arantv.az\/wp-content\/uploads\/2021\/07\/hytrh.jpg",620,383,false],"thumbnail":["https:\/\/arantv.az\/wp-content\/uploads\/2021\/07\/hytrh-500x280.jpg",500,280,true],"medium":["https:\/\/arantv.az\/wp-content\/uploads\/2021\/07\/hytrh-591x365.jpg",591,365,true],"large":["https:\/\/arantv.az\/wp-content\/uploads\/2021\/07\/hytrh.jpg",620,383,false],"1536x1536":["https:\/\/arantv.az\/wp-content\/uploads\/2021\/07\/hytrh.jpg",620,383,false],"2048x2048":["https:\/\/arantv.az\/wp-content\/uploads\/2021\/07\/hytrh.jpg",620,383,false],"post-thumbnail":["https:\/\/arantv.az\/wp-content\/uploads\/2021\/07\/hytrh-240x172.jpg",240,172,true],"advps-thumb-one":["https:\/\/arantv.az\/wp-content\/uploads\/2021\/07\/hytrh.jpg",620,383,false]},"rttpg_author":{"display_name":"V\u00fcsal Rafiqo\u011flu","author_link":"https:\/\/arantv.az\/?author=2"},"rttpg_comment":0,"rttpg_category":"<a href=\"https:\/\/arantv.az\/?cat=26\" rel=\"category\">Sosial<\/a>","rttpg_excerpt":"\u201cHaz\u0131rda Az\u0259rbaycanda \u00f6z\u0259l ekspertiza il\u0259 ba\u011fl\u0131 f\u0259aliyy\u0259t h\u0259yata ke\u00e7irilmir. Bununla ba\u011fl\u0131 normativ h\u00fcquqi aktlar\u0131n q\u0259bul edilm\u0259si istiqam\u0259tind\u0259 i\u015fl\u0259r gedir\u201d. ARANTV.AZ\u00a0 x\u0259b\u0259r verir ki, bu s\u00f6zl\u0259ri M\u0259hk\u0259m\u0259 Ekspertizas\u0131 M\u0259rk\u0259zinin \u015f\u00f6b\u0259si r\u0259isi H\u00fcmm\u0259t V\u0259liyev Az\u0259rbaycanda \u00f6z\u0259l m\u0259hk\u0259m\u0259 ekspertiza m\u0259rk\u0259zl\u0259rinin yarad\u0131lmas\u0131n\u0131 n\u0259z\u0259rd\u0259 tutan Prezident \u0130lham \u018fliyev 2019-cu ild\u0259 imzalad\u0131\u011f\u0131 f\u0259rman\u0131n icras\u0131 il\u0259 ba\u011fl\u0131 m\u0259s\u0259l\u0259y\u0259 ayd\u0131nl\u0131q g\u0259tir\u0259rk\u0259n deyib. O&hellip;","_links":{"self":[{"href":"https:\/\/arantv.az\/index.php?rest_route=\/wp\/v2\/posts\/355035"}],"collection":[{"href":"https:\/\/arantv.az\/index.php?rest_route=\/wp\/v2\/posts"}],"about":[{"href":"https:\/\/arantv.az\/index.php?rest_route=\/wp\/v2\/types\/post"}],"author":[{"embeddable":true,"href":"https:\/\/arantv.az\/index.php?rest_route=\/wp\/v2\/users\/2"}],"replies":[{"embeddable":true,"href":"https:\/\/arantv.az\/index.php?rest_route=%2Fwp%2Fv2%2Fcomments&post=355035"}],"version-history":[{"count":0,"href":"https:\/\/arantv.az\/index.php?rest_route=\/wp\/v2\/posts\/355035\/revisions"}],"wp:featuredmedia":[{"embeddable":true,"href":"https:\/\/arantv.az\/index.php?rest_route=\/wp\/v2\/media\/355036"}],"wp:attachment":[{"href":"https:\/\/arantv.az\/index.php?rest_route=%2Fwp%2Fv2%2Fmedia&parent=355035"}],"wp:term":[{"taxonomy":"category","embeddable":true,"href":"https:\/\/arantv.az\/index.php?rest_route=%2Fwp%2Fv2%2Fcategories&post=355035"},{"taxonomy":"post_tag","embeddable":true,"href":"https:\/\/arantv.az\/index.php?rest_route=%2Fwp%2Fv2%2Ftags&post=355035"}],"curies":[{"name":"wp","href":"https:\/\/api.w.org\/{rel}","templated":true}]}}