{"id":35535,"date":"2019-01-29T09:49:23","date_gmt":"2019-01-29T06:49:23","guid":{"rendered":"http:\/\/arantv.az\/?p=35535"},"modified":"2019-01-29T09:49:23","modified_gmt":"2019-01-29T06:49:23","slug":"prezident-s%c9%99hid-atasina-oz-%c9%99ll%c9%99ri-il%c9%99-su-icirdi-video","status":"publish","type":"post","link":"https:\/\/arantv.az\/?p=35535","title":{"rendered":"Prezident \u015f\u0259hid atas\u0131na \u00f6z \u0259ll\u0259ri il\u0259 su i\u00e7irdi (V\u0130DEO)"},"content":{"rendered":"<div class=\"news-detail\">\n<div class=\"img-info\">\n<div class=\"detail-content\">\n<div class=\"spot\">&#8220;F\u0259xr edir\u0259m ki, o\u011flum torpaqlar\u0131m\u0131z\u0131n azadl\u0131\u011f\u0131, suverenliyi u\u011frunda \u015f\u0259hid olub&#8221;.<\/div>\n<p><strong>ARANTV.AZ<\/strong> x\u0259b\u0259r verir ki, bunu Az\u0259rbaycan Prezidenti \u0130lham \u018fliyevin Prezident Saray\u0131nda \u015f\u0259hid ail\u0259l\u0259ri il\u0259 g\u00f6r\u00fc\u015f\u00fcnd\u0259 \u00e7\u0131x\u0131\u015f ed\u0259n \u015f\u0259hid atas\u0131 \u015eirvan N\u00fcsr\u0259tov deyib.<\/p>\n<p>\u015e\u0259hid atas\u0131 qeyd edib: &#8220;H\u00f6rm\u0259tli Prezident, c\u0259nab Ali Ba\u015f Komandan. Siz Az\u0259rbaycan\u0131 q\u00fcdr\u0259tli d\u00f6vl\u0259t\u0259 \u00e7evirmisiniz. Az\u0259rbaycan\u0131n g\u00fccl\u00fc ordusu var. \u018fmin\u0259m ki, biz Qaraba\u011f m\u0259s\u0259l\u0259sini Allah\u0131n k\u00f6m\u0259yi, Sizin s\u0259yl\u0259rinizl\u0259 h\u0259ll ed\u0259c\u0259yik.<\/p>\n<div id=\"AdributorNativeVideo0\" class=\"AdributorNativeVideo\"><\/div>\n<p>C\u0259nab Prezident, m\u0259n bir \u015f\u0259hid atas\u0131 kimi \u00f6z\u00fcm\u0259 f\u0259xr bilir\u0259m ki, o\u011flum torpaqlar\u0131m\u0131z\u0131n azadl\u0131\u011f\u0131, suverenliyi u\u011frunda \u015f\u0259hid olmu\u015fdur. Sizd\u0259n \u00e7ox raz\u0131y\u0131q ki, biz \u015f\u0259hid ail\u0259l\u0259rin\u0259 h\u0259mi\u015f\u0259 qay\u011f\u0131 g\u00f6st\u0259rmisiniz v\u0259 g\u00f6st\u0259rirsiniz. Biz Sizin xarici v\u0259 daxili siyas\u0259tinizi d\u0259st\u0259kl\u0259yirik. Sa\u011f olun, var olun. Allah Siz\u0259 \u00f6m\u00fcr versin&#8221;.<\/p>\n<p>G\u00f6r\u00fc\u015fd\u0259n v\u0259 \u015f\u0259hid atas\u0131n\u0131n \u00e7\u0131x\u0131\u015f\u0131ndan video sosial \u015f\u0259b\u0259k\u0259l\u0259rd\u0259 payla\u015f\u0131l\u0131b. H\u0259min videonu t\u0259qdim edirik:<\/p>\n<p><iframe loading=\"lazy\" src=\"https:\/\/www.facebook.com\/plugins\/video.php?href=https%3A%2F%2Fwww.facebook.com%2Fazerbaycan24%2Fvideos%2F2032623990161115%2F&amp;show_text=0&amp;width=476\" width=\"476\" height=\"476\" frameborder=\"0\" scrolling=\"no\" data-mce-fragment=\"1\"><\/iframe><\/p>\n<\/div>\n<\/div>\n<\/div>\n<div class=\"fbComments-container mb20\">\n<div class=\"post-actions\">\n<div class=\"add-commmet\">\n<div class=\"comment-icon\"><\/div>\n<div class=\"comment-text\">\u00f6lk\u0259.az<\/div>\n<\/div>\n<\/div>\n<\/div>\n","protected":false},"excerpt":{"rendered":"<p>&#8220;F\u0259xr edir\u0259m ki, o\u011flum torpaqlar\u0131m\u0131z\u0131n azadl\u0131\u011f\u0131, suverenliyi u\u011frunda \u015f\u0259hid olub&#8221;. ARANTV.AZ x\u0259b\u0259r verir ki, bunu Az\u0259rbaycan Prezidenti \u0130lham \u018fliyevin Prezident Saray\u0131nda \u015f\u0259hid ail\u0259l\u0259ri il\u0259 g\u00f6r\u00fc\u015f\u00fcnd\u0259 \u00e7\u0131x\u0131\u015f ed\u0259n \u015f\u0259hid atas\u0131 \u015eirvan N\u00fcsr\u0259tov deyib. \u015e\u0259hid atas\u0131 qeyd edib: &#8220;H\u00f6rm\u0259tli Prezident, c\u0259nab Ali Ba\u015f Komandan. Siz Az\u0259rbaycan\u0131 q\u00fcdr\u0259tli d\u00f6vl\u0259t\u0259 \u00e7evirmisiniz. Az\u0259rbaycan\u0131n g\u00fccl\u00fc ordusu var. \u018fmin\u0259m ki, biz Qaraba\u011f m\u0259s\u0259l\u0259sini Allah\u0131n k\u00f6m\u0259yi, Sizin s\u0259yl\u0259rinizl\u0259 h\u0259ll ed\u0259c\u0259yik. C\u0259nab Prezident, m\u0259n bir \u015f\u0259hid atas\u0131 kimi \u00f6z\u00fcm\u0259 f\u0259xr bilir\u0259m ki, o\u011flum torpaqlar\u0131m\u0131z\u0131n azadl\u0131\u011f\u0131, suverenliyi u\u011frunda \u015f\u0259hid olmu\u015fdur. Sizd\u0259n \u00e7ox raz\u0131y\u0131q ki, biz \u015f\u0259hid ail\u0259l\u0259rin\u0259 h\u0259mi\u015f\u0259 qay\u011f\u0131 g\u00f6st\u0259rmisiniz&hellip;<\/p>\n","protected":false},"author":2,"featured_media":35536,"comment_status":"closed","ping_status":"closed","sticky":false,"template":"","format":"standard","meta":{"om_disable_all_campaigns":false,"_monsterinsights_skip_tracking":false,"_monsterinsights_sitenote_active":false,"_monsterinsights_sitenote_note":"","_monsterinsights_sitenote_category":0},"categories":[8],"tags":[],"aioseo_notices":[],"gutentor_comment":0,"rttpg_featured_image_url":{"full":["https:\/\/arantv.az\/wp-content\/uploads\/2019\/01\/1_51548743726.jpg",650,355,false],"landscape":["https:\/\/arantv.az\/wp-content\/uploads\/2019\/01\/1_51548743726.jpg",650,355,false],"portraits":["https:\/\/arantv.az\/wp-content\/uploads\/2019\/01\/1_51548743726.jpg",650,355,false],"thumbnail":["https:\/\/arantv.az\/wp-content\/uploads\/2019\/01\/1_51548743726-150x150.jpg",150,150,true],"medium":["https:\/\/arantv.az\/wp-content\/uploads\/2019\/01\/1_51548743726-300x164.jpg",300,164,true],"large":["https:\/\/arantv.az\/wp-content\/uploads\/2019\/01\/1_51548743726.jpg",640,350,false],"1536x1536":["https:\/\/arantv.az\/wp-content\/uploads\/2019\/01\/1_51548743726.jpg",650,355,false],"2048x2048":["https:\/\/arantv.az\/wp-content\/uploads\/2019\/01\/1_51548743726.jpg",650,355,false],"post-thumbnail":["https:\/\/arantv.az\/wp-content\/uploads\/2019\/01\/1_51548743726-240x172.jpg",240,172,true],"advps-thumb-one":["https:\/\/arantv.az\/wp-content\/uploads\/2019\/01\/1_51548743726.jpg",650,355,false]},"rttpg_author":{"display_name":"V\u00fcsal Rafiqo\u011flu","author_link":"https:\/\/arantv.az\/?author=2"},"rttpg_comment":0,"rttpg_category":"<a href=\"https:\/\/arantv.az\/?cat=8\" rel=\"category\">\u018fsas s\u0259hif\u0259<\/a>","rttpg_excerpt":"&#8220;F\u0259xr edir\u0259m ki, o\u011flum torpaqlar\u0131m\u0131z\u0131n azadl\u0131\u011f\u0131, suverenliyi u\u011frunda \u015f\u0259hid olub&#8221;. ARANTV.AZ x\u0259b\u0259r verir ki, bunu Az\u0259rbaycan Prezidenti \u0130lham \u018fliyevin Prezident Saray\u0131nda \u015f\u0259hid ail\u0259l\u0259ri il\u0259 g\u00f6r\u00fc\u015f\u00fcnd\u0259 \u00e7\u0131x\u0131\u015f ed\u0259n \u015f\u0259hid atas\u0131 \u015eirvan N\u00fcsr\u0259tov deyib. \u015e\u0259hid atas\u0131 qeyd edib: &#8220;H\u00f6rm\u0259tli Prezident, c\u0259nab Ali Ba\u015f Komandan. Siz Az\u0259rbaycan\u0131 q\u00fcdr\u0259tli d\u00f6vl\u0259t\u0259 \u00e7evirmisiniz. Az\u0259rbaycan\u0131n g\u00fccl\u00fc ordusu var. \u018fmin\u0259m ki, biz Qaraba\u011f&hellip;","_links":{"self":[{"href":"https:\/\/arantv.az\/index.php?rest_route=\/wp\/v2\/posts\/35535"}],"collection":[{"href":"https:\/\/arantv.az\/index.php?rest_route=\/wp\/v2\/posts"}],"about":[{"href":"https:\/\/arantv.az\/index.php?rest_route=\/wp\/v2\/types\/post"}],"author":[{"embeddable":true,"href":"https:\/\/arantv.az\/index.php?rest_route=\/wp\/v2\/users\/2"}],"replies":[{"embeddable":true,"href":"https:\/\/arantv.az\/index.php?rest_route=%2Fwp%2Fv2%2Fcomments&post=35535"}],"version-history":[{"count":0,"href":"https:\/\/arantv.az\/index.php?rest_route=\/wp\/v2\/posts\/35535\/revisions"}],"wp:featuredmedia":[{"embeddable":true,"href":"https:\/\/arantv.az\/index.php?rest_route=\/wp\/v2\/media\/35536"}],"wp:attachment":[{"href":"https:\/\/arantv.az\/index.php?rest_route=%2Fwp%2Fv2%2Fmedia&parent=35535"}],"wp:term":[{"taxonomy":"category","embeddable":true,"href":"https:\/\/arantv.az\/index.php?rest_route=%2Fwp%2Fv2%2Fcategories&post=35535"},{"taxonomy":"post_tag","embeddable":true,"href":"https:\/\/arantv.az\/index.php?rest_route=%2Fwp%2Fv2%2Ftags&post=35535"}],"curies":[{"name":"wp","href":"https:\/\/api.w.org\/{rel}","templated":true}]}}