{"id":35541,"date":"2019-01-29T09:51:24","date_gmt":"2019-01-29T06:51:24","guid":{"rendered":"http:\/\/arantv.az\/?p=35541"},"modified":"2019-01-29T09:51:24","modified_gmt":"2019-01-29T06:51:24","slug":"bird%c9%99f%c9%99lik-od%c9%99nis-almali-olan-s%c9%99hid-v%c9%99r%c9%99s%c9%99l%c9%99rind%c9%99n-3100-u-artiq-v%c9%99saiti-alib-nazir","status":"publish","type":"post","link":"https:\/\/arantv.az\/?p=35541","title":{"rendered":"&#8220;Bird\u0259f\u0259lik \u00f6d\u0259ni\u015f almal\u0131 olan \u015f\u0259hid v\u0259r\u0259s\u0259l\u0259rind\u0259n 3100-\u00fc art\u0131q v\u0259saiti al\u0131b&#8221; \u2014 Nazir"},"content":{"rendered":"<div class=\"spot\">&#8220;Az\u0259rbaycan Prezidenti \u0130lham \u018fliyevin imzalad\u0131\u011f\u0131 yeni f\u0259rmana \u0259sas\u0259n bird\u0259f\u0259lik yard\u0131m almaq h\u00fcququ qazanan \u015f\u0259hid h\u0259rbi qulluq\u00e7ular\u0131n v\u0259r\u0259s\u0259l\u0259ri art\u0131q elektron sistem\u0259 m\u00fcraci\u0259t ed\u0259 bil\u0259rl\u0259r&#8221;.<\/div>\n<p><strong>ARANTV.AZ\u00a0<\/strong> x\u0259b\u0259r verir ki, bunu \u0259m\u0259k v\u0259 \u0259halinin sosial m\u00fcdafi\u0259si naziri Sahil Babayev deyib.<\/p>\n<p>O bildirib ki, f\u0259rmana \u0259sas\u0259n 2264 h\u0259rbi qulluq\u00e7unun adlar\u0131 art\u0131q elektron sistemd\u0259 \u00f6z \u0259ksini tap\u0131b:<br \/>\n&#8220;461 \u015f\u0259hid polisimizin v\u0259r\u0259s\u0259l\u0259ri il\u0259 ba\u011fl\u0131 i\u015fl\u0259ri is\u0259 \u00e7ox q\u0131sa bir m\u00fcdd\u0259td\u0259, y\u0259ni bir h\u0259ft\u0259 \u0259razind\u0259 yekunla\u015fd\u0131raca\u011f\u0131q v\u0259 bir h\u0259ft\u0259d\u0259n sonra onlar da elektron sistem\u0259 m\u00fcraci\u0259t ed\u0259 bil\u0259c\u0259kl\u0259r&#8221;.<\/p>\n<p>S.Babayevin s\u00f6zl\u0259rin\u0259 g\u00f6r\u0259, 2019-cu ilin sonuna q\u0259d\u0259r h\u0259r iki f\u0259rman\u0131n icras\u0131 ba\u015fa \u00e7atd\u0131r\u0131lacaq, b\u00fct\u00fcn \u00f6d\u0259ni\u015fl\u0259r edil\u0259c\u0259k:<br \/>\n&#8220;Bird\u0259f\u0259lik \u00f6d\u0259ni\u015f almal\u0131 olan 12268 \u015f\u0259hidin v\u0259r\u0259s\u0259l\u0259rind\u0259n 3100-\u00fc art\u0131q v\u0259saiti al\u0131b. Qalan 9 169 \u015f\u0259hid v\u0259r\u0259s\u0259si is\u0259 bu il \u0259rzind\u0259 \u00f6d\u0259ni\u015fi \u0259ld\u0259 ed\u0259 bil\u0259c\u0259kl\u0259r. Ayda 1000 \u015f\u0259hid v\u0259r\u0259s\u0259sinin s\u0259n\u0259dl\u0259rini emal ed\u0259r\u0259k, \u00f6d\u0259ni\u015fl\u0259ri 9-10 ay m\u00fcdd\u0259tind\u0259 bitirm\u0259yi planla\u015fd\u0131r\u0131r\u0131q&#8221;.<\/p>\n<div id=\"AdributorNativeVideo0\" class=\"AdributorNativeVideo\"><\/div>\n<p>Qeyd ed\u0259k ki, Prezident \u0130lham \u018fliyev yanvar ay\u0131n\u0131n 28-d\u0259 \u201cAz\u0259rbaycan Respublikas\u0131n\u0131n \u0259razi b\u00fct\u00f6vl\u00fcy\u00fc u\u011frunda h\u0259lak olmu\u015f, \u00f6lm\u00fc\u015f v\u0259 h\u0259rbi \u0259m\u0259liyyatlarla \u0259laq\u0259dar x\u0259b\u0259rsiz itkin d\u00fc\u015fd\u00fcy\u00fcn\u0259 g\u00f6r\u0259 \u00f6lm\u00fc\u015f elan edilmi\u015f h\u0259rbi qulluq\u00e7ular\u0131n ail\u0259 \u00fczvl\u0259rinin sosial m\u00fcdafi\u0259sinin yax\u015f\u0131la\u015fd\u0131r\u0131lmas\u0131 il\u0259 ba\u011fl\u0131 \u0259lav\u0259 t\u0259dbirl\u0259r haqq\u0131nda\u201d Az\u0259rbaycan Respublikas\u0131 Prezidentinin 2018-ci il 19 aprel tarixli 1 n\u00f6mr\u0259li f\u0259rman\u0131nda d\u0259yi\u015fiklik edilm\u0259si bar\u0259d\u0259 f\u0259rman imzalay\u0131b.<\/p>\n<p><em>\u00d6lk\u0259.Az<\/em><\/p>\n","protected":false},"excerpt":{"rendered":"<p>&#8220;Az\u0259rbaycan Prezidenti \u0130lham \u018fliyevin imzalad\u0131\u011f\u0131 yeni f\u0259rmana \u0259sas\u0259n bird\u0259f\u0259lik yard\u0131m almaq h\u00fcququ qazanan \u015f\u0259hid h\u0259rbi qulluq\u00e7ular\u0131n v\u0259r\u0259s\u0259l\u0259ri art\u0131q elektron sistem\u0259 m\u00fcraci\u0259t ed\u0259 bil\u0259rl\u0259r&#8221;. ARANTV.AZ\u00a0 x\u0259b\u0259r verir ki, bunu \u0259m\u0259k v\u0259 \u0259halinin sosial m\u00fcdafi\u0259si naziri Sahil Babayev deyib. O bildirib ki, f\u0259rmana \u0259sas\u0259n 2264 h\u0259rbi qulluq\u00e7unun adlar\u0131 art\u0131q elektron sistemd\u0259 \u00f6z \u0259ksini tap\u0131b: &#8220;461 \u015f\u0259hid polisimizin v\u0259r\u0259s\u0259l\u0259ri il\u0259 ba\u011fl\u0131 i\u015fl\u0259ri is\u0259 \u00e7ox q\u0131sa bir m\u00fcdd\u0259td\u0259, y\u0259ni bir h\u0259ft\u0259 \u0259razind\u0259 yekunla\u015fd\u0131raca\u011f\u0131q v\u0259 bir h\u0259ft\u0259d\u0259n sonra onlar da elektron sistem\u0259 m\u00fcraci\u0259t ed\u0259 bil\u0259c\u0259kl\u0259r&#8221;. S.Babayevin s\u00f6zl\u0259rin\u0259 g\u00f6r\u0259, 2019-cu ilin sonuna q\u0259d\u0259r h\u0259r iki f\u0259rman\u0131n&hellip;<\/p>\n","protected":false},"author":2,"featured_media":35542,"comment_status":"closed","ping_status":"closed","sticky":false,"template":"","format":"standard","meta":{"om_disable_all_campaigns":false,"_monsterinsights_skip_tracking":false,"_monsterinsights_sitenote_active":false,"_monsterinsights_sitenote_note":"","_monsterinsights_sitenote_category":0},"categories":[1],"tags":[],"aioseo_notices":[],"gutentor_comment":0,"rttpg_featured_image_url":{"full":["https:\/\/arantv.az\/wp-content\/uploads\/2019\/01\/sahil-1.jpg",620,375,false],"landscape":["https:\/\/arantv.az\/wp-content\/uploads\/2019\/01\/sahil-1.jpg",620,375,false],"portraits":["https:\/\/arantv.az\/wp-content\/uploads\/2019\/01\/sahil-1.jpg",620,375,false],"thumbnail":["https:\/\/arantv.az\/wp-content\/uploads\/2019\/01\/sahil-1-150x150.jpg",150,150,true],"medium":["https:\/\/arantv.az\/wp-content\/uploads\/2019\/01\/sahil-1-300x181.jpg",300,181,true],"large":["https:\/\/arantv.az\/wp-content\/uploads\/2019\/01\/sahil-1.jpg",620,375,false],"1536x1536":["https:\/\/arantv.az\/wp-content\/uploads\/2019\/01\/sahil-1.jpg",620,375,false],"2048x2048":["https:\/\/arantv.az\/wp-content\/uploads\/2019\/01\/sahil-1.jpg",620,375,false],"post-thumbnail":["https:\/\/arantv.az\/wp-content\/uploads\/2019\/01\/sahil-1-240x172.jpg",240,172,true],"advps-thumb-one":["https:\/\/arantv.az\/wp-content\/uploads\/2019\/01\/sahil-1.jpg",620,375,false]},"rttpg_author":{"display_name":"V\u00fcsal Rafiqo\u011flu","author_link":"https:\/\/arantv.az\/?author=2"},"rttpg_comment":0,"rttpg_category":"<a href=\"https:\/\/arantv.az\/?cat=1\" rel=\"category\">C\u0259miyy\u0259t<\/a>","rttpg_excerpt":"&#8220;Az\u0259rbaycan Prezidenti \u0130lham \u018fliyevin imzalad\u0131\u011f\u0131 yeni f\u0259rmana \u0259sas\u0259n bird\u0259f\u0259lik yard\u0131m almaq h\u00fcququ qazanan \u015f\u0259hid h\u0259rbi qulluq\u00e7ular\u0131n v\u0259r\u0259s\u0259l\u0259ri art\u0131q elektron sistem\u0259 m\u00fcraci\u0259t ed\u0259 bil\u0259rl\u0259r&#8221;. ARANTV.AZ\u00a0 x\u0259b\u0259r verir ki, bunu \u0259m\u0259k v\u0259 \u0259halinin sosial m\u00fcdafi\u0259si naziri Sahil Babayev deyib. O bildirib ki, f\u0259rmana \u0259sas\u0259n 2264 h\u0259rbi qulluq\u00e7unun adlar\u0131 art\u0131q elektron sistemd\u0259 \u00f6z \u0259ksini tap\u0131b: &#8220;461 \u015f\u0259hid polisimizin&hellip;","_links":{"self":[{"href":"https:\/\/arantv.az\/index.php?rest_route=\/wp\/v2\/posts\/35541"}],"collection":[{"href":"https:\/\/arantv.az\/index.php?rest_route=\/wp\/v2\/posts"}],"about":[{"href":"https:\/\/arantv.az\/index.php?rest_route=\/wp\/v2\/types\/post"}],"author":[{"embeddable":true,"href":"https:\/\/arantv.az\/index.php?rest_route=\/wp\/v2\/users\/2"}],"replies":[{"embeddable":true,"href":"https:\/\/arantv.az\/index.php?rest_route=%2Fwp%2Fv2%2Fcomments&post=35541"}],"version-history":[{"count":0,"href":"https:\/\/arantv.az\/index.php?rest_route=\/wp\/v2\/posts\/35541\/revisions"}],"wp:featuredmedia":[{"embeddable":true,"href":"https:\/\/arantv.az\/index.php?rest_route=\/wp\/v2\/media\/35542"}],"wp:attachment":[{"href":"https:\/\/arantv.az\/index.php?rest_route=%2Fwp%2Fv2%2Fmedia&parent=35541"}],"wp:term":[{"taxonomy":"category","embeddable":true,"href":"https:\/\/arantv.az\/index.php?rest_route=%2Fwp%2Fv2%2Fcategories&post=35541"},{"taxonomy":"post_tag","embeddable":true,"href":"https:\/\/arantv.az\/index.php?rest_route=%2Fwp%2Fv2%2Ftags&post=35541"}],"curies":[{"name":"wp","href":"https:\/\/api.w.org\/{rel}","templated":true}]}}