{"id":35553,"date":"2019-01-29T10:28:14","date_gmt":"2019-01-29T07:28:14","guid":{"rendered":"http:\/\/arantv.az\/?p=35553"},"modified":"2019-01-29T10:28:14","modified_gmt":"2019-01-29T07:28:14","slug":"yanvarin-31-d%c9%99-bakida-az%c9%99rbaycan-almaniya-yuks%c9%99k-s%c9%99viyy%c9%99li-isci-qrupunun-8-ci-iclasi-keciril%c9%99c%c9%99k","status":"publish","type":"post","link":"https:\/\/arantv.az\/?p=35553","title":{"rendered":"Yanvar\u0131n 31-d\u0259 Bak\u0131da Az\u0259rbaycan-Almaniya y\u00fcks\u0259k s\u0259viyy\u0259li \u0130\u015f\u00e7i Qrupunun 8-ci iclas\u0131 ke\u00e7iril\u0259c\u0259k"},"content":{"rendered":"<p><strong>ARANTV.AZ<\/strong> x\u0259b\u0259r verir ki, yanvar\u0131n 31-d\u0259 Bak\u0131da Az\u0259rbaycan-Almaniya y\u00fcks\u0259k s\u0259viyy\u0259li \u0130\u015f\u00e7i Qrupunun 8-ci iclas\u0131 ke\u00e7iril\u0259c\u0259k. \u0130qtisadiyyat Nazirliyinin m\u0259tbuat xidm\u0259tind\u0259n veril\u0259n m\u0259lumata g\u00f6r\u0259, iclasda Az\u0259rbaycan v\u0259 Almaniya aras\u0131nda iqtisadi-ticar\u0259t \u0259laq\u0259l\u0259rinin m\u00f6vcud v\u0259ziyy\u0259ti, \u0130\u015f\u00e7i Qrupunun 7-ci iclas\u0131ndan \u00f6t\u0259n d\u00f6vrd\u0259 g\u00f6r\u00fcl\u0259n i\u015fl\u0259r, qar\u015f\u0131dak\u0131 d\u00f6vr \u00fc\u00e7\u00fcn iqtisadi sah\u0259d\u0259 \u0259m\u0259kda\u015fl\u0131\u011f\u0131n geni\u015fl\u0259ndirilm\u0259si v\u0259 dig\u0259r m\u0259s\u0259l\u0259l\u0259r m\u00fczakir\u0259 olunacaq. \u0130\u015f\u00e7i Qrupunun iclaslar\u0131 n\u00f6vb\u0259lilik prinsipi il\u0259 h\u0259r iki \u00f6lk\u0259d\u0259 t\u0259\u015fkil edilir, sonuncu &#8211; 7-ci iclas 2017-ci ilin noyabr\u0131nda Berlind\u0259 ke\u00e7irilib.<\/p>\n","protected":false},"excerpt":{"rendered":"<p>ARANTV.AZ x\u0259b\u0259r verir ki, yanvar\u0131n 31-d\u0259 Bak\u0131da Az\u0259rbaycan-Almaniya y\u00fcks\u0259k s\u0259viyy\u0259li \u0130\u015f\u00e7i Qrupunun 8-ci iclas\u0131 ke\u00e7iril\u0259c\u0259k. \u0130qtisadiyyat Nazirliyinin m\u0259tbuat xidm\u0259tind\u0259n veril\u0259n m\u0259lumata g\u00f6r\u0259, iclasda Az\u0259rbaycan v\u0259 Almaniya aras\u0131nda iqtisadi-ticar\u0259t \u0259laq\u0259l\u0259rinin m\u00f6vcud v\u0259ziyy\u0259ti, \u0130\u015f\u00e7i Qrupunun 7-ci iclas\u0131ndan \u00f6t\u0259n d\u00f6vrd\u0259 g\u00f6r\u00fcl\u0259n i\u015fl\u0259r, qar\u015f\u0131dak\u0131 d\u00f6vr \u00fc\u00e7\u00fcn iqtisadi sah\u0259d\u0259 \u0259m\u0259kda\u015fl\u0131\u011f\u0131n geni\u015fl\u0259ndirilm\u0259si v\u0259 dig\u0259r m\u0259s\u0259l\u0259l\u0259r m\u00fczakir\u0259 olunacaq. \u0130\u015f\u00e7i Qrupunun iclaslar\u0131 n\u00f6vb\u0259lilik prinsipi il\u0259 h\u0259r iki \u00f6lk\u0259d\u0259 t\u0259\u015fkil edilir, sonuncu &#8211; 7-ci iclas 2017-ci ilin noyabr\u0131nda Berlind\u0259 ke\u00e7irilib.<\/p>\n","protected":false},"author":2,"featured_media":35554,"comment_status":"closed","ping_status":"closed","sticky":false,"template":"","format":"standard","meta":{"om_disable_all_campaigns":false,"_monsterinsights_skip_tracking":false,"_monsterinsights_sitenote_active":false,"_monsterinsights_sitenote_note":"","_monsterinsights_sitenote_category":0},"categories":[19],"tags":[],"aioseo_notices":[],"gutentor_comment":0,"rttpg_featured_image_url":{"full":["https:\/\/arantv.az\/wp-content\/uploads\/2019\/01\/cpb6ghrhrl325jk8775em1pdf6az.jpg",700,400,false],"landscape":["https:\/\/arantv.az\/wp-content\/uploads\/2019\/01\/cpb6ghrhrl325jk8775em1pdf6az.jpg",700,400,false],"portraits":["https:\/\/arantv.az\/wp-content\/uploads\/2019\/01\/cpb6ghrhrl325jk8775em1pdf6az.jpg",700,400,false],"thumbnail":["https:\/\/arantv.az\/wp-content\/uploads\/2019\/01\/cpb6ghrhrl325jk8775em1pdf6az-150x150.jpg",150,150,true],"medium":["https:\/\/arantv.az\/wp-content\/uploads\/2019\/01\/cpb6ghrhrl325jk8775em1pdf6az-300x171.jpg",300,171,true],"large":["https:\/\/arantv.az\/wp-content\/uploads\/2019\/01\/cpb6ghrhrl325jk8775em1pdf6az.jpg",640,366,false],"1536x1536":["https:\/\/arantv.az\/wp-content\/uploads\/2019\/01\/cpb6ghrhrl325jk8775em1pdf6az.jpg",700,400,false],"2048x2048":["https:\/\/arantv.az\/wp-content\/uploads\/2019\/01\/cpb6ghrhrl325jk8775em1pdf6az.jpg",700,400,false],"post-thumbnail":["https:\/\/arantv.az\/wp-content\/uploads\/2019\/01\/cpb6ghrhrl325jk8775em1pdf6az-240x172.jpg",240,172,true],"advps-thumb-one":["https:\/\/arantv.az\/wp-content\/uploads\/2019\/01\/cpb6ghrhrl325jk8775em1pdf6az.jpg",700,400,false]},"rttpg_author":{"display_name":"V\u00fcsal Rafiqo\u011flu","author_link":"https:\/\/arantv.az\/?author=2"},"rttpg_comment":0,"rttpg_category":"<a href=\"https:\/\/arantv.az\/?cat=19\" rel=\"category\">G\u00fcnd\u0259m<\/a>","rttpg_excerpt":"ARANTV.AZ x\u0259b\u0259r verir ki, yanvar\u0131n 31-d\u0259 Bak\u0131da Az\u0259rbaycan-Almaniya y\u00fcks\u0259k s\u0259viyy\u0259li \u0130\u015f\u00e7i Qrupunun 8-ci iclas\u0131 ke\u00e7iril\u0259c\u0259k. \u0130qtisadiyyat Nazirliyinin m\u0259tbuat xidm\u0259tind\u0259n veril\u0259n m\u0259lumata g\u00f6r\u0259, iclasda Az\u0259rbaycan v\u0259 Almaniya aras\u0131nda iqtisadi-ticar\u0259t \u0259laq\u0259l\u0259rinin m\u00f6vcud v\u0259ziyy\u0259ti, \u0130\u015f\u00e7i Qrupunun 7-ci iclas\u0131ndan \u00f6t\u0259n d\u00f6vrd\u0259 g\u00f6r\u00fcl\u0259n i\u015fl\u0259r, qar\u015f\u0131dak\u0131 d\u00f6vr \u00fc\u00e7\u00fcn iqtisadi sah\u0259d\u0259 \u0259m\u0259kda\u015fl\u0131\u011f\u0131n geni\u015fl\u0259ndirilm\u0259si v\u0259 dig\u0259r m\u0259s\u0259l\u0259l\u0259r m\u00fczakir\u0259 olunacaq. \u0130\u015f\u00e7i Qrupunun iclaslar\u0131 n\u00f6vb\u0259lilik&hellip;","_links":{"self":[{"href":"https:\/\/arantv.az\/index.php?rest_route=\/wp\/v2\/posts\/35553"}],"collection":[{"href":"https:\/\/arantv.az\/index.php?rest_route=\/wp\/v2\/posts"}],"about":[{"href":"https:\/\/arantv.az\/index.php?rest_route=\/wp\/v2\/types\/post"}],"author":[{"embeddable":true,"href":"https:\/\/arantv.az\/index.php?rest_route=\/wp\/v2\/users\/2"}],"replies":[{"embeddable":true,"href":"https:\/\/arantv.az\/index.php?rest_route=%2Fwp%2Fv2%2Fcomments&post=35553"}],"version-history":[{"count":0,"href":"https:\/\/arantv.az\/index.php?rest_route=\/wp\/v2\/posts\/35553\/revisions"}],"wp:featuredmedia":[{"embeddable":true,"href":"https:\/\/arantv.az\/index.php?rest_route=\/wp\/v2\/media\/35554"}],"wp:attachment":[{"href":"https:\/\/arantv.az\/index.php?rest_route=%2Fwp%2Fv2%2Fmedia&parent=35553"}],"wp:term":[{"taxonomy":"category","embeddable":true,"href":"https:\/\/arantv.az\/index.php?rest_route=%2Fwp%2Fv2%2Fcategories&post=35553"},{"taxonomy":"post_tag","embeddable":true,"href":"https:\/\/arantv.az\/index.php?rest_route=%2Fwp%2Fv2%2Ftags&post=35553"}],"curies":[{"name":"wp","href":"https:\/\/api.w.org\/{rel}","templated":true}]}}