{"id":35560,"date":"2019-01-29T10:34:42","date_gmt":"2019-01-29T07:34:42","guid":{"rendered":"http:\/\/arantv.az\/?p=35560"},"modified":"2019-01-29T10:34:42","modified_gmt":"2019-01-29T07:34:42","slug":"prezident-ilham-%c9%99liyev-regionlarin-2014-2018-ci-ill%c9%99rd%c9%99-sosial-iqtisadi-inkisafi-dovl%c9%99t-proqraminin-icrasinin-yekunlarina-h%c9%99sr-olunan-konfransda-istirak-edir-foto","status":"publish","type":"post","link":"https:\/\/arantv.az\/?p=35560","title":{"rendered":"Prezident \u0130lham \u018fliyev &#8220;Regionlar\u0131n 2014-2018-ci ill\u0259rd\u0259 sosial-iqtisadi inki\u015faf\u0131 D\u00f6vl\u0259t Proqram\u0131&#8221;n\u0131n icras\u0131n\u0131n yekunlar\u0131na h\u0259sr olunan konfransda i\u015ftirak edir &#8211; FOTO"},"content":{"rendered":"<p>Yanvar\u0131n 29-da &#8220;Az\u0259rbaycan Respublikas\u0131 regionlar\u0131n\u0131n 2014-2018-ci ill\u0259rd\u0259 sosial-iqtisadi inki\u015faf\u0131 D\u00f6vl\u0259t Proqram\u0131&#8221;n\u0131n icras\u0131n\u0131n yekunlar\u0131na h\u0259sr olunan konfrans ke\u00e7irilir.<\/p>\n<p><strong>ARANTV.AZ<\/strong> az\u0259rtac-a istinad\u0259n x\u0259b\u0259r verir ki, Az\u0259rbaycan Respublikas\u0131n\u0131n Prezidenti \u0130lham \u018fliyev konfransda i\u015ftirak edir.<\/p>\n<p><img loading=\"lazy\" class=\"alignnone size-medium wp-image-35561\" src=\"https:\/\/arantv.az\/wp-content\/uploads\/2019\/01\/725606_01-300x169.jpg\" alt=\"\" width=\"300\" height=\"169\" \/><img loading=\"lazy\" class=\"alignnone size-full wp-image-35562\" src=\"https:\/\/arantv.az\/wp-content\/uploads\/2019\/01\/725606_02.jpg\" alt=\"\" width=\"250\" height=\"161\" \/><\/p>\n","protected":false},"excerpt":{"rendered":"<p>Yanvar\u0131n 29-da &#8220;Az\u0259rbaycan Respublikas\u0131 regionlar\u0131n\u0131n 2014-2018-ci ill\u0259rd\u0259 sosial-iqtisadi inki\u015faf\u0131 D\u00f6vl\u0259t Proqram\u0131&#8221;n\u0131n icras\u0131n\u0131n yekunlar\u0131na h\u0259sr olunan konfrans ke\u00e7irilir. ARANTV.AZ az\u0259rtac-a istinad\u0259n x\u0259b\u0259r verir ki, Az\u0259rbaycan Respublikas\u0131n\u0131n Prezidenti \u0130lham \u018fliyev konfransda i\u015ftirak edir.<\/p>\n","protected":false},"author":2,"featured_media":35561,"comment_status":"closed","ping_status":"closed","sticky":false,"template":"","format":"standard","meta":{"om_disable_all_campaigns":false,"_monsterinsights_skip_tracking":false,"_monsterinsights_sitenote_active":false,"_monsterinsights_sitenote_note":"","_monsterinsights_sitenote_category":0},"categories":[8],"tags":[],"aioseo_notices":[],"gutentor_comment":0,"rttpg_featured_image_url":{"full":["https:\/\/arantv.az\/wp-content\/uploads\/2019\/01\/725606_01.jpg",1000,564,false],"landscape":["https:\/\/arantv.az\/wp-content\/uploads\/2019\/01\/725606_01.jpg",1000,564,false],"portraits":["https:\/\/arantv.az\/wp-content\/uploads\/2019\/01\/725606_01.jpg",1000,564,false],"thumbnail":["https:\/\/arantv.az\/wp-content\/uploads\/2019\/01\/725606_01-150x150.jpg",150,150,true],"medium":["https:\/\/arantv.az\/wp-content\/uploads\/2019\/01\/725606_01-300x169.jpg",300,169,true],"large":["https:\/\/arantv.az\/wp-content\/uploads\/2019\/01\/725606_01.jpg",640,361,false],"1536x1536":["https:\/\/arantv.az\/wp-content\/uploads\/2019\/01\/725606_01.jpg",1000,564,false],"2048x2048":["https:\/\/arantv.az\/wp-content\/uploads\/2019\/01\/725606_01.jpg",1000,564,false],"post-thumbnail":["https:\/\/arantv.az\/wp-content\/uploads\/2019\/01\/725606_01-240x172.jpg",240,172,true],"advps-thumb-one":["https:\/\/arantv.az\/wp-content\/uploads\/2019\/01\/725606_01.jpg",1000,564,false]},"rttpg_author":{"display_name":"V\u00fcsal Rafiqo\u011flu","author_link":"https:\/\/arantv.az\/?author=2"},"rttpg_comment":0,"rttpg_category":"<a href=\"https:\/\/arantv.az\/?cat=8\" rel=\"category\">\u018fsas s\u0259hif\u0259<\/a>","rttpg_excerpt":"Yanvar\u0131n 29-da &#8220;Az\u0259rbaycan Respublikas\u0131 regionlar\u0131n\u0131n 2014-2018-ci ill\u0259rd\u0259 sosial-iqtisadi inki\u015faf\u0131 D\u00f6vl\u0259t Proqram\u0131&#8221;n\u0131n icras\u0131n\u0131n yekunlar\u0131na h\u0259sr olunan konfrans ke\u00e7irilir. ARANTV.AZ az\u0259rtac-a istinad\u0259n x\u0259b\u0259r verir ki, Az\u0259rbaycan Respublikas\u0131n\u0131n Prezidenti \u0130lham \u018fliyev konfransda i\u015ftirak edir.","_links":{"self":[{"href":"https:\/\/arantv.az\/index.php?rest_route=\/wp\/v2\/posts\/35560"}],"collection":[{"href":"https:\/\/arantv.az\/index.php?rest_route=\/wp\/v2\/posts"}],"about":[{"href":"https:\/\/arantv.az\/index.php?rest_route=\/wp\/v2\/types\/post"}],"author":[{"embeddable":true,"href":"https:\/\/arantv.az\/index.php?rest_route=\/wp\/v2\/users\/2"}],"replies":[{"embeddable":true,"href":"https:\/\/arantv.az\/index.php?rest_route=%2Fwp%2Fv2%2Fcomments&post=35560"}],"version-history":[{"count":0,"href":"https:\/\/arantv.az\/index.php?rest_route=\/wp\/v2\/posts\/35560\/revisions"}],"wp:featuredmedia":[{"embeddable":true,"href":"https:\/\/arantv.az\/index.php?rest_route=\/wp\/v2\/media\/35561"}],"wp:attachment":[{"href":"https:\/\/arantv.az\/index.php?rest_route=%2Fwp%2Fv2%2Fmedia&parent=35560"}],"wp:term":[{"taxonomy":"category","embeddable":true,"href":"https:\/\/arantv.az\/index.php?rest_route=%2Fwp%2Fv2%2Fcategories&post=35560"},{"taxonomy":"post_tag","embeddable":true,"href":"https:\/\/arantv.az\/index.php?rest_route=%2Fwp%2Fv2%2Ftags&post=35560"}],"curies":[{"name":"wp","href":"https:\/\/api.w.org\/{rel}","templated":true}]}}