{"id":35567,"date":"2019-01-29T10:38:04","date_gmt":"2019-01-29T07:38:04","guid":{"rendered":"http:\/\/arantv.az\/?p=35567"},"modified":"2019-01-29T10:38:04","modified_gmt":"2019-01-29T07:38:04","slug":"s%c9%99hid-ail%c9%99sinin-uzvu-h%c9%99r-zaman-prezident-ilham-%c9%99liyevin-diqq%c9%99t-v%c9%99-qaygisini-hiss-edirik","status":"publish","type":"post","link":"https:\/\/arantv.az\/?p=35567","title":{"rendered":"\u015e\u0259hid ail\u0259sinin \u00fczv\u00fc: &#8220;H\u0259r zaman Prezident \u0130lham \u018fliyevin diqq\u0259t v\u0259 qay\u011f\u0131s\u0131n\u0131 hiss edirik&#8221;"},"content":{"rendered":"<blockquote><p><em><strong>Prezident \u0130lham \u018fliyev \u015f\u0259hid ail\u0259l\u0259rin\u0259 daim diqq\u0259t v\u0259 qay\u011f\u0131 g\u00f6st\u0259rir v\u0259 biz d\u0259 \u015f\u0259hid ail\u0259si olaraq bu diqq\u0259t v\u0259 qay\u011f\u0131n\u0131 h\u0259r zaman hiss edirik.<\/strong><\/em><\/p><\/blockquote>\n<p><strong>ARANTV.AZ<\/strong> x\u0259b\u0259r verir ki, bunu trend-\u0259 \u015f\u0259hid ail\u0259sinin \u00fczv\u00fc Muxtar Q\u0259hr\u0259manov bildirib.<\/p>\n<p>M.Q\u0259hr\u0259manov bildirib ki, \u015f\u0259hid ail\u0259l\u0259ri \u00fc\u00e7\u00fcn g\u00fcz\u0259\u015ftl\u0259r t\u0259tbiq olunur, onlara m\u00fcavin\u0259tl\u0259r verilir, m\u0259nzill\u0259r t\u0259qdim olunur:<\/p>\n<div id=\"AdributorNativeVideo0\" class=\"AdributorNativeVideo\"><\/div>\n<p>&#8220;Biz\u0259 g\u00f6st\u0259ril\u0259n diqq\u0259t v\u0259 qay\u011f\u0131ya g\u00f6r\u0259 Prezidentimiz \u0130lham \u018fliyev\u0259 ail\u0259miz ad\u0131ndan t\u0259\u015f\u0259kk\u00fcr\u00fcm\u00fc bildirir\u0259m. Prezident Saray\u0131nda d\u00f6vl\u0259timizin ba\u015f\u00e7\u0131s\u0131n\u0131n \u015f\u0259hid ail\u0259l\u0259ri il\u0259 g\u00f6r\u00fc\u015f\u00fcnd\u0259 m\u0259n d\u0259 i\u015ftirak edirdim v\u0259 bir daha \u015f\u0259hid ail\u0259l\u0259rin\u0259 g\u00f6st\u0259ril\u0259n qay\u011f\u0131n\u0131n \u015fahidi oldum. Biz \u015f\u0259hid ail\u0259si olaraq h\u0259r zaman Prezidentimizin diqq\u0259tini hiss edirik&#8221;.<\/p>\n<p>Qeyd ed\u0259k ki, \u015f\u0259hid ail\u0259l\u0259rin\u0259 diqq\u0259t v\u0259 qay\u011f\u0131 Prezident \u0130lham \u018fliyevin h\u0259yata ke\u00e7irdiyi siyasi kursun m\u00fch\u00fcm istiqam\u0259tl\u0259rind\u0259n biridir. \u0130ndiy\u0259 q\u0259d\u0259r bu kateqoriyadan olan v\u0259t\u0259nda\u015flara 6654 m\u0259nzil, 6144 avtomobil, \u00f6t\u0259n il is\u0259 626 m\u0259nzil verilib. Bu il h\u0259min v\u0259t\u0259nda\u015flara az\u0131 800 m\u0259nzilin t\u0259qdim olunmas\u0131 n\u0259z\u0259rd\u0259 tutulur. \u015e\u0259hid ail\u0259l\u0259rin\u0259 v\u0259 m\u00fcharib\u0259 \u0259lill\u0259rin\u0259, Milli q\u0259hr\u0259manlara veril\u0259n Prezident t\u0259qa\u00fcd\u00fcn\u00fcn d\u0259 m\u0259bl\u0259\u011fi \u00f6t\u0259n d\u00f6vrd\u0259 m\u00fct\u0259madi art\u0131r\u0131l\u0131b, bu q\u0259bild\u0259n olan insanlar\u0131n u\u015faqlar\u0131na ayl\u0131q sosial m\u00fcavin\u0259tin verilm\u0259si t\u0259min olunub. Bununla da \u015f\u0259hid ail\u0259l\u0259rinin sosial m\u00fcdafi\u0259si ild\u0259n-il\u0259 yax\u015f\u0131la\u015f\u0131b, d\u00f6vl\u0259timizin ba\u015f\u00e7\u0131s\u0131n\u0131n bu sah\u0259d\u0259 h\u0259yata ke\u00e7irdiyi t\u0259dbirl\u0259r ictimaiyy\u0259t t\u0259r\u0259find\u0259n h\u0259r zaman b\u00f6y\u00fck r\u0259\u011fb\u0259t v\u0259 m\u0259mnunluqla qar\u015f\u0131lan\u0131b. 2018-ci ild\u0259 ke\u00e7iril\u0259n prezident se\u00e7kil\u0259rind\u0259ki q\u0259l\u0259b\u0259sind\u0259n sonra Prezident \u0130lham \u018fliyevin imzalad\u0131\u011f\u0131 ilk F\u0259rman da bu q\u0259bild\u0259ndir. \u015e\u0259hid ail\u0259l\u0259rin\u0259 bird\u0259f\u0259lik \u00f6d\u0259m\u0259nin verilm\u0259sini n\u0259z\u0259rd\u0259 tutan bu F\u0259rman onlar\u0131n sosial m\u00fcdafi\u0259sinin yax\u015f\u0131la\u015fd\u0131r\u0131lmas\u0131 istiqam\u0259tind\u0259 \u0259n m\u00fch\u00fcm add\u0131mlardan olmaqla \u00f6lk\u0259 v\u0259t\u0259nda\u015flar\u0131n\u0131n rifah\u0131n\u0131n dir\u00e7\u0259ldilm\u0259sin\u0259 xidm\u0259t ed\u0259n \u0259n humanist add\u0131mlardan biri kimi q\u0259bul edilm\u0259lidir.<\/p>\n","protected":false},"excerpt":{"rendered":"<p>Prezident \u0130lham \u018fliyev \u015f\u0259hid ail\u0259l\u0259rin\u0259 daim diqq\u0259t v\u0259 qay\u011f\u0131 g\u00f6st\u0259rir v\u0259 biz d\u0259 \u015f\u0259hid ail\u0259si olaraq bu diqq\u0259t v\u0259 qay\u011f\u0131n\u0131 h\u0259r zaman hiss edirik. ARANTV.AZ x\u0259b\u0259r verir ki, bunu trend-\u0259 \u015f\u0259hid ail\u0259sinin \u00fczv\u00fc Muxtar Q\u0259hr\u0259manov bildirib. M.Q\u0259hr\u0259manov bildirib ki, \u015f\u0259hid ail\u0259l\u0259ri \u00fc\u00e7\u00fcn g\u00fcz\u0259\u015ftl\u0259r t\u0259tbiq olunur, onlara m\u00fcavin\u0259tl\u0259r verilir, m\u0259nzill\u0259r t\u0259qdim olunur: &#8220;Biz\u0259 g\u00f6st\u0259ril\u0259n diqq\u0259t v\u0259 qay\u011f\u0131ya g\u00f6r\u0259 Prezidentimiz \u0130lham \u018fliyev\u0259 ail\u0259miz ad\u0131ndan t\u0259\u015f\u0259kk\u00fcr\u00fcm\u00fc bildirir\u0259m. Prezident Saray\u0131nda d\u00f6vl\u0259timizin ba\u015f\u00e7\u0131s\u0131n\u0131n \u015f\u0259hid ail\u0259l\u0259ri il\u0259 g\u00f6r\u00fc\u015f\u00fcnd\u0259 m\u0259n d\u0259 i\u015ftirak edirdim v\u0259 bir daha \u015f\u0259hid ail\u0259l\u0259rin\u0259 g\u00f6st\u0259ril\u0259n qay\u011f\u0131n\u0131n \u015fahidi oldum. Biz \u015f\u0259hid ail\u0259si olaraq h\u0259r&hellip;<\/p>\n","protected":false},"author":2,"featured_media":35568,"comment_status":"closed","ping_status":"closed","sticky":false,"template":"","format":"standard","meta":{"om_disable_all_campaigns":false,"_monsterinsights_skip_tracking":false,"_monsterinsights_sitenote_active":false,"_monsterinsights_sitenote_note":"","_monsterinsights_sitenote_category":0},"categories":[8],"tags":[],"aioseo_notices":[],"gutentor_comment":0,"rttpg_featured_image_url":{"full":["https:\/\/arantv.az\/wp-content\/uploads\/2019\/01\/725602.jpg",800,600,false],"landscape":["https:\/\/arantv.az\/wp-content\/uploads\/2019\/01\/725602.jpg",800,600,false],"portraits":["https:\/\/arantv.az\/wp-content\/uploads\/2019\/01\/725602.jpg",800,600,false],"thumbnail":["https:\/\/arantv.az\/wp-content\/uploads\/2019\/01\/725602-150x150.jpg",150,150,true],"medium":["https:\/\/arantv.az\/wp-content\/uploads\/2019\/01\/725602-300x225.jpg",300,225,true],"large":["https:\/\/arantv.az\/wp-content\/uploads\/2019\/01\/725602.jpg",640,480,false],"1536x1536":["https:\/\/arantv.az\/wp-content\/uploads\/2019\/01\/725602.jpg",800,600,false],"2048x2048":["https:\/\/arantv.az\/wp-content\/uploads\/2019\/01\/725602.jpg",800,600,false],"post-thumbnail":["https:\/\/arantv.az\/wp-content\/uploads\/2019\/01\/725602-240x172.jpg",240,172,true],"advps-thumb-one":["https:\/\/arantv.az\/wp-content\/uploads\/2019\/01\/725602.jpg",800,600,false]},"rttpg_author":{"display_name":"V\u00fcsal Rafiqo\u011flu","author_link":"https:\/\/arantv.az\/?author=2"},"rttpg_comment":0,"rttpg_category":"<a href=\"https:\/\/arantv.az\/?cat=8\" rel=\"category\">\u018fsas s\u0259hif\u0259<\/a>","rttpg_excerpt":"Prezident \u0130lham \u018fliyev \u015f\u0259hid ail\u0259l\u0259rin\u0259 daim diqq\u0259t v\u0259 qay\u011f\u0131 g\u00f6st\u0259rir v\u0259 biz d\u0259 \u015f\u0259hid ail\u0259si olaraq bu diqq\u0259t v\u0259 qay\u011f\u0131n\u0131 h\u0259r zaman hiss edirik. ARANTV.AZ x\u0259b\u0259r verir ki, bunu trend-\u0259 \u015f\u0259hid ail\u0259sinin \u00fczv\u00fc Muxtar Q\u0259hr\u0259manov bildirib. M.Q\u0259hr\u0259manov bildirib ki, \u015f\u0259hid ail\u0259l\u0259ri \u00fc\u00e7\u00fcn g\u00fcz\u0259\u015ftl\u0259r t\u0259tbiq olunur, onlara m\u00fcavin\u0259tl\u0259r verilir, m\u0259nzill\u0259r t\u0259qdim olunur: &#8220;Biz\u0259 g\u00f6st\u0259ril\u0259n diqq\u0259t v\u0259&hellip;","_links":{"self":[{"href":"https:\/\/arantv.az\/index.php?rest_route=\/wp\/v2\/posts\/35567"}],"collection":[{"href":"https:\/\/arantv.az\/index.php?rest_route=\/wp\/v2\/posts"}],"about":[{"href":"https:\/\/arantv.az\/index.php?rest_route=\/wp\/v2\/types\/post"}],"author":[{"embeddable":true,"href":"https:\/\/arantv.az\/index.php?rest_route=\/wp\/v2\/users\/2"}],"replies":[{"embeddable":true,"href":"https:\/\/arantv.az\/index.php?rest_route=%2Fwp%2Fv2%2Fcomments&post=35567"}],"version-history":[{"count":0,"href":"https:\/\/arantv.az\/index.php?rest_route=\/wp\/v2\/posts\/35567\/revisions"}],"wp:featuredmedia":[{"embeddable":true,"href":"https:\/\/arantv.az\/index.php?rest_route=\/wp\/v2\/media\/35568"}],"wp:attachment":[{"href":"https:\/\/arantv.az\/index.php?rest_route=%2Fwp%2Fv2%2Fmedia&parent=35567"}],"wp:term":[{"taxonomy":"category","embeddable":true,"href":"https:\/\/arantv.az\/index.php?rest_route=%2Fwp%2Fv2%2Fcategories&post=35567"},{"taxonomy":"post_tag","embeddable":true,"href":"https:\/\/arantv.az\/index.php?rest_route=%2Fwp%2Fv2%2Ftags&post=35567"}],"curies":[{"name":"wp","href":"https:\/\/api.w.org\/{rel}","templated":true}]}}