{"id":35580,"date":"2019-01-29T10:41:36","date_gmt":"2019-01-29T07:41:36","guid":{"rendered":"http:\/\/arantv.az\/?p=35580"},"modified":"2019-01-29T10:41:36","modified_gmt":"2019-01-29T07:41:36","slug":"sahil-babayev-pensiyalardan-danisdi-ciddi-artim-olacaq","status":"publish","type":"post","link":"https:\/\/arantv.az\/?p=35580","title":{"rendered":"Sahil Babayev pensiyalardan dan\u0131\u015fd\u0131 \u2014 Ciddi art\u0131m olacaq"},"content":{"rendered":"<div class=\"spot\">&#8220;Bu g\u00fcn\u0259 q\u0259d\u0259r 1300 n\u0259f\u0259rin pensiya t\u0259yinat\u0131 tam elektronla\u015fd\u0131r\u0131l\u0131b. Cari il iyul ay\u0131n\u0131n 1-d\u0259k ki\u015fil\u0259r \u00fc\u00e7\u00fcn pensiya ya\u015f\u0131 64, xan\u0131mlar \u00fc\u00e7\u00fcn 61-dir. Pensiya ya\u015f\u0131 tamam olan kimi v\u0259t\u0259nda\u015fa elektron m\u0259lumat g\u00f6nd\u0259rilir v\u0259 n\u0259 q\u0259d\u0259r pensiya alaca\u011f\u0131 bar\u0259d\u0259 m\u0259lumat verilir. Burada v\u0259t\u0259nda\u015f\u0131n m\u00fcraci\u0259tin\u0259 ehtiyac qalm\u0131r. Qar\u015f\u0131dak\u0131 d\u00f6vrd\u0259 say\u0131n artaca\u011f\u0131n\u0131 g\u00f6zl\u0259yirik. Bu il pensiya ya\u015f\u0131na \u00e7atan insanlar\u0131n 70 faizi m\u0259hz bu \u015f\u0259kild\u0259 pensiya alacaq&#8221;.<\/div>\n<p><strong>ARANTV.AZ\u00a0<\/strong> x\u0259b\u0259r verir ki, bunu \u0259m\u0259k v\u0259 \u0259halinin sosial m\u00fcdafi\u0259si naziri Sahil Babayev deyib. Nazir qeyd edib ki, pensiyalar\u0131n indeksasiyas\u0131 il\u0259 ba\u011fl\u0131 b\u0259zi \u015f\u0259xsl\u0259r m\u0259tbuatda d\u00fczg\u00fcn informasiya verm\u0259dil\u0259rr:<\/p>\n<p>&#8220;\u0130ndeksasiya orta ayl\u0131q \u0259m\u0259k haqq\u0131n\u0131n art\u0131m\u0131na uy\u011funa apar\u0131l\u0131r, inflyasiyaya uy\u011fun apar\u0131lm\u0131r. Bizim ehtimal\u0131m\u0131z 5,7 faizdir. D\u00f6vl\u0259t Statistika Komit\u0259sinin m\u0259lumat\u0131n\u0131 g\u00f6zl\u0259yirik. Bundan sonra m\u00fcvafiq t\u0259klif haz\u0131rlayar\u0131q. Fevral ay\u0131nda v\u0259t\u0259nda\u015flar h\u0259m yanvar, h\u0259m d\u0259 fevral ay\u0131n\u0131n art\u0131m\u0131n\u0131 alacaqlar&#8221;,<\/p>\n<p>S,Babayevin s\u00f6zl\u0259rin\u0259 g\u00f6r\u0259, pensiya sistemind\u0259 sosial \u0259dal\u0259t prinsipinin g\u00fccl\u0259ndirilm\u0259sin\u0259 dair ara\u015fd\u0131rmalar davam edir: &#8220;T\u0259klifl\u0259r haz\u0131rlan\u0131r. Bunlar\u0131n s\u0131ras\u0131nda minumum pensiyan\u0131n ehtiyac meyar\u0131na q\u0259d\u0259r qald\u0131r\u0131lmas\u0131 m\u0259s\u0259l\u0259si var. 100 min\u0259 yax\u0131n v\u0259t\u0259nda\u015f\u0131n pensiyas\u0131nda ciddi art\u0131m ba\u015f ver\u0259c\u0259k. \u00d6lk\u0259 \u00fczr\u0259 orta pensiyan\u0131n h\u0259cminin orta ayl\u0131q \u0259m\u0259k haqq\u0131n\u0131n 60-70-80 faiz\u0259 yax\u0131nla\u015fd\u0131r\u0131lmas\u0131na dair uzunm\u00fcdd\u0259tli proqramlar haz\u0131rlan\u0131r&#8221;.<\/p>\n<p><em>\u00d6lk\u0259.Az<\/em><\/p>\n","protected":false},"excerpt":{"rendered":"<p>&#8220;Bu g\u00fcn\u0259 q\u0259d\u0259r 1300 n\u0259f\u0259rin pensiya t\u0259yinat\u0131 tam elektronla\u015fd\u0131r\u0131l\u0131b. Cari il iyul ay\u0131n\u0131n 1-d\u0259k ki\u015fil\u0259r \u00fc\u00e7\u00fcn pensiya ya\u015f\u0131 64, xan\u0131mlar \u00fc\u00e7\u00fcn 61-dir. Pensiya ya\u015f\u0131 tamam olan kimi v\u0259t\u0259nda\u015fa elektron m\u0259lumat g\u00f6nd\u0259rilir v\u0259 n\u0259 q\u0259d\u0259r pensiya alaca\u011f\u0131 bar\u0259d\u0259 m\u0259lumat verilir. Burada v\u0259t\u0259nda\u015f\u0131n m\u00fcraci\u0259tin\u0259 ehtiyac qalm\u0131r. Qar\u015f\u0131dak\u0131 d\u00f6vrd\u0259 say\u0131n artaca\u011f\u0131n\u0131 g\u00f6zl\u0259yirik. Bu il pensiya ya\u015f\u0131na \u00e7atan insanlar\u0131n 70 faizi m\u0259hz bu \u015f\u0259kild\u0259 pensiya alacaq&#8221;. ARANTV.AZ\u00a0 x\u0259b\u0259r verir ki, bunu \u0259m\u0259k v\u0259 \u0259halinin sosial m\u00fcdafi\u0259si naziri Sahil Babayev deyib. Nazir qeyd edib ki, pensiyalar\u0131n indeksasiyas\u0131 il\u0259 ba\u011fl\u0131 b\u0259zi \u015f\u0259xsl\u0259r m\u0259tbuatda d\u00fczg\u00fcn informasiya verm\u0259dil\u0259rr:&hellip;<\/p>\n","protected":false},"author":2,"featured_media":35581,"comment_status":"closed","ping_status":"closed","sticky":false,"template":"","format":"standard","meta":{"om_disable_all_campaigns":false,"_monsterinsights_skip_tracking":false,"_monsterinsights_sitenote_active":false,"_monsterinsights_sitenote_note":"","_monsterinsights_sitenote_category":0},"categories":[1],"tags":[],"aioseo_notices":[],"gutentor_comment":0,"rttpg_featured_image_url":{"full":["https:\/\/arantv.az\/wp-content\/uploads\/2019\/01\/sahilnaazir.jpg",620,375,false],"landscape":["https:\/\/arantv.az\/wp-content\/uploads\/2019\/01\/sahilnaazir.jpg",620,375,false],"portraits":["https:\/\/arantv.az\/wp-content\/uploads\/2019\/01\/sahilnaazir.jpg",620,375,false],"thumbnail":["https:\/\/arantv.az\/wp-content\/uploads\/2019\/01\/sahilnaazir-150x150.jpg",150,150,true],"medium":["https:\/\/arantv.az\/wp-content\/uploads\/2019\/01\/sahilnaazir-300x181.jpg",300,181,true],"large":["https:\/\/arantv.az\/wp-content\/uploads\/2019\/01\/sahilnaazir.jpg",620,375,false],"1536x1536":["https:\/\/arantv.az\/wp-content\/uploads\/2019\/01\/sahilnaazir.jpg",620,375,false],"2048x2048":["https:\/\/arantv.az\/wp-content\/uploads\/2019\/01\/sahilnaazir.jpg",620,375,false],"post-thumbnail":["https:\/\/arantv.az\/wp-content\/uploads\/2019\/01\/sahilnaazir-240x172.jpg",240,172,true],"advps-thumb-one":["https:\/\/arantv.az\/wp-content\/uploads\/2019\/01\/sahilnaazir.jpg",620,375,false]},"rttpg_author":{"display_name":"V\u00fcsal Rafiqo\u011flu","author_link":"https:\/\/arantv.az\/?author=2"},"rttpg_comment":0,"rttpg_category":"<a href=\"https:\/\/arantv.az\/?cat=1\" rel=\"category\">C\u0259miyy\u0259t<\/a>","rttpg_excerpt":"&#8220;Bu g\u00fcn\u0259 q\u0259d\u0259r 1300 n\u0259f\u0259rin pensiya t\u0259yinat\u0131 tam elektronla\u015fd\u0131r\u0131l\u0131b. Cari il iyul ay\u0131n\u0131n 1-d\u0259k ki\u015fil\u0259r \u00fc\u00e7\u00fcn pensiya ya\u015f\u0131 64, xan\u0131mlar \u00fc\u00e7\u00fcn 61-dir. Pensiya ya\u015f\u0131 tamam olan kimi v\u0259t\u0259nda\u015fa elektron m\u0259lumat g\u00f6nd\u0259rilir v\u0259 n\u0259 q\u0259d\u0259r pensiya alaca\u011f\u0131 bar\u0259d\u0259 m\u0259lumat verilir. Burada v\u0259t\u0259nda\u015f\u0131n m\u00fcraci\u0259tin\u0259 ehtiyac qalm\u0131r. Qar\u015f\u0131dak\u0131 d\u00f6vrd\u0259 say\u0131n artaca\u011f\u0131n\u0131 g\u00f6zl\u0259yirik. Bu il pensiya ya\u015f\u0131na \u00e7atan insanlar\u0131n&hellip;","_links":{"self":[{"href":"https:\/\/arantv.az\/index.php?rest_route=\/wp\/v2\/posts\/35580"}],"collection":[{"href":"https:\/\/arantv.az\/index.php?rest_route=\/wp\/v2\/posts"}],"about":[{"href":"https:\/\/arantv.az\/index.php?rest_route=\/wp\/v2\/types\/post"}],"author":[{"embeddable":true,"href":"https:\/\/arantv.az\/index.php?rest_route=\/wp\/v2\/users\/2"}],"replies":[{"embeddable":true,"href":"https:\/\/arantv.az\/index.php?rest_route=%2Fwp%2Fv2%2Fcomments&post=35580"}],"version-history":[{"count":0,"href":"https:\/\/arantv.az\/index.php?rest_route=\/wp\/v2\/posts\/35580\/revisions"}],"wp:featuredmedia":[{"embeddable":true,"href":"https:\/\/arantv.az\/index.php?rest_route=\/wp\/v2\/media\/35581"}],"wp:attachment":[{"href":"https:\/\/arantv.az\/index.php?rest_route=%2Fwp%2Fv2%2Fmedia&parent=35580"}],"wp:term":[{"taxonomy":"category","embeddable":true,"href":"https:\/\/arantv.az\/index.php?rest_route=%2Fwp%2Fv2%2Fcategories&post=35580"},{"taxonomy":"post_tag","embeddable":true,"href":"https:\/\/arantv.az\/index.php?rest_route=%2Fwp%2Fv2%2Ftags&post=35580"}],"curies":[{"name":"wp","href":"https:\/\/api.w.org\/{rel}","templated":true}]}}