{"id":35583,"date":"2019-01-29T10:43:06","date_gmt":"2019-01-29T07:43:06","guid":{"rendered":"http:\/\/arantv.az\/?p=35583"},"modified":"2019-01-29T10:43:06","modified_gmt":"2019-01-29T07:43:06","slug":"goycayda-iki-yuk-masini-toqqusdu-biri-su-kanalina-dusdu-fotolar","status":"publish","type":"post","link":"https:\/\/arantv.az\/?p=35583","title":{"rendered":"G\u00f6y\u00e7ayda iki y\u00fck ma\u015f\u0131n\u0131 toqqu\u015fdu \u2014 Biri su kanal\u0131na d\u00fc\u015fd\u00fc (FOTOLAR)"},"content":{"rendered":"<div class=\"spot\">G\u00f6y\u00e7ay rayonu \u0259razisind\u0259 iki y\u00fck ma\u015f\u0131n\u0131 toqqu\u015fub.<\/div>\n<p><strong>ARANTV.AZ<\/strong> x\u0259b\u0259r verir ki, q\u0259za G\u00f6y\u00e7ay rayonu C\u0259yirli k\u0259ndi \u0259razisind\u0259 ba\u015f verib. Bel\u0259 ki, rayon sakini \u0130lkin \u018fliyev idar\u0259 etdiyi \u201cZil\u201d markal\u0131 avtomobill\u0259 h\u0259r\u0259k\u0259td\u0259 olark\u0259n qar\u015f\u0131dan g\u0259l\u0259n \u201cMersedes Ateko\u201d markal\u0131 a\u011f\u0131r tonajl\u0131 y\u00fck ma\u015f\u0131n\u0131 il\u0259 toqqu\u015fub.<\/p>\n<p>N\u0259tic\u0259d\u0259 \u201cMersedes \u201c yoldan \u00e7\u0131xaraq \u015eirvan su kanal\u0131na d\u00fc\u015f\u00fcb.\u00a0 Avtomobild\u0259 olan s\u00fcr\u00fcc\u00fc v\u0259 s\u0259rni\u015finl\u0259rin h\u0259yat\u0131 risk alt\u0131nda qal\u0131b , onlar suda batmaq t\u0259hl\u00fck\u0259si il\u0259 \u00fczl\u0259\u015fibl\u0259r.<\/p>\n<div id=\"AdributorNativeVideo0\" class=\"AdributorNativeVideo\"><\/div>\n<p>D\u0259rhal hadis\u0259 yerin\u0259 g\u0259l\u0259n G\u00f6y\u00e7ay Rayon Polis \u015e\u00f6b\u0259sinin D\u00f6vl\u0259t Yol Polisi b\u00f6lm\u0259sinin v\u0259 Post Patrul Xidm\u0259tinin \u0259m\u0259kda\u015flar\u0131 onlar\u0131 xilas etm\u0259k \u00fc\u00e7\u00fcn operativ t\u0259dbirl\u0259r g\u00f6rm\u0259y\u0259 ba\u015flay\u0131blar. \u0130lk \u00f6nc\u0259 avtomobilin suda batmas\u0131n\u0131n qar\u015f\u0131s\u0131n\u0131 almaq \u00fc\u00e7\u00fcn x\u00fcsusi qo\u015fqu vasit\u0259sil\u0259 onu b\u0259rkidib, daha sonra t\u0259hl\u00fck\u0259li d\u0259 olsa su kanal\u0131na enibl\u0259r. K\u00f6m\u0259ksiz v\u0259ziyy\u0259td\u0259 qalan s\u00fcr\u00fcc\u00fc v\u0259 s\u0259rni\u015finl\u0259ri \u00e7\u0259tinlikl\u0259 d\u0259 olsa oradan \u00e7\u0131xarma\u011fa nail olublar. M\u00fcxt\u0259lif d\u0259r\u0259c\u0259li b\u0259d\u0259n x\u0259sar\u0259tl\u0259ri alan yaral\u0131lar x\u0259st\u0259xanaya \u00e7atd\u0131r\u0131l\u0131blar. Faktla ba\u011fl\u0131 ara\u015fd\u0131rma apar\u0131l\u0131r.<\/p>\n<p><em><br \/>\n\u00d6lk\u0259.Az<\/em><\/p>\n<div class=\"carousel initialized\" data-namespace=\"DIVcarousel0\"><a class=\"carousel-item active\" href=\"http:\/\/olke.az\/news\/detail\/goycayda-iki-yuk-masini-toqqusdu-biri-su-kanalina-dusdu-fotolar-148209#!\"><img src=\"http:\/\/olke.az\/uploads\/1548745900\/qez3.jpg\" alt=\"\" width=\"100%\" data-desc=\"\" data-author=\"olke.az\" \/><\/a><a class=\"carousel-item\" href=\"http:\/\/olke.az\/news\/detail\/goycayda-iki-yuk-masini-toqqusdu-biri-su-kanalina-dusdu-fotolar-148209#!\"><img src=\"http:\/\/olke.az\/uploads\/1548745900\/qez2.jpg\" alt=\"\" width=\"100%\" data-desc=\"\" data-author=\"olke.az\" \/><\/a><a class=\"carousel-item\" href=\"http:\/\/olke.az\/news\/detail\/goycayda-iki-yuk-masini-toqqusdu-biri-su-kanalina-dusdu-fotolar-148209#!\"><img src=\"http:\/\/olke.az\/uploads\/1548745900\/qez1.jpg\" alt=\"\" width=\"100%\" data-desc=\"\" data-author=\"olke.az\" \/><\/a><\/div>\n","protected":false},"excerpt":{"rendered":"<p>G\u00f6y\u00e7ay rayonu \u0259razisind\u0259 iki y\u00fck ma\u015f\u0131n\u0131 toqqu\u015fub. ARANTV.AZ x\u0259b\u0259r verir ki, q\u0259za G\u00f6y\u00e7ay rayonu C\u0259yirli k\u0259ndi \u0259razisind\u0259 ba\u015f verib. Bel\u0259 ki, rayon sakini \u0130lkin \u018fliyev idar\u0259 etdiyi \u201cZil\u201d markal\u0131 avtomobill\u0259 h\u0259r\u0259k\u0259td\u0259 olark\u0259n qar\u015f\u0131dan g\u0259l\u0259n \u201cMersedes Ateko\u201d markal\u0131 a\u011f\u0131r tonajl\u0131 y\u00fck ma\u015f\u0131n\u0131 il\u0259 toqqu\u015fub. N\u0259tic\u0259d\u0259 \u201cMersedes \u201c yoldan \u00e7\u0131xaraq \u015eirvan su kanal\u0131na d\u00fc\u015f\u00fcb.\u00a0 Avtomobild\u0259 olan s\u00fcr\u00fcc\u00fc v\u0259 s\u0259rni\u015finl\u0259rin h\u0259yat\u0131 risk alt\u0131nda qal\u0131b , onlar suda batmaq t\u0259hl\u00fck\u0259si il\u0259 \u00fczl\u0259\u015fibl\u0259r. D\u0259rhal hadis\u0259 yerin\u0259 g\u0259l\u0259n G\u00f6y\u00e7ay Rayon Polis \u015e\u00f6b\u0259sinin D\u00f6vl\u0259t Yol Polisi b\u00f6lm\u0259sinin v\u0259 Post Patrul Xidm\u0259tinin \u0259m\u0259kda\u015flar\u0131 onlar\u0131 xilas etm\u0259k \u00fc\u00e7\u00fcn operativ&hellip;<\/p>\n","protected":false},"author":2,"featured_media":35584,"comment_status":"closed","ping_status":"closed","sticky":false,"template":"","format":"standard","meta":{"om_disable_all_campaigns":false,"_monsterinsights_skip_tracking":false,"_monsterinsights_sitenote_active":false,"_monsterinsights_sitenote_note":"","_monsterinsights_sitenote_category":0},"categories":[5],"tags":[],"aioseo_notices":[],"gutentor_comment":0,"rttpg_featured_image_url":{"full":["https:\/\/arantv.az\/wp-content\/uploads\/2019\/01\/qezayuk.jpg",620,375,false],"landscape":["https:\/\/arantv.az\/wp-content\/uploads\/2019\/01\/qezayuk.jpg",620,375,false],"portraits":["https:\/\/arantv.az\/wp-content\/uploads\/2019\/01\/qezayuk.jpg",620,375,false],"thumbnail":["https:\/\/arantv.az\/wp-content\/uploads\/2019\/01\/qezayuk-150x150.jpg",150,150,true],"medium":["https:\/\/arantv.az\/wp-content\/uploads\/2019\/01\/qezayuk-300x181.jpg",300,181,true],"large":["https:\/\/arantv.az\/wp-content\/uploads\/2019\/01\/qezayuk.jpg",620,375,false],"1536x1536":["https:\/\/arantv.az\/wp-content\/uploads\/2019\/01\/qezayuk.jpg",620,375,false],"2048x2048":["https:\/\/arantv.az\/wp-content\/uploads\/2019\/01\/qezayuk.jpg",620,375,false],"post-thumbnail":["https:\/\/arantv.az\/wp-content\/uploads\/2019\/01\/qezayuk-240x172.jpg",240,172,true],"advps-thumb-one":["https:\/\/arantv.az\/wp-content\/uploads\/2019\/01\/qezayuk.jpg",620,375,false]},"rttpg_author":{"display_name":"V\u00fcsal Rafiqo\u011flu","author_link":"https:\/\/arantv.az\/?author=2"},"rttpg_comment":0,"rttpg_category":"<a href=\"https:\/\/arantv.az\/?cat=5\" rel=\"category\">Hadis\u0259<\/a>","rttpg_excerpt":"G\u00f6y\u00e7ay rayonu \u0259razisind\u0259 iki y\u00fck ma\u015f\u0131n\u0131 toqqu\u015fub. ARANTV.AZ x\u0259b\u0259r verir ki, q\u0259za G\u00f6y\u00e7ay rayonu C\u0259yirli k\u0259ndi \u0259razisind\u0259 ba\u015f verib. Bel\u0259 ki, rayon sakini \u0130lkin \u018fliyev idar\u0259 etdiyi \u201cZil\u201d markal\u0131 avtomobill\u0259 h\u0259r\u0259k\u0259td\u0259 olark\u0259n qar\u015f\u0131dan g\u0259l\u0259n \u201cMersedes Ateko\u201d markal\u0131 a\u011f\u0131r tonajl\u0131 y\u00fck ma\u015f\u0131n\u0131 il\u0259 toqqu\u015fub. N\u0259tic\u0259d\u0259 \u201cMersedes \u201c yoldan \u00e7\u0131xaraq \u015eirvan su kanal\u0131na d\u00fc\u015f\u00fcb.\u00a0 Avtomobild\u0259 olan s\u00fcr\u00fcc\u00fc&hellip;","_links":{"self":[{"href":"https:\/\/arantv.az\/index.php?rest_route=\/wp\/v2\/posts\/35583"}],"collection":[{"href":"https:\/\/arantv.az\/index.php?rest_route=\/wp\/v2\/posts"}],"about":[{"href":"https:\/\/arantv.az\/index.php?rest_route=\/wp\/v2\/types\/post"}],"author":[{"embeddable":true,"href":"https:\/\/arantv.az\/index.php?rest_route=\/wp\/v2\/users\/2"}],"replies":[{"embeddable":true,"href":"https:\/\/arantv.az\/index.php?rest_route=%2Fwp%2Fv2%2Fcomments&post=35583"}],"version-history":[{"count":0,"href":"https:\/\/arantv.az\/index.php?rest_route=\/wp\/v2\/posts\/35583\/revisions"}],"wp:featuredmedia":[{"embeddable":true,"href":"https:\/\/arantv.az\/index.php?rest_route=\/wp\/v2\/media\/35584"}],"wp:attachment":[{"href":"https:\/\/arantv.az\/index.php?rest_route=%2Fwp%2Fv2%2Fmedia&parent=35583"}],"wp:term":[{"taxonomy":"category","embeddable":true,"href":"https:\/\/arantv.az\/index.php?rest_route=%2Fwp%2Fv2%2Fcategories&post=35583"},{"taxonomy":"post_tag","embeddable":true,"href":"https:\/\/arantv.az\/index.php?rest_route=%2Fwp%2Fv2%2Ftags&post=35583"}],"curies":[{"name":"wp","href":"https:\/\/api.w.org\/{rel}","templated":true}]}}