{"id":35621,"date":"2019-01-29T14:21:32","date_gmt":"2019-01-29T11:21:32","guid":{"rendered":"http:\/\/arantv.az\/?p=35621"},"modified":"2019-01-29T14:21:32","modified_gmt":"2019-01-29T11:21:32","slug":"bakida-d%c9%99hs%c9%99tli-q%c9%99za-avtobus-sirk%c9%99tin-hasarina-cirpildi-foto","status":"publish","type":"post","link":"https:\/\/arantv.az\/?p=35621","title":{"rendered":"Bak\u0131da D\u018fH\u015e\u018fTL\u0130 Q\u018fZA: Avtobus \u015firk\u0259tin hasar\u0131na \u00e7\u0131rp\u0131ld\u0131 &#8211; FOTO"},"content":{"rendered":"<p>Bak\u0131da daha bir s\u0259rni\u015fin avtobusu d\u0259h\u015f\u0259tli q\u0259za t\u00f6r\u0259dib.<\/p>\n<p><b>ARANTV.AZ\u00a0<\/b>unikal.org-a istinad\u0259n x\u0259b\u0259r verir ki, paytaxt\u0131n Suraxan\u0131-Qara\u00e7uxur yolunda &#8220;Lukoil&#8221; yanacaqdoldurma m\u0259nt\u0259q\u0259sinin yax\u0131nl\u0131\u011f\u0131nda idar\u0259etm\u0259ni itir\u0259n 10-TF-979 d\u00f6vl\u0259t qeydiyyat ni\u015fanl\u0131 avtobus yoldan \u00e7\u0131xaraq &#8220;Suraxani O\u0130L&#8221;in hasar\u0131na \u00e7\u0131rp\u0131l\u0131b.<\/p>\n<div id=\"AdributorNativeVideo0\" class=\"AdributorNativeVideo\"><\/div>\n<p><ins><\/ins><\/p>\n<div id=\"beacon_778f932291\"><img loading=\"lazy\" src=\"https:\/\/ads2.newmedia.az\/www\/delivery\/lg.php?bannerid=0&amp;campaignid=0&amp;zoneid=975&amp;loc=https%3A%2F%2Fbig.az%2F342621-bakida_dehsetli_qeza_avtobus_sirketin_hasarina_cirpildi_-_foto.html&amp;referer=https%3A%2F%2Fbig.az%2F&amp;cb=778f932291\" alt=\"\" width=\"0\" height=\"0\" \/><\/div>\n<p>X\u0259sar\u0259t alanlar\u0131n oldu\u011fu bildirilir.<br \/>\n<img class=\"imgbcodecent\" src=\"https:\/\/upload.az\/foto\/arxiv\/1_71548757559.jpg\" alt=\"Bak\u0131da D\u018fH\u015e\u018fTL\u0130 Q\u018fZA: Avtobus \u015firk\u0259tin hasar\u0131na \u00e7\u0131rp\u0131ld\u0131 - FOTO\" \/><br \/>\n<img class=\"imgbcodecent\" src=\"https:\/\/upload.az\/foto\/arxiv\/2_81548757559.jpg\" alt=\"Bak\u0131da D\u018fH\u015e\u018fTL\u0130 Q\u018fZA: Avtobus \u015firk\u0259tin hasar\u0131na \u00e7\u0131rp\u0131ld\u0131 - FOTO\" \/><br \/>\n<img class=\"imgbcodecent\" src=\"https:\/\/upload.az\/foto\/arxiv\/4_41548757559.jpg\" alt=\"Bak\u0131da D\u018fH\u015e\u018fTL\u0130 Q\u018fZA: Avtobus \u015firk\u0259tin hasar\u0131na \u00e7\u0131rp\u0131ld\u0131 - FOTO\" \/><\/p>\n<p>&nbsp;<\/p>\n","protected":false},"excerpt":{"rendered":"<p>Bak\u0131da daha bir s\u0259rni\u015fin avtobusu d\u0259h\u015f\u0259tli q\u0259za t\u00f6r\u0259dib. ARANTV.AZ\u00a0unikal.org-a istinad\u0259n x\u0259b\u0259r verir ki, paytaxt\u0131n Suraxan\u0131-Qara\u00e7uxur yolunda &#8220;Lukoil&#8221; yanacaqdoldurma m\u0259nt\u0259q\u0259sinin yax\u0131nl\u0131\u011f\u0131nda idar\u0259etm\u0259ni itir\u0259n 10-TF-979 d\u00f6vl\u0259t qeydiyyat ni\u015fanl\u0131 avtobus yoldan \u00e7\u0131xaraq &#8220;Suraxani O\u0130L&#8221;in hasar\u0131na \u00e7\u0131rp\u0131l\u0131b. X\u0259sar\u0259t alanlar\u0131n oldu\u011fu bildirilir. &nbsp;<\/p>\n","protected":false},"author":2,"featured_media":35622,"comment_status":"closed","ping_status":"closed","sticky":false,"template":"","format":"standard","meta":{"om_disable_all_campaigns":false,"_monsterinsights_skip_tracking":false,"_monsterinsights_sitenote_active":false,"_monsterinsights_sitenote_note":"","_monsterinsights_sitenote_category":0},"categories":[5],"tags":[],"aioseo_notices":[],"gutentor_comment":0,"rttpg_featured_image_url":{"full":["https:\/\/arantv.az\/wp-content\/uploads\/2019\/01\/meyit_41548757461.jpg",595,338,false],"landscape":["https:\/\/arantv.az\/wp-content\/uploads\/2019\/01\/meyit_41548757461.jpg",595,338,false],"portraits":["https:\/\/arantv.az\/wp-content\/uploads\/2019\/01\/meyit_41548757461.jpg",595,338,false],"thumbnail":["https:\/\/arantv.az\/wp-content\/uploads\/2019\/01\/meyit_41548757461-150x150.jpg",150,150,true],"medium":["https:\/\/arantv.az\/wp-content\/uploads\/2019\/01\/meyit_41548757461-300x170.jpg",300,170,true],"large":["https:\/\/arantv.az\/wp-content\/uploads\/2019\/01\/meyit_41548757461.jpg",595,338,false],"1536x1536":["https:\/\/arantv.az\/wp-content\/uploads\/2019\/01\/meyit_41548757461.jpg",595,338,false],"2048x2048":["https:\/\/arantv.az\/wp-content\/uploads\/2019\/01\/meyit_41548757461.jpg",595,338,false],"post-thumbnail":["https:\/\/arantv.az\/wp-content\/uploads\/2019\/01\/meyit_41548757461-240x172.jpg",240,172,true],"advps-thumb-one":["https:\/\/arantv.az\/wp-content\/uploads\/2019\/01\/meyit_41548757461.jpg",595,338,false]},"rttpg_author":{"display_name":"V\u00fcsal Rafiqo\u011flu","author_link":"https:\/\/arantv.az\/?author=2"},"rttpg_comment":0,"rttpg_category":"<a href=\"https:\/\/arantv.az\/?cat=5\" rel=\"category\">Hadis\u0259<\/a>","rttpg_excerpt":"Bak\u0131da daha bir s\u0259rni\u015fin avtobusu d\u0259h\u015f\u0259tli q\u0259za t\u00f6r\u0259dib. ARANTV.AZ\u00a0unikal.org-a istinad\u0259n x\u0259b\u0259r verir ki, paytaxt\u0131n Suraxan\u0131-Qara\u00e7uxur yolunda &#8220;Lukoil&#8221; yanacaqdoldurma m\u0259nt\u0259q\u0259sinin yax\u0131nl\u0131\u011f\u0131nda idar\u0259etm\u0259ni itir\u0259n 10-TF-979 d\u00f6vl\u0259t qeydiyyat ni\u015fanl\u0131 avtobus yoldan \u00e7\u0131xaraq &#8220;Suraxani O\u0130L&#8221;in hasar\u0131na \u00e7\u0131rp\u0131l\u0131b. X\u0259sar\u0259t alanlar\u0131n oldu\u011fu bildirilir. &nbsp;","_links":{"self":[{"href":"https:\/\/arantv.az\/index.php?rest_route=\/wp\/v2\/posts\/35621"}],"collection":[{"href":"https:\/\/arantv.az\/index.php?rest_route=\/wp\/v2\/posts"}],"about":[{"href":"https:\/\/arantv.az\/index.php?rest_route=\/wp\/v2\/types\/post"}],"author":[{"embeddable":true,"href":"https:\/\/arantv.az\/index.php?rest_route=\/wp\/v2\/users\/2"}],"replies":[{"embeddable":true,"href":"https:\/\/arantv.az\/index.php?rest_route=%2Fwp%2Fv2%2Fcomments&post=35621"}],"version-history":[{"count":0,"href":"https:\/\/arantv.az\/index.php?rest_route=\/wp\/v2\/posts\/35621\/revisions"}],"wp:featuredmedia":[{"embeddable":true,"href":"https:\/\/arantv.az\/index.php?rest_route=\/wp\/v2\/media\/35622"}],"wp:attachment":[{"href":"https:\/\/arantv.az\/index.php?rest_route=%2Fwp%2Fv2%2Fmedia&parent=35621"}],"wp:term":[{"taxonomy":"category","embeddable":true,"href":"https:\/\/arantv.az\/index.php?rest_route=%2Fwp%2Fv2%2Fcategories&post=35621"},{"taxonomy":"post_tag","embeddable":true,"href":"https:\/\/arantv.az\/index.php?rest_route=%2Fwp%2Fv2%2Ftags&post=35621"}],"curies":[{"name":"wp","href":"https:\/\/api.w.org\/{rel}","templated":true}]}}