{"id":35624,"date":"2019-01-29T14:22:55","date_gmt":"2019-01-29T11:22:55","guid":{"rendered":"http:\/\/arantv.az\/?p=35624"},"modified":"2019-01-29T14:22:55","modified_gmt":"2019-01-29T11:22:55","slug":"az%c9%99rbaycan-ordusu-il%c9%99-muharib%c9%99d%c9%99-erm%c9%99nistandan-sok-iddia","status":"publish","type":"post","link":"https:\/\/arantv.az\/?p=35624","title":{"rendered":"Az\u0259rbaycan ordusu il\u0259 m\u00fcharib\u0259d\u0259\u2026 &#8211; Erm\u0259nistandan \u015eOK \u0130DD\u0130A"},"content":{"rendered":"<p>Erm\u0259nistan parlamentinin m\u00fcdafi\u0259 v\u0259 t\u0259hl\u00fck\u0259sizlik \u00fczr\u0259 komissiyas\u0131n\u0131n yeni r\u0259hb\u0259rliyi \u00e7\u0259tin ki, m\u00fcvafiq sah\u0259d\u0259 i\u015fl\u0259rin durumunu d\u0259yi\u015fdir\u0259 bilsin.<\/p>\n<p><b>ARANTV.AZ\u00a0<\/b>\u00a0publika.az-a istinad\u0259n x\u0259b\u0259r verir ki, bu haqda erm\u0259ni h\u0259rbi eksperti Van Ambartsumyan bildirib.<\/p>\n<div id=\"AdributorNativeVideo0\" class=\"AdributorNativeVideo\"><\/div>\n<p>O qeyd edib ki, bu komissiya h\u0259mi\u015f\u0259 olub, ancaq onlar\u0131n g\u00f6rd\u00fcy\u00fc faydal\u0131 i\u015f\u0259 rast g\u0259linm\u0259yib. Ekspert bildirib ki, komissiyan\u0131n yeni s\u0259dri Andranik Ko\u00e7aryanla yax\u0131n vaxtlarda g\u00f6r\u00fc\u015fm\u0259k v\u0259 ona v\u0259ziyy\u0259tl\u0259 ba\u011fl\u0131 \u00f6z fikirl\u0259rini \u00e7atd\u0131rmaq, o c\u00fcml\u0259d\u0259n orduda h\u0259rbi texnikan\u0131n m\u00fcasirl\u0259\u015fdirilm\u0259si \u00fczr\u0259 t\u0259klifl\u0259r verm\u0259k niyy\u0259tind\u0259dir.<br \/>\n<ins><\/ins><\/p>\n<div id=\"beacon_82b250e8c8\"><img loading=\"lazy\" src=\"https:\/\/ads2.newmedia.az\/www\/delivery\/lg.php?bannerid=0&amp;campaignid=0&amp;zoneid=975&amp;loc=https%3A%2F%2Fbig.az%2F342616-azerbaycan_ordusu_ile_muharibede_-_ermenistandan_sok_iddia.html&amp;referer=https%3A%2F%2Fbig.az%2F&amp;cb=82b250e8c8\" alt=\"\" width=\"0\" height=\"0\" \/><\/div>\n<p>Ambartsumyan vur\u011fulay\u0131b ki, onun fikrinc\u0259, Erm\u0259nistan ordusunda q\u0259rib\u0259 hadis\u0259l\u0259r ba\u015f verir. Onun s\u00f6zl\u0259rin\u0259 g\u00f6r\u0259, Qaraba\u011f m\u00fcharib\u0259sind\u0259 i\u015ftirak ed\u0259n b\u00f6y\u00fck praktik t\u0259cr\u00fcb\u0259y\u0259 malik kadr zabitl\u0259r ordudan uzaqla\u015fd\u0131r\u0131l\u0131rlar.<\/p>\n<p>\u201cEyni zamanda, y\u00fcks\u0259k ixtisasl\u0131 kadrlar\u0131 M\u00fcdafi\u0259 Nazirliyind\u0259 i\u015fd\u0259n \u00e7\u0131xar\u0131rlar. Onlar\u0131n d\u00f6y\u00fc\u015f t\u0259cr\u00fcb\u0259si qiym\u0259tsizdir. Onlar erm\u0259ni ordusunun formala\u015fmas\u0131nda \u00f6l\u00e7\u00fcy\u0259g\u0259lm\u0259z t\u00f6hf\u0259 veribl\u0259r, Az\u0259rbaycan Silahl\u0131 Q\u00fcvv\u0259l\u0259ri il\u0259 m\u00fcharib\u0259nin real t\u0259cr\u00fcb\u0259sin\u0259 malikdirl\u0259r. \u0130ndi bu kadrlar m\u00fcvafiq t\u0259cr\u00fcb\u0259y\u0259 v\u0259 biliy\u0259 malik olmayan insanlarla \u0259v\u0259z edirl\u0259r\u201d, &#8211; ekspert s\u00f6yl\u0259yib.<\/p>\n<p>H\u0259rbi ekspert \u0259lav\u0259 edib ki, Erm\u0259nistan\u0131n Ba\u015f naziri Nikol Pa\u015finyan\u0131n 5 il m\u00fcdd\u0259t\u0259 ordunun ehtiyaclar\u0131n\u0131 \u00f6d\u0259m\u0259k \u00fc\u00e7\u00fcn \u0259lav\u0259 2,5 milyard dollar ay\u0131raca\u011f\u0131 il\u0259 ba\u011fl\u0131 v\u0259din\u0259 inanm\u0131r. Onun s\u00f6zl\u0259rin\u0259 g\u00f6r\u0259, \u00f6lk\u0259nin bu h\u0259cmd\u0259 maliyy\u0259 v\u0259saiti yoxdur. Ekspert haz\u0131rk\u0131 b\u00fcdc\u0259nin azald\u0131laca\u011f\u0131n\u0131 istisna etm\u0259yib.<\/p>\n<p>&nbsp;<\/p>\n","protected":false},"excerpt":{"rendered":"<p>Erm\u0259nistan parlamentinin m\u00fcdafi\u0259 v\u0259 t\u0259hl\u00fck\u0259sizlik \u00fczr\u0259 komissiyas\u0131n\u0131n yeni r\u0259hb\u0259rliyi \u00e7\u0259tin ki, m\u00fcvafiq sah\u0259d\u0259 i\u015fl\u0259rin durumunu d\u0259yi\u015fdir\u0259 bilsin. ARANTV.AZ\u00a0\u00a0publika.az-a istinad\u0259n x\u0259b\u0259r verir ki, bu haqda erm\u0259ni h\u0259rbi eksperti Van Ambartsumyan bildirib. O qeyd edib ki, bu komissiya h\u0259mi\u015f\u0259 olub, ancaq onlar\u0131n g\u00f6rd\u00fcy\u00fc faydal\u0131 i\u015f\u0259 rast g\u0259linm\u0259yib. Ekspert bildirib ki, komissiyan\u0131n yeni s\u0259dri Andranik Ko\u00e7aryanla yax\u0131n vaxtlarda g\u00f6r\u00fc\u015fm\u0259k v\u0259 ona v\u0259ziyy\u0259tl\u0259 ba\u011fl\u0131 \u00f6z fikirl\u0259rini \u00e7atd\u0131rmaq, o c\u00fcml\u0259d\u0259n orduda h\u0259rbi texnikan\u0131n m\u00fcasirl\u0259\u015fdirilm\u0259si \u00fczr\u0259 t\u0259klifl\u0259r verm\u0259k niyy\u0259tind\u0259dir. Ambartsumyan vur\u011fulay\u0131b ki, onun fikrinc\u0259, Erm\u0259nistan ordusunda q\u0259rib\u0259 hadis\u0259l\u0259r ba\u015f verir. Onun s\u00f6zl\u0259rin\u0259 g\u00f6r\u0259, Qaraba\u011f m\u00fcharib\u0259sind\u0259 i\u015ftirak&hellip;<\/p>\n","protected":false},"author":2,"featured_media":35625,"comment_status":"closed","ping_status":"closed","sticky":false,"template":"","format":"standard","meta":{"om_disable_all_campaigns":false,"_monsterinsights_skip_tracking":false,"_monsterinsights_sitenote_active":false,"_monsterinsights_sitenote_note":"","_monsterinsights_sitenote_category":0},"categories":[1],"tags":[],"aioseo_notices":[],"gutentor_comment":0,"rttpg_featured_image_url":{"full":["https:\/\/arantv.az\/wp-content\/uploads\/2019\/01\/meyit_41548756361.jpg",648,261,false],"landscape":["https:\/\/arantv.az\/wp-content\/uploads\/2019\/01\/meyit_41548756361.jpg",648,261,false],"portraits":["https:\/\/arantv.az\/wp-content\/uploads\/2019\/01\/meyit_41548756361.jpg",648,261,false],"thumbnail":["https:\/\/arantv.az\/wp-content\/uploads\/2019\/01\/meyit_41548756361-150x150.jpg",150,150,true],"medium":["https:\/\/arantv.az\/wp-content\/uploads\/2019\/01\/meyit_41548756361-300x121.jpg",300,121,true],"large":["https:\/\/arantv.az\/wp-content\/uploads\/2019\/01\/meyit_41548756361.jpg",640,258,false],"1536x1536":["https:\/\/arantv.az\/wp-content\/uploads\/2019\/01\/meyit_41548756361.jpg",648,261,false],"2048x2048":["https:\/\/arantv.az\/wp-content\/uploads\/2019\/01\/meyit_41548756361.jpg",648,261,false],"post-thumbnail":["https:\/\/arantv.az\/wp-content\/uploads\/2019\/01\/meyit_41548756361-240x172.jpg",240,172,true],"advps-thumb-one":["https:\/\/arantv.az\/wp-content\/uploads\/2019\/01\/meyit_41548756361.jpg",648,261,false]},"rttpg_author":{"display_name":"V\u00fcsal Rafiqo\u011flu","author_link":"https:\/\/arantv.az\/?author=2"},"rttpg_comment":0,"rttpg_category":"<a href=\"https:\/\/arantv.az\/?cat=1\" rel=\"category\">C\u0259miyy\u0259t<\/a>","rttpg_excerpt":"Erm\u0259nistan parlamentinin m\u00fcdafi\u0259 v\u0259 t\u0259hl\u00fck\u0259sizlik \u00fczr\u0259 komissiyas\u0131n\u0131n yeni r\u0259hb\u0259rliyi \u00e7\u0259tin ki, m\u00fcvafiq sah\u0259d\u0259 i\u015fl\u0259rin durumunu d\u0259yi\u015fdir\u0259 bilsin. ARANTV.AZ\u00a0\u00a0publika.az-a istinad\u0259n x\u0259b\u0259r verir ki, bu haqda erm\u0259ni h\u0259rbi eksperti Van Ambartsumyan bildirib. O qeyd edib ki, bu komissiya h\u0259mi\u015f\u0259 olub, ancaq onlar\u0131n g\u00f6rd\u00fcy\u00fc faydal\u0131 i\u015f\u0259 rast g\u0259linm\u0259yib. Ekspert bildirib ki, komissiyan\u0131n yeni s\u0259dri Andranik Ko\u00e7aryanla yax\u0131n vaxtlarda&hellip;","_links":{"self":[{"href":"https:\/\/arantv.az\/index.php?rest_route=\/wp\/v2\/posts\/35624"}],"collection":[{"href":"https:\/\/arantv.az\/index.php?rest_route=\/wp\/v2\/posts"}],"about":[{"href":"https:\/\/arantv.az\/index.php?rest_route=\/wp\/v2\/types\/post"}],"author":[{"embeddable":true,"href":"https:\/\/arantv.az\/index.php?rest_route=\/wp\/v2\/users\/2"}],"replies":[{"embeddable":true,"href":"https:\/\/arantv.az\/index.php?rest_route=%2Fwp%2Fv2%2Fcomments&post=35624"}],"version-history":[{"count":0,"href":"https:\/\/arantv.az\/index.php?rest_route=\/wp\/v2\/posts\/35624\/revisions"}],"wp:featuredmedia":[{"embeddable":true,"href":"https:\/\/arantv.az\/index.php?rest_route=\/wp\/v2\/media\/35625"}],"wp:attachment":[{"href":"https:\/\/arantv.az\/index.php?rest_route=%2Fwp%2Fv2%2Fmedia&parent=35624"}],"wp:term":[{"taxonomy":"category","embeddable":true,"href":"https:\/\/arantv.az\/index.php?rest_route=%2Fwp%2Fv2%2Fcategories&post=35624"},{"taxonomy":"post_tag","embeddable":true,"href":"https:\/\/arantv.az\/index.php?rest_route=%2Fwp%2Fv2%2Ftags&post=35624"}],"curies":[{"name":"wp","href":"https:\/\/api.w.org\/{rel}","templated":true}]}}