{"id":35639,"date":"2019-01-29T14:59:05","date_gmt":"2019-01-29T11:59:05","guid":{"rendered":"http:\/\/arantv.az\/?p=35639"},"modified":"2019-01-29T14:59:05","modified_gmt":"2019-01-29T11:59:05","slug":"regionlarin-2014-2018-ci-ill%c9%99rd%c9%99-sosial-iqtisadi-inkisafi-dovl%c9%99t-proqraminin-icrasinin-yekunlarina-h%c9%99sr-olunan-konfrans-kecirilib","status":"publish","type":"post","link":"https:\/\/arantv.az\/?p=35639","title":{"rendered":"Regionlar\u0131n 2014-2018-ci ill\u0259rd\u0259 sosial-iqtisadi inki\u015faf\u0131 D\u00f6vl\u0259t Proqram\u0131n\u0131n icras\u0131n\u0131n yekunlar\u0131na h\u0259sr olunan konfrans ke\u00e7irilib"},"content":{"rendered":"<p><strong>ARANTV.AZ<\/strong> x\u0259b\u0259r verir ki, yanvar\u0131n 29-da \u201cAz\u0259rbaycan Respublikas\u0131 regionlar\u0131n\u0131n 2014-2018-ci ill\u0259rd\u0259 sosial-iqtisadi inki\u015faf\u0131 D\u00f6vl\u0259t Proqram\u0131\u201dn\u0131n icras\u0131n\u0131n yekunlar\u0131na h\u0259sr olunan konfrans ke\u00e7irilib.<\/p>\n<p>Az\u0259rbaycan Respublikas\u0131n\u0131n Prezidenti \u0130lham \u018fliyev konfransda i\u015ftirak edib.<\/p>\n<p>D\u00f6vl\u0259timizin ba\u015f\u00e7\u0131s\u0131 konfransda giri\u015f nitqi s\u00f6yl\u0259di.<\/p>\n<p>Sonra Neft\u00e7ala S\u0259naye M\u0259h\u0259ll\u0259sind\u0259 \u201cX\u0259z\u0259r\u201d avtomobil zavodunun direktoru Emin Axundov, \u015e\u0259ki \u015e\u0259h\u0259r \u0130cra Hakimiyy\u0259tinin ba\u015f\u00e7\u0131s\u0131 Elxan Usubov, \u201cNax\u00e7\u0131van Ba\u011flar\u0131\u201d M\u0259hdud M\u0259suliyy\u0259tli C\u0259miyy\u0259tinin r\u0259hb\u0259ri El\u00e7in Ba\u011f\u0131rov, A\u011fcab\u0259di Rayon \u0130cra Hakimiyy\u0259tinin ba\u015f\u00e7\u0131s\u0131 \u015eahin M\u0259mm\u0259dov, \u201cSalo\u011flu\u201d firmas\u0131n\u0131n direktoru Tac\u0259ddin Mustafayev, Masall\u0131 Rayon \u0130cra Hakimiyy\u0259tinin ba\u015f\u00e7\u0131s\u0131 Rafil H\u00fcseynov, \u201cMu\u011fan Aqroservis\u201d M\u0259hdud M\u0259suliyy\u0259tli C\u0259miyy\u0259tinin direktoru R\u0259c\u0259b Orucov, Qusar Rayon \u0130cra Hakimiyy\u0259tinin ba\u015f\u00e7\u0131s\u0131 \u015eair Alxasov, \u201cHac\u0131qabul Qu\u015f\u00e7uluq\u201d M\u0259hdud M\u0259suliyy\u0259tli C\u0259miyy\u0259tinin direktoru Nem\u0259t Baba\u015fov \u00e7\u0131x\u0131\u015f etdil\u0259r.<\/p>\n<p>Prezident \u0130lham \u018fliyev konfransda yekun nitqi s\u00f6yl\u0259di.<\/p>\n","protected":false},"excerpt":{"rendered":"<p>ARANTV.AZ x\u0259b\u0259r verir ki, yanvar\u0131n 29-da \u201cAz\u0259rbaycan Respublikas\u0131 regionlar\u0131n\u0131n 2014-2018-ci ill\u0259rd\u0259 sosial-iqtisadi inki\u015faf\u0131 D\u00f6vl\u0259t Proqram\u0131\u201dn\u0131n icras\u0131n\u0131n yekunlar\u0131na h\u0259sr olunan konfrans ke\u00e7irilib. Az\u0259rbaycan Respublikas\u0131n\u0131n Prezidenti \u0130lham \u018fliyev konfransda i\u015ftirak edib. D\u00f6vl\u0259timizin ba\u015f\u00e7\u0131s\u0131 konfransda giri\u015f nitqi s\u00f6yl\u0259di. Sonra Neft\u00e7ala S\u0259naye M\u0259h\u0259ll\u0259sind\u0259 \u201cX\u0259z\u0259r\u201d avtomobil zavodunun direktoru Emin Axundov, \u015e\u0259ki \u015e\u0259h\u0259r \u0130cra Hakimiyy\u0259tinin ba\u015f\u00e7\u0131s\u0131 Elxan Usubov, \u201cNax\u00e7\u0131van Ba\u011flar\u0131\u201d M\u0259hdud M\u0259suliyy\u0259tli C\u0259miyy\u0259tinin r\u0259hb\u0259ri El\u00e7in Ba\u011f\u0131rov, A\u011fcab\u0259di Rayon \u0130cra Hakimiyy\u0259tinin ba\u015f\u00e7\u0131s\u0131 \u015eahin M\u0259mm\u0259dov, \u201cSalo\u011flu\u201d firmas\u0131n\u0131n direktoru Tac\u0259ddin Mustafayev, Masall\u0131 Rayon \u0130cra Hakimiyy\u0259tinin ba\u015f\u00e7\u0131s\u0131 Rafil H\u00fcseynov, \u201cMu\u011fan Aqroservis\u201d M\u0259hdud M\u0259suliyy\u0259tli C\u0259miyy\u0259tinin direktoru R\u0259c\u0259b Orucov, Qusar Rayon \u0130cra&hellip;<\/p>\n","protected":false},"author":2,"featured_media":35640,"comment_status":"closed","ping_status":"closed","sticky":false,"template":"","format":"standard","meta":{"om_disable_all_campaigns":false,"_monsterinsights_skip_tracking":false,"_monsterinsights_sitenote_active":false,"_monsterinsights_sitenote_note":"","_monsterinsights_sitenote_category":0},"categories":[8],"tags":[],"aioseo_notices":[],"gutentor_comment":0,"rttpg_featured_image_url":{"full":["https:\/\/arantv.az\/wp-content\/uploads\/2019\/01\/cpb6ghrhrl325jk8775em1pdf6pr1.jpg",1000,564,false],"landscape":["https:\/\/arantv.az\/wp-content\/uploads\/2019\/01\/cpb6ghrhrl325jk8775em1pdf6pr1.jpg",1000,564,false],"portraits":["https:\/\/arantv.az\/wp-content\/uploads\/2019\/01\/cpb6ghrhrl325jk8775em1pdf6pr1.jpg",1000,564,false],"thumbnail":["https:\/\/arantv.az\/wp-content\/uploads\/2019\/01\/cpb6ghrhrl325jk8775em1pdf6pr1-150x150.jpg",150,150,true],"medium":["https:\/\/arantv.az\/wp-content\/uploads\/2019\/01\/cpb6ghrhrl325jk8775em1pdf6pr1-300x169.jpg",300,169,true],"large":["https:\/\/arantv.az\/wp-content\/uploads\/2019\/01\/cpb6ghrhrl325jk8775em1pdf6pr1.jpg",640,361,false],"1536x1536":["https:\/\/arantv.az\/wp-content\/uploads\/2019\/01\/cpb6ghrhrl325jk8775em1pdf6pr1.jpg",1000,564,false],"2048x2048":["https:\/\/arantv.az\/wp-content\/uploads\/2019\/01\/cpb6ghrhrl325jk8775em1pdf6pr1.jpg",1000,564,false],"post-thumbnail":["https:\/\/arantv.az\/wp-content\/uploads\/2019\/01\/cpb6ghrhrl325jk8775em1pdf6pr1-240x172.jpg",240,172,true],"advps-thumb-one":["https:\/\/arantv.az\/wp-content\/uploads\/2019\/01\/cpb6ghrhrl325jk8775em1pdf6pr1.jpg",1000,564,false]},"rttpg_author":{"display_name":"V\u00fcsal Rafiqo\u011flu","author_link":"https:\/\/arantv.az\/?author=2"},"rttpg_comment":0,"rttpg_category":"<a href=\"https:\/\/arantv.az\/?cat=8\" rel=\"category\">\u018fsas s\u0259hif\u0259<\/a>","rttpg_excerpt":"ARANTV.AZ x\u0259b\u0259r verir ki, yanvar\u0131n 29-da \u201cAz\u0259rbaycan Respublikas\u0131 regionlar\u0131n\u0131n 2014-2018-ci ill\u0259rd\u0259 sosial-iqtisadi inki\u015faf\u0131 D\u00f6vl\u0259t Proqram\u0131\u201dn\u0131n icras\u0131n\u0131n yekunlar\u0131na h\u0259sr olunan konfrans ke\u00e7irilib. Az\u0259rbaycan Respublikas\u0131n\u0131n Prezidenti \u0130lham \u018fliyev konfransda i\u015ftirak edib. D\u00f6vl\u0259timizin ba\u015f\u00e7\u0131s\u0131 konfransda giri\u015f nitqi s\u00f6yl\u0259di. Sonra Neft\u00e7ala S\u0259naye M\u0259h\u0259ll\u0259sind\u0259 \u201cX\u0259z\u0259r\u201d avtomobil zavodunun direktoru Emin Axundov, \u015e\u0259ki \u015e\u0259h\u0259r \u0130cra Hakimiyy\u0259tinin ba\u015f\u00e7\u0131s\u0131 Elxan Usubov, \u201cNax\u00e7\u0131van Ba\u011flar\u0131\u201d M\u0259hdud&hellip;","_links":{"self":[{"href":"https:\/\/arantv.az\/index.php?rest_route=\/wp\/v2\/posts\/35639"}],"collection":[{"href":"https:\/\/arantv.az\/index.php?rest_route=\/wp\/v2\/posts"}],"about":[{"href":"https:\/\/arantv.az\/index.php?rest_route=\/wp\/v2\/types\/post"}],"author":[{"embeddable":true,"href":"https:\/\/arantv.az\/index.php?rest_route=\/wp\/v2\/users\/2"}],"replies":[{"embeddable":true,"href":"https:\/\/arantv.az\/index.php?rest_route=%2Fwp%2Fv2%2Fcomments&post=35639"}],"version-history":[{"count":0,"href":"https:\/\/arantv.az\/index.php?rest_route=\/wp\/v2\/posts\/35639\/revisions"}],"wp:featuredmedia":[{"embeddable":true,"href":"https:\/\/arantv.az\/index.php?rest_route=\/wp\/v2\/media\/35640"}],"wp:attachment":[{"href":"https:\/\/arantv.az\/index.php?rest_route=%2Fwp%2Fv2%2Fmedia&parent=35639"}],"wp:term":[{"taxonomy":"category","embeddable":true,"href":"https:\/\/arantv.az\/index.php?rest_route=%2Fwp%2Fv2%2Fcategories&post=35639"},{"taxonomy":"post_tag","embeddable":true,"href":"https:\/\/arantv.az\/index.php?rest_route=%2Fwp%2Fv2%2Ftags&post=35639"}],"curies":[{"name":"wp","href":"https:\/\/api.w.org\/{rel}","templated":true}]}}