{"id":35645,"date":"2019-01-29T15:02:04","date_gmt":"2019-01-29T12:02:04","guid":{"rendered":"http:\/\/arantv.az\/?p=35645"},"modified":"2019-01-29T15:02:04","modified_gmt":"2019-01-29T12:02:04","slug":"nazir-sahibkarlari-yeni-is-yerl%c9%99ri-acmaga-cagirdi","status":"publish","type":"post","link":"https:\/\/arantv.az\/?p=35645","title":{"rendered":"Nazir sahibkarlar\u0131 yeni i\u015f yerl\u0259ri a\u00e7ma\u011fa \u00e7a\u011f\u0131rd\u0131"},"content":{"rendered":"<p>Bu g\u00fcn sahibkarlar h\u00f6kum\u0259tin iqtisadi qanad\u0131n\u0131 t\u0259\u015fkil ed\u0259n nazirl\u0259rin ham\u0131s\u0131n\u0131n birlikd\u0259 t\u0259msil olundu\u011fu t\u0259dbird\u0259 onlar\u0131 narahat ed\u0259n m\u0259s\u0259l\u0259l\u0259ri dan\u0131\u015fmaq imkan\u0131 qazan\u0131blar. Bu d\u0259f\u0259 m\u00fczakir\u0259 media n\u00fcmay\u0259nd\u0259l\u0259rinin i\u015ftirak\u0131 il\u0259 davam edib.<\/p>\n<p><strong>ARANTV.AZ\u00a0<\/strong>\u00a0x\u0259b\u0259r verir ki, bu \u201cRegionlar\u0131n 2014-2018-ci ill\u0259rd\u0259 Sosial-\u0130qtisadi \u0130nki\u015faf\u0131 D\u00f6vl\u0259t Proqram\u0131\u201dn\u0131n\u00a0icras\u0131n\u0131n yekunlar\u0131na h\u0259sr olunmu\u015f konfransda ba\u015f tutub.<\/p>\n<p>S\u00f6z\u00fc iqtisadiyyat naziri \u015eahin Mustafayev a\u00e7\u0131b v\u0259 bildirib ki, davaml\u0131 islahatlar n\u0259tic\u0259sind\u0259 m\u00fcasir iqtisadi t\u0259l\u0259bl\u0259r\u0259 uy\u011funluq, qeyri-neft sektorunun inki\u015faf\u0131 diqq\u0259t m\u0259rk\u0259zind\u0259 saxlan\u0131l\u0131b. Nazirin s\u00f6zl\u0259rin\u0259 g\u00f6r\u0259, \u00f6t\u0259n il\u00a0regionlar\u0131n inki\u015faf\u0131na 24,2 milyard manat v\u0259sait ayr\u0131l\u0131b.<\/p>\n<div id=\"AdributorNativeVideo0\" class=\"AdributorNativeVideo\"><\/div>\n<p>K\u0259nd t\u0259s\u0259rr\u00fcfat\u0131n\u0131n subsidiyala\u015fd\u0131r\u0131lmas\u0131 yoxlamalar\u0131n 2021-ci il\u0259 q\u0259d\u0259r dayand\u0131r\u0131lmas\u0131, d\u00f6vl\u0259t sat\u0131nalmalar\u0131nda yerli m\u0259hsullara\u00a0g\u00fcz\u0259\u015ftl\u0259rin verilm\u0259si v\u0259 vergi g\u00fcz\u0259\u015ftl\u0259rinin t\u0259tbiq edilm\u0259si m\u00fch\u00fcm t\u0259dbirl\u0259rd\u0259n biridir. Sahibkarlar\u0131 s\u0259naye parklar\u0131nda \u00e7al\u0131\u015fma\u011fa \u00e7a\u011f\u0131ran nazir investisiya t\u0259\u015fviqi s\u0259n\u0259di \u0259sas\u0131nda x\u00fcsus\u0259n regionlar\u0131n inki\u015faf ed\u0259c\u0259yini, yeni i\u015f yerl\u0259rinin a\u00e7\u0131laca\u011f\u0131n\u0131 vur\u011fulay\u0131b.<\/p>\n<p>16 min sahibkara 1 milyard manatdan \u00e7ox g\u00fcz\u0259\u015ftli kredit verilib.<\/p>\n<p>oxu.az<\/p>\n","protected":false},"excerpt":{"rendered":"<p>Bu g\u00fcn sahibkarlar h\u00f6kum\u0259tin iqtisadi qanad\u0131n\u0131 t\u0259\u015fkil ed\u0259n nazirl\u0259rin ham\u0131s\u0131n\u0131n birlikd\u0259 t\u0259msil olundu\u011fu t\u0259dbird\u0259 onlar\u0131 narahat ed\u0259n m\u0259s\u0259l\u0259l\u0259ri dan\u0131\u015fmaq imkan\u0131 qazan\u0131blar. Bu d\u0259f\u0259 m\u00fczakir\u0259 media n\u00fcmay\u0259nd\u0259l\u0259rinin i\u015ftirak\u0131 il\u0259 davam edib. ARANTV.AZ\u00a0\u00a0x\u0259b\u0259r verir ki, bu \u201cRegionlar\u0131n 2014-2018-ci ill\u0259rd\u0259 Sosial-\u0130qtisadi \u0130nki\u015faf\u0131 D\u00f6vl\u0259t Proqram\u0131\u201dn\u0131n\u00a0icras\u0131n\u0131n yekunlar\u0131na h\u0259sr olunmu\u015f konfransda ba\u015f tutub. S\u00f6z\u00fc iqtisadiyyat naziri \u015eahin Mustafayev a\u00e7\u0131b v\u0259 bildirib ki, davaml\u0131 islahatlar n\u0259tic\u0259sind\u0259 m\u00fcasir iqtisadi t\u0259l\u0259bl\u0259r\u0259 uy\u011funluq, qeyri-neft sektorunun inki\u015faf\u0131 diqq\u0259t m\u0259rk\u0259zind\u0259 saxlan\u0131l\u0131b. Nazirin s\u00f6zl\u0259rin\u0259 g\u00f6r\u0259, \u00f6t\u0259n il\u00a0regionlar\u0131n inki\u015faf\u0131na 24,2 milyard manat v\u0259sait ayr\u0131l\u0131b. K\u0259nd t\u0259s\u0259rr\u00fcfat\u0131n\u0131n subsidiyala\u015fd\u0131r\u0131lmas\u0131 yoxlamalar\u0131n 2021-ci il\u0259 q\u0259d\u0259r dayand\u0131r\u0131lmas\u0131, d\u00f6vl\u0259t sat\u0131nalmalar\u0131nda&hellip;<\/p>\n","protected":false},"author":2,"featured_media":35646,"comment_status":"closed","ping_status":"closed","sticky":false,"template":"","format":"standard","meta":{"om_disable_all_campaigns":false,"_monsterinsights_skip_tracking":false,"_monsterinsights_sitenote_active":false,"_monsterinsights_sitenote_note":"","_monsterinsights_sitenote_category":0},"categories":[19],"tags":[],"aioseo_notices":[],"gutentor_comment":0,"rttpg_featured_image_url":{"full":["https:\/\/arantv.az\/wp-content\/uploads\/2019\/01\/S4dCbx41.jpg",620,409,false],"landscape":["https:\/\/arantv.az\/wp-content\/uploads\/2019\/01\/S4dCbx41.jpg",620,409,false],"portraits":["https:\/\/arantv.az\/wp-content\/uploads\/2019\/01\/S4dCbx41.jpg",620,409,false],"thumbnail":["https:\/\/arantv.az\/wp-content\/uploads\/2019\/01\/S4dCbx41-150x150.jpg",150,150,true],"medium":["https:\/\/arantv.az\/wp-content\/uploads\/2019\/01\/S4dCbx41-300x198.jpg",300,198,true],"large":["https:\/\/arantv.az\/wp-content\/uploads\/2019\/01\/S4dCbx41.jpg",620,409,false],"1536x1536":["https:\/\/arantv.az\/wp-content\/uploads\/2019\/01\/S4dCbx41.jpg",620,409,false],"2048x2048":["https:\/\/arantv.az\/wp-content\/uploads\/2019\/01\/S4dCbx41.jpg",620,409,false],"post-thumbnail":["https:\/\/arantv.az\/wp-content\/uploads\/2019\/01\/S4dCbx41-240x172.jpg",240,172,true],"advps-thumb-one":["https:\/\/arantv.az\/wp-content\/uploads\/2019\/01\/S4dCbx41.jpg",620,409,false]},"rttpg_author":{"display_name":"V\u00fcsal Rafiqo\u011flu","author_link":"https:\/\/arantv.az\/?author=2"},"rttpg_comment":0,"rttpg_category":"<a href=\"https:\/\/arantv.az\/?cat=19\" rel=\"category\">G\u00fcnd\u0259m<\/a>","rttpg_excerpt":"Bu g\u00fcn sahibkarlar h\u00f6kum\u0259tin iqtisadi qanad\u0131n\u0131 t\u0259\u015fkil ed\u0259n nazirl\u0259rin ham\u0131s\u0131n\u0131n birlikd\u0259 t\u0259msil olundu\u011fu t\u0259dbird\u0259 onlar\u0131 narahat ed\u0259n m\u0259s\u0259l\u0259l\u0259ri dan\u0131\u015fmaq imkan\u0131 qazan\u0131blar. Bu d\u0259f\u0259 m\u00fczakir\u0259 media n\u00fcmay\u0259nd\u0259l\u0259rinin i\u015ftirak\u0131 il\u0259 davam edib. ARANTV.AZ\u00a0\u00a0x\u0259b\u0259r verir ki, bu \u201cRegionlar\u0131n 2014-2018-ci ill\u0259rd\u0259 Sosial-\u0130qtisadi \u0130nki\u015faf\u0131 D\u00f6vl\u0259t Proqram\u0131\u201dn\u0131n\u00a0icras\u0131n\u0131n yekunlar\u0131na h\u0259sr olunmu\u015f konfransda ba\u015f tutub. S\u00f6z\u00fc iqtisadiyyat naziri \u015eahin Mustafayev a\u00e7\u0131b v\u0259 bildirib&hellip;","_links":{"self":[{"href":"https:\/\/arantv.az\/index.php?rest_route=\/wp\/v2\/posts\/35645"}],"collection":[{"href":"https:\/\/arantv.az\/index.php?rest_route=\/wp\/v2\/posts"}],"about":[{"href":"https:\/\/arantv.az\/index.php?rest_route=\/wp\/v2\/types\/post"}],"author":[{"embeddable":true,"href":"https:\/\/arantv.az\/index.php?rest_route=\/wp\/v2\/users\/2"}],"replies":[{"embeddable":true,"href":"https:\/\/arantv.az\/index.php?rest_route=%2Fwp%2Fv2%2Fcomments&post=35645"}],"version-history":[{"count":0,"href":"https:\/\/arantv.az\/index.php?rest_route=\/wp\/v2\/posts\/35645\/revisions"}],"wp:featuredmedia":[{"embeddable":true,"href":"https:\/\/arantv.az\/index.php?rest_route=\/wp\/v2\/media\/35646"}],"wp:attachment":[{"href":"https:\/\/arantv.az\/index.php?rest_route=%2Fwp%2Fv2%2Fmedia&parent=35645"}],"wp:term":[{"taxonomy":"category","embeddable":true,"href":"https:\/\/arantv.az\/index.php?rest_route=%2Fwp%2Fv2%2Fcategories&post=35645"},{"taxonomy":"post_tag","embeddable":true,"href":"https:\/\/arantv.az\/index.php?rest_route=%2Fwp%2Fv2%2Ftags&post=35645"}],"curies":[{"name":"wp","href":"https:\/\/api.w.org\/{rel}","templated":true}]}}