{"id":35654,"date":"2019-01-29T15:53:42","date_gmt":"2019-01-29T12:53:42","guid":{"rendered":"http:\/\/arantv.az\/?p=35654"},"modified":"2019-01-29T15:53:42","modified_gmt":"2019-01-29T12:53:42","slug":"avronestd%c9%99-az%c9%99rbaycanla-bagli-m%c9%99ruz%c9%99-musb%c9%99t-qiym%c9%99tl%c9%99ndirilib","status":"publish","type":"post","link":"https:\/\/arantv.az\/?p=35654","title":{"rendered":"\u201cAvronest\u201dd\u0259 Az\u0259rbaycanla ba\u011fl\u0131 m\u0259ruz\u0259 m\u00fcsb\u0259t qiym\u0259tl\u0259ndirilib"},"content":{"rendered":"<p>Br\u00fcsseld\u0259 Avronest Parlament Assambleyas\u0131n\u0131n (PA) Sosial m\u0259s\u0259l\u0259l\u0259r, m\u0259\u015f\u011fulluq, t\u0259hsil, m\u0259d\u0259niyy\u0259t v\u0259 v\u0259t\u0259nda\u015f c\u0259miyy\u0259ti komit\u0259si il\u0259 \u0130qtisadi inteqrasiya, h\u00fcquqi normalar\u0131n uy\u011funla\u015fd\u0131r\u0131lmas\u0131 v\u0259 Avropa \u0130ttifaq\u0131 siyas\u0259ti il\u0259 yax\u0131nla\u015fma komit\u0259sinin birg\u0259 iclaslar\u0131 \u00f6z i\u015fin\u0259 ba\u015flay\u0131b.<\/p>\n<p><strong>ARANTV.AZ<\/strong>-\u0131n x\u0259b\u0259rin\u0259 g\u00f6r\u0259, iclaslarda Az\u0259rbaycan n\u00fcmay\u0259nd\u0259 hey\u0259tinin r\u0259hb\u0259ri Sahib\u0259 Qafarova, deputatlar Cavan\u015fir Feyziyev, Az\u0259r K\u0259rimli, M\u0259lah\u0259t \u0130brahimq\u0131z\u0131 v\u0259 Tahir Mirki\u015fili i\u015ftirak edirl\u0259r.<\/p>\n<p>Qeyd ed\u0259k ki, sosial m\u0259s\u0259l\u0259l\u0259r, m\u0259\u015f\u011fulluq, t\u0259hsil, m\u0259d\u0259niyy\u0259t v\u0259 v\u0259t\u0259nda\u015f c\u0259miyy\u0259ti komit\u0259si il\u0259 \u0130qtisadi inteqrasiya, h\u00fcquqi normalar\u0131n uy\u011funla\u015fd\u0131r\u0131lmas\u0131 v\u0259 Avropa \u0130ttifaq\u0131 siyas\u0259ti il\u0259 yax\u0131nla\u015fma komit\u0259sinin birg\u0259 iclas\u0131nda \u201cAvropa \u0130ttifaq\u0131 v\u0259 \u015e\u0259rq T\u0259r\u0259fda\u015fl\u0131\u011f\u0131 \u00f6lk\u0259l\u0259rind\u0259 t\u0259hsil sah\u0259sind\u0259 innovasiya v\u0259 islahatlar: probleml\u0259r v\u0259 imkanlar\u201d, \u201cAvropa \u0130ttifaq\u0131 v\u0259 \u015e\u0259rq T\u0259r\u0259fda\u015fl\u0131\u011f\u0131 \u00f6lk\u0259l\u0259rind\u0259 iqtisadi art\u0131m\u0131n stimulla\u015fd\u0131r\u0131lmas\u0131 m\u0259qs\u0259dil\u0259 r\u0259q\u0259msalla\u015fd\u0131rman\u0131n asanla\u015fd\u0131r\u0131lmas\u0131\u201d m\u00f6vzular\u0131nda m\u00fczakir\u0259l\u0259r ke\u00e7iril\u0259c\u0259k.<\/p>\n<div id=\"AdributorNativeVideo0\" class=\"AdributorNativeVideo\"><\/div>\n<p>Enerji t\u0259hl\u00fck\u0259sizliyi v\u0259 Siyasi m\u0259s\u0259l\u0259l\u0259r, insan h\u00fcquqlar\u0131 v\u0259 demokratiya komit\u0259l\u0259rinin birg\u0259 iclas\u0131nda \u201cEnergetika sah\u0259sind\u0259 birg\u0259 yana\u015fma v\u0259 uy\u011funla\u015fma\u201d, \u201c\u015e\u0259rq t\u0259r\u0259fda\u015fl\u0131\u011f\u0131 \u00f6lk\u0259l\u0259rind\u0259 d\u00f6vl\u0259t qurumlar\u0131n\u0131n s\u0259m\u0259r\u0259liliyi v\u0259 demokratiyan\u0131n m\u00f6hk\u0259ml\u0259ndirilm\u0259si vasit\u0259si kimi parlament n\u0259zar\u0259ti\u201d m\u00f6vzular\u0131 \u0259traf\u0131nda fikir m\u00fcbadil\u0259si apar\u0131lacaq.<\/p>\n<p>Art\u0131q Assambleyan\u0131n\u00a0Enerji t\u0259hl\u00fck\u0259sizliyi komit\u0259sind\u0259 Avropa \u0130ttifaq\u0131n\u0131n enerji t\u0259hl\u00fck\u0259sizliyinin t\u0259min olunmas\u0131nda Az\u0259rbaycan\u0131n rolu m\u0259s\u0259l\u0259si\u00a0m\u00fczakir\u0259 olunub v\u0259 m\u0259ruz\u0259\u00e7il\u0259r t\u0259r\u0259find\u0259n y\u00fcks\u0259k qiym\u0259tl\u0259ndirlib.<\/p>\n<p>Bu bar\u0259d\u0259 is\u0259\u00a0<strong>Oxu.Az<\/strong>-a Az\u0259rbaycan\u00a0n\u00fcmay\u0259nd\u0259 hey\u0259tinin \u00fczv\u00fc Tahir Mirki\u015fili m\u0259lumat verib.<\/p>\n<p>O qeyd\u00a0ki, x\u00fcsusil\u0259 A\u0130 Komissiyas\u0131n\u0131n n\u00fcmay\u0259nd\u0259si Erlandas Qriqorovi\u00e7 C\u0259nub Qaz D\u0259hlizi layih\u0259sinin b\u00fct\u00fcn region \u00fc\u00e7\u00fcn h\u0259yati \u0259h\u0259miyy\u0259tini vur\u011fulay\u0131b.<\/p>\n","protected":false},"excerpt":{"rendered":"<p>Br\u00fcsseld\u0259 Avronest Parlament Assambleyas\u0131n\u0131n (PA) Sosial m\u0259s\u0259l\u0259l\u0259r, m\u0259\u015f\u011fulluq, t\u0259hsil, m\u0259d\u0259niyy\u0259t v\u0259 v\u0259t\u0259nda\u015f c\u0259miyy\u0259ti komit\u0259si il\u0259 \u0130qtisadi inteqrasiya, h\u00fcquqi normalar\u0131n uy\u011funla\u015fd\u0131r\u0131lmas\u0131 v\u0259 Avropa \u0130ttifaq\u0131 siyas\u0259ti il\u0259 yax\u0131nla\u015fma komit\u0259sinin birg\u0259 iclaslar\u0131 \u00f6z i\u015fin\u0259 ba\u015flay\u0131b. ARANTV.AZ-\u0131n x\u0259b\u0259rin\u0259 g\u00f6r\u0259, iclaslarda Az\u0259rbaycan n\u00fcmay\u0259nd\u0259 hey\u0259tinin r\u0259hb\u0259ri Sahib\u0259 Qafarova, deputatlar Cavan\u015fir Feyziyev, Az\u0259r K\u0259rimli, M\u0259lah\u0259t \u0130brahimq\u0131z\u0131 v\u0259 Tahir Mirki\u015fili i\u015ftirak edirl\u0259r. Qeyd ed\u0259k ki, sosial m\u0259s\u0259l\u0259l\u0259r, m\u0259\u015f\u011fulluq, t\u0259hsil, m\u0259d\u0259niyy\u0259t v\u0259 v\u0259t\u0259nda\u015f c\u0259miyy\u0259ti komit\u0259si il\u0259 \u0130qtisadi inteqrasiya, h\u00fcquqi normalar\u0131n uy\u011funla\u015fd\u0131r\u0131lmas\u0131 v\u0259 Avropa \u0130ttifaq\u0131 siyas\u0259ti il\u0259 yax\u0131nla\u015fma komit\u0259sinin birg\u0259 iclas\u0131nda \u201cAvropa \u0130ttifaq\u0131 v\u0259 \u015e\u0259rq T\u0259r\u0259fda\u015fl\u0131\u011f\u0131 \u00f6lk\u0259l\u0259rind\u0259 t\u0259hsil sah\u0259sind\u0259 innovasiya&hellip;<\/p>\n","protected":false},"author":2,"featured_media":35655,"comment_status":"closed","ping_status":"closed","sticky":false,"template":"","format":"standard","meta":{"om_disable_all_campaigns":false,"_monsterinsights_skip_tracking":false,"_monsterinsights_sitenote_active":false,"_monsterinsights_sitenote_note":"","_monsterinsights_sitenote_category":0},"categories":[4],"tags":[],"aioseo_notices":[],"gutentor_comment":0,"rttpg_featured_image_url":{"full":["https:\/\/arantv.az\/wp-content\/uploads\/2019\/01\/avronesttttt.jpg",620,465,false],"landscape":["https:\/\/arantv.az\/wp-content\/uploads\/2019\/01\/avronesttttt.jpg",620,465,false],"portraits":["https:\/\/arantv.az\/wp-content\/uploads\/2019\/01\/avronesttttt.jpg",620,465,false],"thumbnail":["https:\/\/arantv.az\/wp-content\/uploads\/2019\/01\/avronesttttt-150x150.jpg",150,150,true],"medium":["https:\/\/arantv.az\/wp-content\/uploads\/2019\/01\/avronesttttt-300x225.jpg",300,225,true],"large":["https:\/\/arantv.az\/wp-content\/uploads\/2019\/01\/avronesttttt.jpg",620,465,false],"1536x1536":["https:\/\/arantv.az\/wp-content\/uploads\/2019\/01\/avronesttttt.jpg",620,465,false],"2048x2048":["https:\/\/arantv.az\/wp-content\/uploads\/2019\/01\/avronesttttt.jpg",620,465,false],"post-thumbnail":["https:\/\/arantv.az\/wp-content\/uploads\/2019\/01\/avronesttttt-240x172.jpg",240,172,true],"advps-thumb-one":["https:\/\/arantv.az\/wp-content\/uploads\/2019\/01\/avronesttttt.jpg",620,465,false]},"rttpg_author":{"display_name":"V\u00fcsal Rafiqo\u011flu","author_link":"https:\/\/arantv.az\/?author=2"},"rttpg_comment":0,"rttpg_category":"<a href=\"https:\/\/arantv.az\/?cat=4\" rel=\"category\">Siyas\u0259t<\/a>","rttpg_excerpt":"Br\u00fcsseld\u0259 Avronest Parlament Assambleyas\u0131n\u0131n (PA) Sosial m\u0259s\u0259l\u0259l\u0259r, m\u0259\u015f\u011fulluq, t\u0259hsil, m\u0259d\u0259niyy\u0259t v\u0259 v\u0259t\u0259nda\u015f c\u0259miyy\u0259ti komit\u0259si il\u0259 \u0130qtisadi inteqrasiya, h\u00fcquqi normalar\u0131n uy\u011funla\u015fd\u0131r\u0131lmas\u0131 v\u0259 Avropa \u0130ttifaq\u0131 siyas\u0259ti il\u0259 yax\u0131nla\u015fma komit\u0259sinin birg\u0259 iclaslar\u0131 \u00f6z i\u015fin\u0259 ba\u015flay\u0131b. ARANTV.AZ-\u0131n x\u0259b\u0259rin\u0259 g\u00f6r\u0259, iclaslarda Az\u0259rbaycan n\u00fcmay\u0259nd\u0259 hey\u0259tinin r\u0259hb\u0259ri Sahib\u0259 Qafarova, deputatlar Cavan\u015fir Feyziyev, Az\u0259r K\u0259rimli, M\u0259lah\u0259t \u0130brahimq\u0131z\u0131 v\u0259 Tahir Mirki\u015fili i\u015ftirak edirl\u0259r. Qeyd&hellip;","_links":{"self":[{"href":"https:\/\/arantv.az\/index.php?rest_route=\/wp\/v2\/posts\/35654"}],"collection":[{"href":"https:\/\/arantv.az\/index.php?rest_route=\/wp\/v2\/posts"}],"about":[{"href":"https:\/\/arantv.az\/index.php?rest_route=\/wp\/v2\/types\/post"}],"author":[{"embeddable":true,"href":"https:\/\/arantv.az\/index.php?rest_route=\/wp\/v2\/users\/2"}],"replies":[{"embeddable":true,"href":"https:\/\/arantv.az\/index.php?rest_route=%2Fwp%2Fv2%2Fcomments&post=35654"}],"version-history":[{"count":0,"href":"https:\/\/arantv.az\/index.php?rest_route=\/wp\/v2\/posts\/35654\/revisions"}],"wp:featuredmedia":[{"embeddable":true,"href":"https:\/\/arantv.az\/index.php?rest_route=\/wp\/v2\/media\/35655"}],"wp:attachment":[{"href":"https:\/\/arantv.az\/index.php?rest_route=%2Fwp%2Fv2%2Fmedia&parent=35654"}],"wp:term":[{"taxonomy":"category","embeddable":true,"href":"https:\/\/arantv.az\/index.php?rest_route=%2Fwp%2Fv2%2Fcategories&post=35654"},{"taxonomy":"post_tag","embeddable":true,"href":"https:\/\/arantv.az\/index.php?rest_route=%2Fwp%2Fv2%2Ftags&post=35654"}],"curies":[{"name":"wp","href":"https:\/\/api.w.org\/{rel}","templated":true}]}}