{"id":35666,"date":"2019-01-29T15:58:39","date_gmt":"2019-01-29T12:58:39","guid":{"rendered":"http:\/\/arantv.az\/?p=35666"},"modified":"2019-01-29T15:58:39","modified_gmt":"2019-01-29T12:58:39","slug":"az%c9%99rbaycanda-2-usaq-anasi-19-yasli-oglana-qosulub-qacdi-sok-iddia-foto","status":"publish","type":"post","link":"https:\/\/arantv.az\/?p=35666","title":{"rendered":"Az\u0259rbaycanda 2 u\u015faq anas\u0131 19 ya\u015fl\u0131 o\u011flana qo\u015fulub qa\u00e7d\u0131 &#8211; \u015eOK \u0130DD\u0130A &#8211; FOTO"},"content":{"rendered":"<p>Az\u0259rbaycanda 36 ya\u015fl\u0131 iki u\u015faq anas\u0131 19 ya\u015fl\u0131 o\u011flana qo\u015fulub qa\u00e7\u0131b.<\/p>\n<p><b>ARANTV.AZ\u00a0<\/b> x\u0259b\u0259r verir ki, X\u0259z\u0259r televiziyas\u0131nda yay\u0131mlanan v\u0259 Xo\u015fq\u0259d\u0259m Hiday\u0259tq\u0131z\u0131n\u0131n apar\u0131c\u0131l\u0131q etdiyi \u201cS\u0259ni axtar\u0131ram\u201d verili\u015fin\u0259 \u00e7\u0131xan Elsev\u0259r H\u0259\u015fimovun atas\u0131 \u018fli H\u0259\u015fimov bildirib.<\/p>\n<p>O bildirib ki, o\u011flu dekabr\u0131n 25-d\u0259 evd\u0259n \u00e7\u0131x\u0131b, Bak\u0131ya i\u015fl\u0259m\u0259k ad\u0131 il\u0259 g\u0259lib: \u201cO\u011flum it\u0259nd\u0259n sonra bilmi\u015fik ki, o, 2 u\u015faq anas\u0131 il\u0259 telefonda dan\u0131\u015f\u0131b. Qad\u0131n o\u011flumu telefonda h\u0259d\u0259l\u0259yirdi. Onun telefonunu s\u00f6nd\u00fcr\u0259n zaman tez-tez z\u0259ng edirdi\u201d.<\/p>\n<p>Apar\u0131c\u0131 bildirib ki, dekabr\u0131n 26-da Sabirabad rayonunun Yenik\u0259nd k\u0259ndind\u0259 ya\u015fayan Ayg\u00fcn M\u0259stal\u0131 q\u0131z\u0131 H\u0259\u015fimova da yoxa \u00e7\u0131x\u0131b.<\/p>\n<div id=\"AdributorNativeVideo0\" class=\"AdributorNativeVideo\"><\/div>\n<p><ins><\/ins><\/p>\n<div id=\"beacon_0c6c92019c\"><img loading=\"lazy\" src=\"https:\/\/ads2.newmedia.az\/www\/delivery\/lg.php?bannerid=0&amp;campaignid=0&amp;zoneid=975&amp;loc=https%3A%2F%2Fbig.az%2F342651-36_yasli_qadinla_qacan.html&amp;referer=https%3A%2F%2Fbig.az%2F&amp;cb=0c6c92019c\" alt=\"\" width=\"0\" height=\"0\" \/><\/div>\n<p>\u018fli H\u0259\u015fimov o\u011flunun bu qad\u0131nla qa\u00e7d\u0131\u011f\u0131n\u0131 s\u00f6yl\u0259yib: \u201c M\u0259nim o\u011flum dekabr\u0131n 25-i, o is\u0259 26-s\u0131 yoxa \u00e7\u0131x\u0131b. Bu qad\u0131n m\u0259nim h\u0259mk\u0259ndlimdir. O, bir ne\u00e7\u0259 d\u0259f\u0259 \u0259r\u0259 gedib\u201d.<\/p>\n<p><img class=\"imgbcodecent\" src=\"https:\/\/upload.az\/foto\/arxiv\/1_41548765547.png\" alt=\"Az\u0259rbaycanda 2 u\u015faq anas\u0131 19 ya\u015fl\u0131 o\u011flana qo\u015fulub qa\u00e7d\u0131 - \u015eOK \u0130DD\u0130A - FOTO\" \/><br \/>\n<img class=\"imgbcodecent\" src=\"https:\/\/upload.az\/foto\/arxiv\/11_41548765547.png\" alt=\"Az\u0259rbaycanda 2 u\u015faq anas\u0131 19 ya\u015fl\u0131 o\u011flana qo\u015fulub qa\u00e7d\u0131 - \u015eOK \u0130DD\u0130A - FOTO\" \/><br \/>\n<img class=\"imgbcodecent\" src=\"https:\/\/upload.az\/foto\/arxiv\/12_21548765547.png\" alt=\"Az\u0259rbaycanda 2 u\u015faq anas\u0131 19 ya\u015fl\u0131 o\u011flana qo\u015fulub qa\u00e7d\u0131 - \u015eOK \u0130DD\u0130A - FOTO\" \/><br \/>\n<img class=\"imgbcodecent\" src=\"https:\/\/upload.az\/foto\/arxiv\/Snimok_31548765547.png\" alt=\"Az\u0259rbaycanda 2 u\u015faq anas\u0131 19 ya\u015fl\u0131 o\u011flana qo\u015fulub qa\u00e7d\u0131 - \u015eOK \u0130DD\u0130A - FOTO\" \/><\/p>\n<p>&nbsp;<\/p>\n<p>big.az<\/p>\n","protected":false},"excerpt":{"rendered":"<p>Az\u0259rbaycanda 36 ya\u015fl\u0131 iki u\u015faq anas\u0131 19 ya\u015fl\u0131 o\u011flana qo\u015fulub qa\u00e7\u0131b. ARANTV.AZ\u00a0 x\u0259b\u0259r verir ki, X\u0259z\u0259r televiziyas\u0131nda yay\u0131mlanan v\u0259 Xo\u015fq\u0259d\u0259m Hiday\u0259tq\u0131z\u0131n\u0131n apar\u0131c\u0131l\u0131q etdiyi \u201cS\u0259ni axtar\u0131ram\u201d verili\u015fin\u0259 \u00e7\u0131xan Elsev\u0259r H\u0259\u015fimovun atas\u0131 \u018fli H\u0259\u015fimov bildirib. O bildirib ki, o\u011flu dekabr\u0131n 25-d\u0259 evd\u0259n \u00e7\u0131x\u0131b, Bak\u0131ya i\u015fl\u0259m\u0259k ad\u0131 il\u0259 g\u0259lib: \u201cO\u011flum it\u0259nd\u0259n sonra bilmi\u015fik ki, o, 2 u\u015faq anas\u0131 il\u0259 telefonda dan\u0131\u015f\u0131b. Qad\u0131n o\u011flumu telefonda h\u0259d\u0259l\u0259yirdi. Onun telefonunu s\u00f6nd\u00fcr\u0259n zaman tez-tez z\u0259ng edirdi\u201d. Apar\u0131c\u0131 bildirib ki, dekabr\u0131n 26-da Sabirabad rayonunun Yenik\u0259nd k\u0259ndind\u0259 ya\u015fayan Ayg\u00fcn M\u0259stal\u0131 q\u0131z\u0131 H\u0259\u015fimova da yoxa \u00e7\u0131x\u0131b. \u018fli H\u0259\u015fimov o\u011flunun bu&hellip;<\/p>\n","protected":false},"author":2,"featured_media":35667,"comment_status":"closed","ping_status":"closed","sticky":false,"template":"","format":"standard","meta":{"om_disable_all_campaigns":false,"_monsterinsights_skip_tracking":false,"_monsterinsights_sitenote_active":false,"_monsterinsights_sitenote_note":"","_monsterinsights_sitenote_category":0},"categories":[1],"tags":[],"aioseo_notices":[],"gutentor_comment":0,"rttpg_featured_image_url":{"full":["https:\/\/arantv.az\/wp-content\/uploads\/2019\/01\/Snimok_81548765582.png",293,307,false],"landscape":["https:\/\/arantv.az\/wp-content\/uploads\/2019\/01\/Snimok_81548765582.png",293,307,false],"portraits":["https:\/\/arantv.az\/wp-content\/uploads\/2019\/01\/Snimok_81548765582.png",293,307,false],"thumbnail":["https:\/\/arantv.az\/wp-content\/uploads\/2019\/01\/Snimok_81548765582-150x150.png",150,150,true],"medium":["https:\/\/arantv.az\/wp-content\/uploads\/2019\/01\/Snimok_81548765582-286x300.png",286,300,true],"large":["https:\/\/arantv.az\/wp-content\/uploads\/2019\/01\/Snimok_81548765582.png",293,307,false],"1536x1536":["https:\/\/arantv.az\/wp-content\/uploads\/2019\/01\/Snimok_81548765582.png",293,307,false],"2048x2048":["https:\/\/arantv.az\/wp-content\/uploads\/2019\/01\/Snimok_81548765582.png",293,307,false],"post-thumbnail":["https:\/\/arantv.az\/wp-content\/uploads\/2019\/01\/Snimok_81548765582-240x172.png",240,172,true],"advps-thumb-one":["https:\/\/arantv.az\/wp-content\/uploads\/2019\/01\/Snimok_81548765582.png",293,307,false]},"rttpg_author":{"display_name":"V\u00fcsal Rafiqo\u011flu","author_link":"https:\/\/arantv.az\/?author=2"},"rttpg_comment":0,"rttpg_category":"<a href=\"https:\/\/arantv.az\/?cat=1\" rel=\"category\">C\u0259miyy\u0259t<\/a>","rttpg_excerpt":"Az\u0259rbaycanda 36 ya\u015fl\u0131 iki u\u015faq anas\u0131 19 ya\u015fl\u0131 o\u011flana qo\u015fulub qa\u00e7\u0131b. ARANTV.AZ\u00a0 x\u0259b\u0259r verir ki, X\u0259z\u0259r televiziyas\u0131nda yay\u0131mlanan v\u0259 Xo\u015fq\u0259d\u0259m Hiday\u0259tq\u0131z\u0131n\u0131n apar\u0131c\u0131l\u0131q etdiyi \u201cS\u0259ni axtar\u0131ram\u201d verili\u015fin\u0259 \u00e7\u0131xan Elsev\u0259r H\u0259\u015fimovun atas\u0131 \u018fli H\u0259\u015fimov bildirib. O bildirib ki, o\u011flu dekabr\u0131n 25-d\u0259 evd\u0259n \u00e7\u0131x\u0131b, Bak\u0131ya i\u015fl\u0259m\u0259k ad\u0131 il\u0259 g\u0259lib: \u201cO\u011flum it\u0259nd\u0259n sonra bilmi\u015fik ki, o, 2 u\u015faq anas\u0131&hellip;","_links":{"self":[{"href":"https:\/\/arantv.az\/index.php?rest_route=\/wp\/v2\/posts\/35666"}],"collection":[{"href":"https:\/\/arantv.az\/index.php?rest_route=\/wp\/v2\/posts"}],"about":[{"href":"https:\/\/arantv.az\/index.php?rest_route=\/wp\/v2\/types\/post"}],"author":[{"embeddable":true,"href":"https:\/\/arantv.az\/index.php?rest_route=\/wp\/v2\/users\/2"}],"replies":[{"embeddable":true,"href":"https:\/\/arantv.az\/index.php?rest_route=%2Fwp%2Fv2%2Fcomments&post=35666"}],"version-history":[{"count":0,"href":"https:\/\/arantv.az\/index.php?rest_route=\/wp\/v2\/posts\/35666\/revisions"}],"wp:featuredmedia":[{"embeddable":true,"href":"https:\/\/arantv.az\/index.php?rest_route=\/wp\/v2\/media\/35667"}],"wp:attachment":[{"href":"https:\/\/arantv.az\/index.php?rest_route=%2Fwp%2Fv2%2Fmedia&parent=35666"}],"wp:term":[{"taxonomy":"category","embeddable":true,"href":"https:\/\/arantv.az\/index.php?rest_route=%2Fwp%2Fv2%2Fcategories&post=35666"},{"taxonomy":"post_tag","embeddable":true,"href":"https:\/\/arantv.az\/index.php?rest_route=%2Fwp%2Fv2%2Ftags&post=35666"}],"curies":[{"name":"wp","href":"https:\/\/api.w.org\/{rel}","templated":true}]}}