{"id":35679,"date":"2019-01-29T16:06:42","date_gmt":"2019-01-29T13:06:42","guid":{"rendered":"http:\/\/arantv.az\/?p=35679"},"modified":"2019-01-29T16:06:42","modified_gmt":"2019-01-29T13:06:42","slug":"ilham-%c9%99liyevin-istirak-etdiyi-konfransdan-fotolar","status":"publish","type":"post","link":"https:\/\/arantv.az\/?p=35679","title":{"rendered":"\u0130lham \u018fliyevin i\u015ftirak etdiyi konfransdan FOTOLAR"},"content":{"rendered":"<p>Bu g\u00fcn, yanvar\u0131n 29-da \u201cAz\u0259rbaycan Respublikas\u0131 regionlar\u0131n\u0131n 2014-2018-ci ill\u0259rd\u0259 sosial-iqtisadi inki\u015faf\u0131 D\u00f6vl\u0259t Proqram\u0131\u201dn\u0131n icras\u0131n\u0131n yekunlar\u0131na h\u0259sr olunan konfrans ke\u00e7irilib.<\/p>\n<div class=\"news-detail\">\n<div class=\"img-info\">\n<div class=\"detail-content\">\n<p><strong>ARANTV.AZ<\/strong>\u00a0 konfransdan \u00e7\u0259kilmi\u015f fotolar\u0131 t\u0259qdim edir:<\/p>\n<div class=\"carousel initialized\" data-namespace=\"DIVcarousel0\"><a class=\"carousel-item active\" href=\"http:\/\/olke.az\/news\/detail\/ilham-eliyevin-istirak-etdiyi-konfransdan-fotolar-148246#!\"><img src=\"http:\/\/olke.az\/uploads\/1548762288\/p22.jpg\" alt=\"\" width=\"100%\" data-desc=\"\" data-author=\"olke.az\" \/><\/a><a class=\"carousel-item\" href=\"http:\/\/olke.az\/news\/detail\/ilham-eliyevin-istirak-etdiyi-konfransdan-fotolar-148246#!\"><img src=\"http:\/\/olke.az\/uploads\/1548762288\/p21.jpg\" alt=\"\" width=\"100%\" data-desc=\"\" data-author=\"olke.az\" \/><\/a><a class=\"carousel-item\" href=\"http:\/\/olke.az\/news\/detail\/ilham-eliyevin-istirak-etdiyi-konfransdan-fotolar-148246#!\"><img src=\"http:\/\/olke.az\/uploads\/1548762288\/p20.jpg\" alt=\"\" width=\"100%\" data-desc=\"\" data-author=\"olke.az\" \/><\/a><a class=\"carousel-item\" href=\"http:\/\/olke.az\/news\/detail\/ilham-eliyevin-istirak-etdiyi-konfransdan-fotolar-148246#!\"><img src=\"http:\/\/olke.az\/uploads\/1548762288\/p19.jpg\" alt=\"\" width=\"100%\" data-desc=\"\" data-author=\"olke.az\" \/><\/a><a class=\"carousel-item\" href=\"http:\/\/olke.az\/news\/detail\/ilham-eliyevin-istirak-etdiyi-konfransdan-fotolar-148246#!\"><img src=\"http:\/\/olke.az\/uploads\/1548762288\/p18.jpg\" alt=\"\" width=\"100%\" data-desc=\"\" data-author=\"olke.az\" \/><\/a><a class=\"carousel-item\" href=\"http:\/\/olke.az\/news\/detail\/ilham-eliyevin-istirak-etdiyi-konfransdan-fotolar-148246#!\"><img src=\"http:\/\/olke.az\/uploads\/1548762288\/p17.jpg\" alt=\"\" width=\"100%\" data-desc=\"\" data-author=\"olke.az\" \/><\/a><a class=\"carousel-item\" href=\"http:\/\/olke.az\/news\/detail\/ilham-eliyevin-istirak-etdiyi-konfransdan-fotolar-148246#!\"><img src=\"http:\/\/olke.az\/uploads\/1548762288\/p16.jpg\" alt=\"\" width=\"100%\" data-desc=\"\" data-author=\"olke.az\" \/><\/a><a class=\"carousel-item\" href=\"http:\/\/olke.az\/news\/detail\/ilham-eliyevin-istirak-etdiyi-konfransdan-fotolar-148246#!\"><img src=\"http:\/\/olke.az\/uploads\/1548762288\/p15.jpg\" alt=\"\" width=\"100%\" data-desc=\"\" data-author=\"olke.az\" \/><\/a><a class=\"carousel-item\" href=\"http:\/\/olke.az\/news\/detail\/ilham-eliyevin-istirak-etdiyi-konfransdan-fotolar-148246#!\"><img src=\"http:\/\/olke.az\/uploads\/1548762288\/p14.jpg\" alt=\"\" width=\"100%\" data-desc=\"\" data-author=\"olke.az\" \/><\/a><a class=\"carousel-item\" href=\"http:\/\/olke.az\/news\/detail\/ilham-eliyevin-istirak-etdiyi-konfransdan-fotolar-148246#!\"><img src=\"http:\/\/olke.az\/uploads\/1548762288\/p13.jpg\" alt=\"\" width=\"100%\" data-desc=\"\" data-author=\"olke.az\" \/><\/a><a class=\"carousel-item\" href=\"http:\/\/olke.az\/news\/detail\/ilham-eliyevin-istirak-etdiyi-konfransdan-fotolar-148246#!\"><img src=\"http:\/\/olke.az\/uploads\/1548762288\/p12.jpg\" alt=\"\" width=\"100%\" data-desc=\"\" data-author=\"olke.az\" \/><\/a><a class=\"carousel-item\" href=\"http:\/\/olke.az\/news\/detail\/ilham-eliyevin-istirak-etdiyi-konfransdan-fotolar-148246#!\"><img src=\"http:\/\/olke.az\/uploads\/1548762288\/p11.jpg\" alt=\"\" width=\"100%\" data-desc=\"\" data-author=\"olke.az\" \/><\/a><a class=\"carousel-item\" href=\"http:\/\/olke.az\/news\/detail\/ilham-eliyevin-istirak-etdiyi-konfransdan-fotolar-148246#!\"><img src=\"http:\/\/olke.az\/uploads\/1548762288\/p10.jpg\" alt=\"\" width=\"100%\" data-desc=\"\" data-author=\"olke.az\" \/><\/a><a class=\"carousel-item\" href=\"http:\/\/olke.az\/news\/detail\/ilham-eliyevin-istirak-etdiyi-konfransdan-fotolar-148246#!\"><img src=\"http:\/\/olke.az\/uploads\/1548762288\/p9.jpg\" alt=\"\" width=\"100%\" data-desc=\"\" data-author=\"olke.az\" \/><\/a><a class=\"carousel-item\" href=\"http:\/\/olke.az\/news\/detail\/ilham-eliyevin-istirak-etdiyi-konfransdan-fotolar-148246#!\"><img src=\"http:\/\/olke.az\/uploads\/1548762288\/p8.jpg\" alt=\"\" width=\"100%\" data-desc=\"\" data-author=\"olke.az\" \/><\/a><a class=\"carousel-item\" href=\"http:\/\/olke.az\/news\/detail\/ilham-eliyevin-istirak-etdiyi-konfransdan-fotolar-148246#!\"><img src=\"http:\/\/olke.az\/uploads\/1548762288\/p7.jpg\" alt=\"\" width=\"100%\" data-desc=\"\" data-author=\"olke.az\" \/><\/a><a class=\"carousel-item\" href=\"http:\/\/olke.az\/news\/detail\/ilham-eliyevin-istirak-etdiyi-konfransdan-fotolar-148246#!\"><img src=\"http:\/\/olke.az\/uploads\/1548762288\/p6.jpg\" alt=\"\" width=\"100%\" data-desc=\"\" data-author=\"olke.az\" \/><\/a><a class=\"carousel-item\" href=\"http:\/\/olke.az\/news\/detail\/ilham-eliyevin-istirak-etdiyi-konfransdan-fotolar-148246#!\"><img src=\"http:\/\/olke.az\/uploads\/1548762288\/p5.jpg\" alt=\"\" width=\"100%\" data-desc=\"\" data-author=\"olke.az\" \/><\/a><a class=\"carousel-item\" href=\"http:\/\/olke.az\/news\/detail\/ilham-eliyevin-istirak-etdiyi-konfransdan-fotolar-148246#!\"><img src=\"http:\/\/olke.az\/uploads\/1548762288\/p4.jpg\" alt=\"\" width=\"100%\" data-desc=\"\" data-author=\"olke.az\" \/><\/a><a class=\"carousel-item\" href=\"http:\/\/olke.az\/news\/detail\/ilham-eliyevin-istirak-etdiyi-konfransdan-fotolar-148246#!\"><img src=\"http:\/\/olke.az\/uploads\/1548762288\/p3.jpg\" alt=\"\" width=\"100%\" data-desc=\"\" data-author=\"olke.az\" \/><\/a><a class=\"carousel-item\" href=\"http:\/\/olke.az\/news\/detail\/ilham-eliyevin-istirak-etdiyi-konfransdan-fotolar-148246#!\"><img src=\"http:\/\/olke.az\/uploads\/1548762288\/p2.jpg\" alt=\"\" width=\"100%\" data-desc=\"\" data-author=\"olke.az\" \/><\/a><a class=\"carousel-item\" href=\"http:\/\/olke.az\/news\/detail\/ilham-eliyevin-istirak-etdiyi-konfransdan-fotolar-148246#!\"><img src=\"http:\/\/olke.az\/uploads\/1548762288\/p1.jpg\" alt=\"\" width=\"100%\" data-desc=\"\" data-author=\"olke.az\" \/><\/a><\/div>\n<\/div>\n<\/div>\n<\/div>\n<div class=\"fbComments-container mb20\">\n<div class=\"post-actions\">\n<div class=\"add-commmet\">\n<div class=\"comment-icon\"><\/div>\n<div class=\"comment-text\"><\/div>\n<\/div>\n<\/div>\n<\/div>\n","protected":false},"excerpt":{"rendered":"<p>Bu g\u00fcn, yanvar\u0131n 29-da \u201cAz\u0259rbaycan Respublikas\u0131 regionlar\u0131n\u0131n 2014-2018-ci ill\u0259rd\u0259 sosial-iqtisadi inki\u015faf\u0131 D\u00f6vl\u0259t Proqram\u0131\u201dn\u0131n icras\u0131n\u0131n yekunlar\u0131na h\u0259sr olunan konfrans ke\u00e7irilib. ARANTV.AZ\u00a0 konfransdan \u00e7\u0259kilmi\u015f fotolar\u0131 t\u0259qdim edir:<\/p>\n","protected":false},"author":2,"featured_media":35680,"comment_status":"closed","ping_status":"closed","sticky":false,"template":"","format":"standard","meta":{"om_disable_all_campaigns":false,"_monsterinsights_skip_tracking":false,"_monsterinsights_sitenote_active":false,"_monsterinsights_sitenote_note":"","_monsterinsights_sitenote_category":0},"categories":[8],"tags":[],"aioseo_notices":[],"gutentor_comment":0,"rttpg_featured_image_url":{"full":["https:\/\/arantv.az\/wp-content\/uploads\/2019\/01\/pre.jpg",620,375,false],"landscape":["https:\/\/arantv.az\/wp-content\/uploads\/2019\/01\/pre.jpg",620,375,false],"portraits":["https:\/\/arantv.az\/wp-content\/uploads\/2019\/01\/pre.jpg",620,375,false],"thumbnail":["https:\/\/arantv.az\/wp-content\/uploads\/2019\/01\/pre-150x150.jpg",150,150,true],"medium":["https:\/\/arantv.az\/wp-content\/uploads\/2019\/01\/pre-300x181.jpg",300,181,true],"large":["https:\/\/arantv.az\/wp-content\/uploads\/2019\/01\/pre.jpg",620,375,false],"1536x1536":["https:\/\/arantv.az\/wp-content\/uploads\/2019\/01\/pre.jpg",620,375,false],"2048x2048":["https:\/\/arantv.az\/wp-content\/uploads\/2019\/01\/pre.jpg",620,375,false],"post-thumbnail":["https:\/\/arantv.az\/wp-content\/uploads\/2019\/01\/pre-240x172.jpg",240,172,true],"advps-thumb-one":["https:\/\/arantv.az\/wp-content\/uploads\/2019\/01\/pre.jpg",620,375,false]},"rttpg_author":{"display_name":"V\u00fcsal Rafiqo\u011flu","author_link":"https:\/\/arantv.az\/?author=2"},"rttpg_comment":0,"rttpg_category":"<a href=\"https:\/\/arantv.az\/?cat=8\" rel=\"category\">\u018fsas s\u0259hif\u0259<\/a>","rttpg_excerpt":"Bu g\u00fcn, yanvar\u0131n 29-da \u201cAz\u0259rbaycan Respublikas\u0131 regionlar\u0131n\u0131n 2014-2018-ci ill\u0259rd\u0259 sosial-iqtisadi inki\u015faf\u0131 D\u00f6vl\u0259t Proqram\u0131\u201dn\u0131n icras\u0131n\u0131n yekunlar\u0131na h\u0259sr olunan konfrans ke\u00e7irilib. ARANTV.AZ\u00a0 konfransdan \u00e7\u0259kilmi\u015f fotolar\u0131 t\u0259qdim edir:","_links":{"self":[{"href":"https:\/\/arantv.az\/index.php?rest_route=\/wp\/v2\/posts\/35679"}],"collection":[{"href":"https:\/\/arantv.az\/index.php?rest_route=\/wp\/v2\/posts"}],"about":[{"href":"https:\/\/arantv.az\/index.php?rest_route=\/wp\/v2\/types\/post"}],"author":[{"embeddable":true,"href":"https:\/\/arantv.az\/index.php?rest_route=\/wp\/v2\/users\/2"}],"replies":[{"embeddable":true,"href":"https:\/\/arantv.az\/index.php?rest_route=%2Fwp%2Fv2%2Fcomments&post=35679"}],"version-history":[{"count":0,"href":"https:\/\/arantv.az\/index.php?rest_route=\/wp\/v2\/posts\/35679\/revisions"}],"wp:featuredmedia":[{"embeddable":true,"href":"https:\/\/arantv.az\/index.php?rest_route=\/wp\/v2\/media\/35680"}],"wp:attachment":[{"href":"https:\/\/arantv.az\/index.php?rest_route=%2Fwp%2Fv2%2Fmedia&parent=35679"}],"wp:term":[{"taxonomy":"category","embeddable":true,"href":"https:\/\/arantv.az\/index.php?rest_route=%2Fwp%2Fv2%2Fcategories&post=35679"},{"taxonomy":"post_tag","embeddable":true,"href":"https:\/\/arantv.az\/index.php?rest_route=%2Fwp%2Fv2%2Ftags&post=35679"}],"curies":[{"name":"wp","href":"https:\/\/api.w.org\/{rel}","templated":true}]}}