{"id":35692,"date":"2019-01-29T16:11:33","date_gmt":"2019-01-29T13:11:33","guid":{"rendered":"http:\/\/arantv.az\/?p=35692"},"modified":"2019-01-29T16:11:33","modified_gmt":"2019-01-29T13:11:33","slug":"s%c9%99f%c9%99r-mehdiyev-az%c9%99rbaycan-yeni-gomruk-buraxilis-m%c9%99nt%c9%99q%c9%99l%c9%99ri-acacaq","status":"publish","type":"post","link":"https:\/\/arantv.az\/?p=35692","title":{"rendered":"S\u0259f\u0259r Mehdiyev: &#8220;Az\u0259rbaycan yeni g\u00f6mr\u00fck-burax\u0131l\u0131\u015f m\u0259nt\u0259q\u0259l\u0259ri a\u00e7acaq&#8221;"},"content":{"rendered":"<p><strong>Az\u0259rbaycanda qon\u015fu \u00f6lk\u0259l\u0259rl\u0259 s\u0259rh\u0259dd\u0259 yeni g\u00f6mr\u00fck-burax\u0131l\u0131\u015f m\u0259nt\u0259q\u0259l\u0259rinin a\u00e7\u0131lmas\u0131n\u0131 n\u0259z\u0259rd\u0259 tutan innovativ layih\u0259 haz\u0131rlan\u0131r.<\/strong><\/p>\n<p><strong>ARANTV.AZ<\/strong> trend-\u0259 istinad\u0259n bildirir ki,\u00a0bunu D\u00f6vl\u0259t G\u00f6mr\u00fck Komit\u0259sinin s\u0259dri S\u0259f\u0259r Mehdiyev Bak\u0131da ke\u00e7iril\u0259n &#8220;Az\u0259rbaycan Respublikas\u0131 regionlar\u0131n\u0131n 2014-2018-ci ill\u0259rd\u0259 sosial-iqtisadi inki\u015faf\u0131 D\u00f6vl\u0259t Proqram\u0131&#8221;n\u0131n icras\u0131n\u0131n yekunlar\u0131na h\u0259sr olunan konfransda \u00e7\u0131x\u0131\u015f\u0131 zaman\u0131 deyib.<\/p>\n<div id=\"AdributorNativeVideo0\" class=\"AdributorNativeVideo\"><\/div>\n<p>Komit\u0259 s\u0259dri bildirib ki, layih\u0259nin \u0259sas m\u0259qs\u0259di mallar\u0131n ixrac\u0131 il\u0259 ba\u011fl\u0131 m\u0259s\u0259l\u0259l\u0259rd\u0259 sahibkarl\u0131\u011f\u0131n inki\u015faf\u0131na d\u0259st\u0259k g\u00f6st\u0259rm\u0259kdir.<\/p>\n","protected":false},"excerpt":{"rendered":"<p>Az\u0259rbaycanda qon\u015fu \u00f6lk\u0259l\u0259rl\u0259 s\u0259rh\u0259dd\u0259 yeni g\u00f6mr\u00fck-burax\u0131l\u0131\u015f m\u0259nt\u0259q\u0259l\u0259rinin a\u00e7\u0131lmas\u0131n\u0131 n\u0259z\u0259rd\u0259 tutan innovativ layih\u0259 haz\u0131rlan\u0131r. ARANTV.AZ trend-\u0259 istinad\u0259n bildirir ki,\u00a0bunu D\u00f6vl\u0259t G\u00f6mr\u00fck Komit\u0259sinin s\u0259dri S\u0259f\u0259r Mehdiyev Bak\u0131da ke\u00e7iril\u0259n &#8220;Az\u0259rbaycan Respublikas\u0131 regionlar\u0131n\u0131n 2014-2018-ci ill\u0259rd\u0259 sosial-iqtisadi inki\u015faf\u0131 D\u00f6vl\u0259t Proqram\u0131&#8221;n\u0131n icras\u0131n\u0131n yekunlar\u0131na h\u0259sr olunan konfransda \u00e7\u0131x\u0131\u015f\u0131 zaman\u0131 deyib. Komit\u0259 s\u0259dri bildirib ki, layih\u0259nin \u0259sas m\u0259qs\u0259di mallar\u0131n ixrac\u0131 il\u0259 ba\u011fl\u0131 m\u0259s\u0259l\u0259l\u0259rd\u0259 sahibkarl\u0131\u011f\u0131n inki\u015faf\u0131na d\u0259st\u0259k g\u00f6st\u0259rm\u0259kdir.<\/p>\n","protected":false},"author":2,"featured_media":35693,"comment_status":"closed","ping_status":"closed","sticky":false,"template":"","format":"standard","meta":{"om_disable_all_campaigns":false,"_monsterinsights_skip_tracking":false,"_monsterinsights_sitenote_active":false,"_monsterinsights_sitenote_note":"","_monsterinsights_sitenote_category":0},"categories":[1],"tags":[],"aioseo_notices":[],"gutentor_comment":0,"rttpg_featured_image_url":{"full":["https:\/\/arantv.az\/wp-content\/uploads\/2019\/01\/725779.jpg",800,600,false],"landscape":["https:\/\/arantv.az\/wp-content\/uploads\/2019\/01\/725779.jpg",800,600,false],"portraits":["https:\/\/arantv.az\/wp-content\/uploads\/2019\/01\/725779.jpg",800,600,false],"thumbnail":["https:\/\/arantv.az\/wp-content\/uploads\/2019\/01\/725779-150x150.jpg",150,150,true],"medium":["https:\/\/arantv.az\/wp-content\/uploads\/2019\/01\/725779-300x225.jpg",300,225,true],"large":["https:\/\/arantv.az\/wp-content\/uploads\/2019\/01\/725779.jpg",640,480,false],"1536x1536":["https:\/\/arantv.az\/wp-content\/uploads\/2019\/01\/725779.jpg",800,600,false],"2048x2048":["https:\/\/arantv.az\/wp-content\/uploads\/2019\/01\/725779.jpg",800,600,false],"post-thumbnail":["https:\/\/arantv.az\/wp-content\/uploads\/2019\/01\/725779-240x172.jpg",240,172,true],"advps-thumb-one":["https:\/\/arantv.az\/wp-content\/uploads\/2019\/01\/725779.jpg",800,600,false]},"rttpg_author":{"display_name":"V\u00fcsal Rafiqo\u011flu","author_link":"https:\/\/arantv.az\/?author=2"},"rttpg_comment":0,"rttpg_category":"<a href=\"https:\/\/arantv.az\/?cat=1\" rel=\"category\">C\u0259miyy\u0259t<\/a>","rttpg_excerpt":"Az\u0259rbaycanda qon\u015fu \u00f6lk\u0259l\u0259rl\u0259 s\u0259rh\u0259dd\u0259 yeni g\u00f6mr\u00fck-burax\u0131l\u0131\u015f m\u0259nt\u0259q\u0259l\u0259rinin a\u00e7\u0131lmas\u0131n\u0131 n\u0259z\u0259rd\u0259 tutan innovativ layih\u0259 haz\u0131rlan\u0131r. ARANTV.AZ trend-\u0259 istinad\u0259n bildirir ki,\u00a0bunu D\u00f6vl\u0259t G\u00f6mr\u00fck Komit\u0259sinin s\u0259dri S\u0259f\u0259r Mehdiyev Bak\u0131da ke\u00e7iril\u0259n &#8220;Az\u0259rbaycan Respublikas\u0131 regionlar\u0131n\u0131n 2014-2018-ci ill\u0259rd\u0259 sosial-iqtisadi inki\u015faf\u0131 D\u00f6vl\u0259t Proqram\u0131&#8221;n\u0131n icras\u0131n\u0131n yekunlar\u0131na h\u0259sr olunan konfransda \u00e7\u0131x\u0131\u015f\u0131 zaman\u0131 deyib. Komit\u0259 s\u0259dri bildirib ki, layih\u0259nin \u0259sas m\u0259qs\u0259di mallar\u0131n ixrac\u0131 il\u0259 ba\u011fl\u0131 m\u0259s\u0259l\u0259l\u0259rd\u0259&hellip;","_links":{"self":[{"href":"https:\/\/arantv.az\/index.php?rest_route=\/wp\/v2\/posts\/35692"}],"collection":[{"href":"https:\/\/arantv.az\/index.php?rest_route=\/wp\/v2\/posts"}],"about":[{"href":"https:\/\/arantv.az\/index.php?rest_route=\/wp\/v2\/types\/post"}],"author":[{"embeddable":true,"href":"https:\/\/arantv.az\/index.php?rest_route=\/wp\/v2\/users\/2"}],"replies":[{"embeddable":true,"href":"https:\/\/arantv.az\/index.php?rest_route=%2Fwp%2Fv2%2Fcomments&post=35692"}],"version-history":[{"count":0,"href":"https:\/\/arantv.az\/index.php?rest_route=\/wp\/v2\/posts\/35692\/revisions"}],"wp:featuredmedia":[{"embeddable":true,"href":"https:\/\/arantv.az\/index.php?rest_route=\/wp\/v2\/media\/35693"}],"wp:attachment":[{"href":"https:\/\/arantv.az\/index.php?rest_route=%2Fwp%2Fv2%2Fmedia&parent=35692"}],"wp:term":[{"taxonomy":"category","embeddable":true,"href":"https:\/\/arantv.az\/index.php?rest_route=%2Fwp%2Fv2%2Fcategories&post=35692"},{"taxonomy":"post_tag","embeddable":true,"href":"https:\/\/arantv.az\/index.php?rest_route=%2Fwp%2Fv2%2Ftags&post=35692"}],"curies":[{"name":"wp","href":"https:\/\/api.w.org\/{rel}","templated":true}]}}