{"id":35702,"date":"2019-01-30T08:24:05","date_gmt":"2019-01-30T05:24:05","guid":{"rendered":"http:\/\/arantv.az\/?p=35702"},"modified":"2019-01-30T08:24:05","modified_gmt":"2019-01-30T05:24:05","slug":"abs-prezidentinin-milli-t%c9%99hluk%c9%99sizlik-m%c9%99s%c9%99l%c9%99l%c9%99ri-uzr%c9%99-musaviri-prezident-ilham-%c9%99liyev%c9%99-z%c9%99ng-edib","status":"publish","type":"post","link":"https:\/\/arantv.az\/?p=35702","title":{"rendered":"AB\u015e Prezidentinin milli t\u0259hl\u00fck\u0259sizlik m\u0259s\u0259l\u0259l\u0259ri \u00fczr\u0259 m\u00fc\u015faviri Prezident \u0130lham \u018fliyev\u0259 z\u0259ng edib"},"content":{"rendered":"<p>Yanvar\u0131n 29-da ax\u015fam AB\u015e Prezidentinin milli t\u0259hl\u00fck\u0259sizlik m\u0259s\u0259l\u0259l\u0259ri \u00fczr\u0259 m\u00fc\u015faviri Con Bolton Az\u0259rbaycan Respublikas\u0131n\u0131n Prezidenti \u0130lham \u018fliyev\u0259 telefonla z\u0259ng edib.<\/p>\n<p><strong>ARANTV.AZ<\/strong> az\u0259rtac-a istinad\u0259n x\u0259b\u0259r verir ki, s\u00f6hb\u0259t zaman\u0131 qar\u015f\u0131l\u0131ql\u0131 maraq do\u011furan bir s\u0131ra m\u0259s\u0259l\u0259l\u0259r, o c\u00fcml\u0259d\u0259n enerji t\u0259hl\u00fck\u0259sizliyi, t\u0259hl\u00fck\u0259sizlik sah\u0259sind\u0259 \u0259m\u0259kda\u015fl\u0131q, Erm\u0259nistan-Az\u0259rbaycan Da\u011fl\u0131q Qaraba\u011f m\u00fcnaqi\u015f\u0259si il\u0259 ba\u011fl\u0131 dan\u0131\u015f\u0131qlar prosesi m\u00fczakir\u0259 edilmi\u015fdir.<\/p>\n","protected":false},"excerpt":{"rendered":"<p>Yanvar\u0131n 29-da ax\u015fam AB\u015e Prezidentinin milli t\u0259hl\u00fck\u0259sizlik m\u0259s\u0259l\u0259l\u0259ri \u00fczr\u0259 m\u00fc\u015faviri Con Bolton Az\u0259rbaycan Respublikas\u0131n\u0131n Prezidenti \u0130lham \u018fliyev\u0259 telefonla z\u0259ng edib. ARANTV.AZ az\u0259rtac-a istinad\u0259n x\u0259b\u0259r verir ki, s\u00f6hb\u0259t zaman\u0131 qar\u015f\u0131l\u0131ql\u0131 maraq do\u011furan bir s\u0131ra m\u0259s\u0259l\u0259l\u0259r, o c\u00fcml\u0259d\u0259n enerji t\u0259hl\u00fck\u0259sizliyi, t\u0259hl\u00fck\u0259sizlik sah\u0259sind\u0259 \u0259m\u0259kda\u015fl\u0131q, Erm\u0259nistan-Az\u0259rbaycan Da\u011fl\u0131q Qaraba\u011f m\u00fcnaqi\u015f\u0259si il\u0259 ba\u011fl\u0131 dan\u0131\u015f\u0131qlar prosesi m\u00fczakir\u0259 edilmi\u015fdir.<\/p>\n","protected":false},"author":2,"featured_media":35703,"comment_status":"closed","ping_status":"closed","sticky":false,"template":"","format":"standard","meta":{"om_disable_all_campaigns":false,"_monsterinsights_skip_tracking":false,"_monsterinsights_sitenote_active":false,"_monsterinsights_sitenote_note":"","_monsterinsights_sitenote_category":0},"categories":[8],"tags":[],"aioseo_notices":[],"gutentor_comment":0,"rttpg_featured_image_url":{"full":["https:\/\/arantv.az\/wp-content\/uploads\/2019\/01\/2018_ilham_aliyev_05-6.jpg",1200,900,false],"landscape":["https:\/\/arantv.az\/wp-content\/uploads\/2019\/01\/2018_ilham_aliyev_05-6.jpg",1200,900,false],"portraits":["https:\/\/arantv.az\/wp-content\/uploads\/2019\/01\/2018_ilham_aliyev_05-6.jpg",1200,900,false],"thumbnail":["https:\/\/arantv.az\/wp-content\/uploads\/2019\/01\/2018_ilham_aliyev_05-6-150x150.jpg",150,150,true],"medium":["https:\/\/arantv.az\/wp-content\/uploads\/2019\/01\/2018_ilham_aliyev_05-6-300x225.jpg",300,225,true],"large":["https:\/\/arantv.az\/wp-content\/uploads\/2019\/01\/2018_ilham_aliyev_05-6-1024x768.jpg",640,480,true],"1536x1536":["https:\/\/arantv.az\/wp-content\/uploads\/2019\/01\/2018_ilham_aliyev_05-6.jpg",1200,900,false],"2048x2048":["https:\/\/arantv.az\/wp-content\/uploads\/2019\/01\/2018_ilham_aliyev_05-6.jpg",1200,900,false],"post-thumbnail":["https:\/\/arantv.az\/wp-content\/uploads\/2019\/01\/2018_ilham_aliyev_05-6-240x172.jpg",240,172,true],"advps-thumb-one":["https:\/\/arantv.az\/wp-content\/uploads\/2019\/01\/2018_ilham_aliyev_05-6-1200x620.jpg",1200,620,true]},"rttpg_author":{"display_name":"V\u00fcsal Rafiqo\u011flu","author_link":"https:\/\/arantv.az\/?author=2"},"rttpg_comment":0,"rttpg_category":"<a href=\"https:\/\/arantv.az\/?cat=8\" rel=\"category\">\u018fsas s\u0259hif\u0259<\/a>","rttpg_excerpt":"Yanvar\u0131n 29-da ax\u015fam AB\u015e Prezidentinin milli t\u0259hl\u00fck\u0259sizlik m\u0259s\u0259l\u0259l\u0259ri \u00fczr\u0259 m\u00fc\u015faviri Con Bolton Az\u0259rbaycan Respublikas\u0131n\u0131n Prezidenti \u0130lham \u018fliyev\u0259 telefonla z\u0259ng edib. ARANTV.AZ az\u0259rtac-a istinad\u0259n x\u0259b\u0259r verir ki, s\u00f6hb\u0259t zaman\u0131 qar\u015f\u0131l\u0131ql\u0131 maraq do\u011furan bir s\u0131ra m\u0259s\u0259l\u0259l\u0259r, o c\u00fcml\u0259d\u0259n enerji t\u0259hl\u00fck\u0259sizliyi, t\u0259hl\u00fck\u0259sizlik sah\u0259sind\u0259 \u0259m\u0259kda\u015fl\u0131q, Erm\u0259nistan-Az\u0259rbaycan Da\u011fl\u0131q Qaraba\u011f m\u00fcnaqi\u015f\u0259si il\u0259 ba\u011fl\u0131 dan\u0131\u015f\u0131qlar prosesi m\u00fczakir\u0259 edilmi\u015fdir.","_links":{"self":[{"href":"https:\/\/arantv.az\/index.php?rest_route=\/wp\/v2\/posts\/35702"}],"collection":[{"href":"https:\/\/arantv.az\/index.php?rest_route=\/wp\/v2\/posts"}],"about":[{"href":"https:\/\/arantv.az\/index.php?rest_route=\/wp\/v2\/types\/post"}],"author":[{"embeddable":true,"href":"https:\/\/arantv.az\/index.php?rest_route=\/wp\/v2\/users\/2"}],"replies":[{"embeddable":true,"href":"https:\/\/arantv.az\/index.php?rest_route=%2Fwp%2Fv2%2Fcomments&post=35702"}],"version-history":[{"count":0,"href":"https:\/\/arantv.az\/index.php?rest_route=\/wp\/v2\/posts\/35702\/revisions"}],"wp:featuredmedia":[{"embeddable":true,"href":"https:\/\/arantv.az\/index.php?rest_route=\/wp\/v2\/media\/35703"}],"wp:attachment":[{"href":"https:\/\/arantv.az\/index.php?rest_route=%2Fwp%2Fv2%2Fmedia&parent=35702"}],"wp:term":[{"taxonomy":"category","embeddable":true,"href":"https:\/\/arantv.az\/index.php?rest_route=%2Fwp%2Fv2%2Fcategories&post=35702"},{"taxonomy":"post_tag","embeddable":true,"href":"https:\/\/arantv.az\/index.php?rest_route=%2Fwp%2Fv2%2Ftags&post=35702"}],"curies":[{"name":"wp","href":"https:\/\/api.w.org\/{rel}","templated":true}]}}