{"id":35705,"date":"2019-01-30T08:27:05","date_gmt":"2019-01-30T05:27:05","guid":{"rendered":"http:\/\/arantv.az\/?p=35705"},"modified":"2019-01-30T08:27:05","modified_gmt":"2019-01-30T05:27:05","slug":"avropa-ittifaqi-olk%c9%99l%c9%99rin%c9%99-vizanin-qiym%c9%99ti-artirildi","status":"publish","type":"post","link":"https:\/\/arantv.az\/?p=35705","title":{"rendered":"Avropa \u0130ttifaq\u0131 \u00f6lk\u0259l\u0259rin\u0259 vizan\u0131n qiym\u0259ti art\u0131r\u0131ld\u0131"},"content":{"rendered":"<p><strong>Avropa \u0130tifaq\u0131na \u00fczv d\u00f6vl\u0259tl\u0259r viza m\u00fcraci\u0259tl\u0259ri \u00fc\u00e7\u00fcn qiym\u0259ti qald\u0131r\u0131b.<\/strong><\/p>\n<p><strong>ARANTV.AZ\u00a0<\/strong> qafqazinfo-ya istinad\u0259n x\u0259b\u0259r verir ki, bu istiqam\u0259td\u0259 Avropa Parlamenti il\u0259 Avropa \u0130ttifaq\u0131 \u015euras\u0131 aras\u0131ndak\u0131 dan\u0131\u015f\u0131qlar m\u00fcsb\u0259t n\u0259tic\u0259l\u0259nib.<\/p>\n<p>Edil\u0259n d\u0259yi\u015fikliy\u0259 \u0259sas\u0259n,\u00a0qiym\u0259t 60 avrodan 80 avroya y\u00fcks\u0259lib. Viza m\u00fcraci\u0259tl\u0259ri s\u0259f\u0259rd\u0259n 6 ay \u00f6nc\u0259sin\u0259 q\u0259d\u0259r edil\u0259 bil\u0259c\u0259k.<\/p>\n<div id=\"AdributorNativeVideo0\" class=\"AdributorNativeVideo\"><\/div>\n<p>Qeyd ed\u0259k ki, t\u0259l\u0259b\u0259l\u0259r, ara\u015fd\u0131rma\u00e7\u0131lar v\u0259 12 ya\u015fdan ki\u00e7ik u\u015faqlar \u00fc\u00e7\u00fcn is\u0259 \u00f6d\u0259ni\u015f al\u0131nmayacaq.<\/p>\n","protected":false},"excerpt":{"rendered":"<p>Avropa \u0130tifaq\u0131na \u00fczv d\u00f6vl\u0259tl\u0259r viza m\u00fcraci\u0259tl\u0259ri \u00fc\u00e7\u00fcn qiym\u0259ti qald\u0131r\u0131b. ARANTV.AZ\u00a0 qafqazinfo-ya istinad\u0259n x\u0259b\u0259r verir ki, bu istiqam\u0259td\u0259 Avropa Parlamenti il\u0259 Avropa \u0130ttifaq\u0131 \u015euras\u0131 aras\u0131ndak\u0131 dan\u0131\u015f\u0131qlar m\u00fcsb\u0259t n\u0259tic\u0259l\u0259nib. Edil\u0259n d\u0259yi\u015fikliy\u0259 \u0259sas\u0259n,\u00a0qiym\u0259t 60 avrodan 80 avroya y\u00fcks\u0259lib. Viza m\u00fcraci\u0259tl\u0259ri s\u0259f\u0259rd\u0259n 6 ay \u00f6nc\u0259sin\u0259 q\u0259d\u0259r edil\u0259 bil\u0259c\u0259k. Qeyd ed\u0259k ki, t\u0259l\u0259b\u0259l\u0259r, ara\u015fd\u0131rma\u00e7\u0131lar v\u0259 12 ya\u015fdan ki\u00e7ik u\u015faqlar \u00fc\u00e7\u00fcn is\u0259 \u00f6d\u0259ni\u015f al\u0131nmayacaq.<\/p>\n","protected":false},"author":2,"featured_media":35706,"comment_status":"closed","ping_status":"closed","sticky":false,"template":"","format":"standard","meta":{"om_disable_all_campaigns":false,"_monsterinsights_skip_tracking":false,"_monsterinsights_sitenote_active":false,"_monsterinsights_sitenote_note":"","_monsterinsights_sitenote_category":0},"categories":[7],"tags":[],"aioseo_notices":[],"gutentor_comment":0,"rttpg_featured_image_url":{"full":["https:\/\/arantv.az\/wp-content\/uploads\/2019\/01\/viza_007.jpg",800,600,false],"landscape":["https:\/\/arantv.az\/wp-content\/uploads\/2019\/01\/viza_007.jpg",800,600,false],"portraits":["https:\/\/arantv.az\/wp-content\/uploads\/2019\/01\/viza_007.jpg",800,600,false],"thumbnail":["https:\/\/arantv.az\/wp-content\/uploads\/2019\/01\/viza_007-150x150.jpg",150,150,true],"medium":["https:\/\/arantv.az\/wp-content\/uploads\/2019\/01\/viza_007-300x225.jpg",300,225,true],"large":["https:\/\/arantv.az\/wp-content\/uploads\/2019\/01\/viza_007.jpg",640,480,false],"1536x1536":["https:\/\/arantv.az\/wp-content\/uploads\/2019\/01\/viza_007.jpg",800,600,false],"2048x2048":["https:\/\/arantv.az\/wp-content\/uploads\/2019\/01\/viza_007.jpg",800,600,false],"post-thumbnail":["https:\/\/arantv.az\/wp-content\/uploads\/2019\/01\/viza_007-240x172.jpg",240,172,true],"advps-thumb-one":["https:\/\/arantv.az\/wp-content\/uploads\/2019\/01\/viza_007.jpg",800,600,false]},"rttpg_author":{"display_name":"V\u00fcsal Rafiqo\u011flu","author_link":"https:\/\/arantv.az\/?author=2"},"rttpg_comment":0,"rttpg_category":"<a href=\"https:\/\/arantv.az\/?cat=7\" rel=\"category\">D\u00fcnya<\/a>","rttpg_excerpt":"Avropa \u0130tifaq\u0131na \u00fczv d\u00f6vl\u0259tl\u0259r viza m\u00fcraci\u0259tl\u0259ri \u00fc\u00e7\u00fcn qiym\u0259ti qald\u0131r\u0131b. ARANTV.AZ\u00a0 qafqazinfo-ya istinad\u0259n x\u0259b\u0259r verir ki, bu istiqam\u0259td\u0259 Avropa Parlamenti il\u0259 Avropa \u0130ttifaq\u0131 \u015euras\u0131 aras\u0131ndak\u0131 dan\u0131\u015f\u0131qlar m\u00fcsb\u0259t n\u0259tic\u0259l\u0259nib. Edil\u0259n d\u0259yi\u015fikliy\u0259 \u0259sas\u0259n,\u00a0qiym\u0259t 60 avrodan 80 avroya y\u00fcks\u0259lib. Viza m\u00fcraci\u0259tl\u0259ri s\u0259f\u0259rd\u0259n 6 ay \u00f6nc\u0259sin\u0259 q\u0259d\u0259r edil\u0259 bil\u0259c\u0259k. Qeyd ed\u0259k ki, t\u0259l\u0259b\u0259l\u0259r, ara\u015fd\u0131rma\u00e7\u0131lar v\u0259 12 ya\u015fdan ki\u00e7ik u\u015faqlar \u00fc\u00e7\u00fcn&hellip;","_links":{"self":[{"href":"https:\/\/arantv.az\/index.php?rest_route=\/wp\/v2\/posts\/35705"}],"collection":[{"href":"https:\/\/arantv.az\/index.php?rest_route=\/wp\/v2\/posts"}],"about":[{"href":"https:\/\/arantv.az\/index.php?rest_route=\/wp\/v2\/types\/post"}],"author":[{"embeddable":true,"href":"https:\/\/arantv.az\/index.php?rest_route=\/wp\/v2\/users\/2"}],"replies":[{"embeddable":true,"href":"https:\/\/arantv.az\/index.php?rest_route=%2Fwp%2Fv2%2Fcomments&post=35705"}],"version-history":[{"count":0,"href":"https:\/\/arantv.az\/index.php?rest_route=\/wp\/v2\/posts\/35705\/revisions"}],"wp:featuredmedia":[{"embeddable":true,"href":"https:\/\/arantv.az\/index.php?rest_route=\/wp\/v2\/media\/35706"}],"wp:attachment":[{"href":"https:\/\/arantv.az\/index.php?rest_route=%2Fwp%2Fv2%2Fmedia&parent=35705"}],"wp:term":[{"taxonomy":"category","embeddable":true,"href":"https:\/\/arantv.az\/index.php?rest_route=%2Fwp%2Fv2%2Fcategories&post=35705"},{"taxonomy":"post_tag","embeddable":true,"href":"https:\/\/arantv.az\/index.php?rest_route=%2Fwp%2Fv2%2Ftags&post=35705"}],"curies":[{"name":"wp","href":"https:\/\/api.w.org\/{rel}","templated":true}]}}