{"id":35726,"date":"2019-01-30T08:44:00","date_gmt":"2019-01-30T05:44:00","guid":{"rendered":"http:\/\/arantv.az\/?p=35726"},"modified":"2019-01-30T08:44:00","modified_gmt":"2019-01-30T05:44:00","slug":"az%c9%99rbaycan-prezidenti-regionlarin-2019-2023-cu-ill%c9%99rd%c9%99-sosial-iqtisadi-inkisafi-dovl%c9%99t-proqramini-t%c9%99sdiq-edib","status":"publish","type":"post","link":"https:\/\/arantv.az\/?p=35726","title":{"rendered":"Az\u0259rbaycan Prezidenti regionlar\u0131n 2019\u20132023-c\u00fc ill\u0259rd\u0259 sosial-iqtisadi inki\u015faf\u0131 D\u00f6vl\u0259t Proqram\u0131n\u0131 t\u0259sdiq edib"},"content":{"rendered":"<p><strong>ARANTV.AZ<\/strong> x\u0259b\u0259r verir ki, Prezident \u0130lham \u018fliyev \u201cAz\u0259rbaycan Respublikas\u0131 regionlar\u0131n\u0131n 2019\u20132023-c\u00fc ill\u0259rd\u0259 sosial-iqtisadi inki\u015faf\u0131 D\u00f6vl\u0259t Proqram\u0131\u201dn\u0131n t\u0259sdiq edilm\u0259si haqq\u0131nda F\u0259rman imzalay\u0131b.<\/p>\n<p>F\u0259rman \u00f6lk\u0259 regionlar\u0131n\u0131n, o c\u00fcml\u0259d\u0259n k\u0259nd yerl\u0259rinin sosial-iqtisadi inki\u015faf\u0131 sah\u0259sind\u0259 g\u00f6r\u00fclm\u00fc\u015f i\u015fl\u0259ri n\u00f6vb\u0259ti ill\u0259rd\u0259 d\u0259 davam etdirm\u0259k, el\u0259c\u0259 d\u0259 infrastrukturun v\u0259 sosial xidm\u0259tl\u0259rin daha da yax\u015f\u0131la\u015fd\u0131r\u0131lmas\u0131, b\u00f6lg\u0259l\u0259rd\u0259 ya\u015fayan \u0259halinin m\u0259\u015f\u011fullu\u011funun v\u0259 maddi rifah\u0131n\u0131n y\u00fcks\u0259ldilm\u0259si m\u0259qs\u0259dil\u0259 imzalan\u0131b.<\/p>\n<p>F\u0259rmanda D\u00f6vl\u0259t Proqram\u0131nda n\u0259z\u0259rd\u0259 tutulan t\u0259dbirl\u0259rin maliyy\u0259l\u0259\u015fdirilm\u0259si m\u0259qs\u0259dil\u0259 Maliyy\u0259 v\u0259 \u0130qtisadiyyat nazirlikl\u0259rin\u0259 h\u0259r il, m\u00fcvafiq olaraq, d\u00f6vl\u0259t b\u00fcdc\u0259sinin v\u0259 d\u00f6vl\u0259t investisiya proqramlar\u0131n\u0131n t\u0259rtibi prosesind\u0259 maliyy\u0259 v\u0259saitinin n\u0259z\u0259rd\u0259 tutulmas\u0131 \u00fc\u00e7\u00fcn z\u0259ruri t\u0259dbirl\u0259r g\u00f6rm\u0259k tap\u015f\u0131r\u0131l\u0131b.<\/p>\n<p>\u0130qtisadiyyat Nazirliyi D\u00f6vl\u0259t Proqram\u0131nda n\u0259z\u0259rd\u0259 tutulan t\u0259dbirl\u0259rin h\u0259yata ke\u00e7irilm\u0259sini \u0259laq\u0259l\u0259ndir\u0259c\u0259k v\u0259 D\u00f6vl\u0259t Proqram\u0131n\u0131n icras\u0131n\u0131n gedi\u015fi bar\u0259d\u0259 ild\u0259 bir d\u0259f\u0259 Az\u0259rbaycan Prezidentin\u0259 m\u0259lumat ver\u0259c\u0259k. Nazirl\u0259r Kabineti is\u0259 bu F\u0259rmandan ir\u0259li g\u0259l\u0259n dig\u0259r m\u0259s\u0259l\u0259l\u0259ri h\u0259ll ed\u0259c\u0259k.<\/p>\n<p>F\u0259rmanda bildirilir ki, Az\u0259rbaycan Respublikas\u0131 regionlar\u0131n\u0131n inki\u015faf\u0131 \u00f6lk\u0259d\u0259 u\u011furla h\u0259yata ke\u00e7iril\u0259n davaml\u0131 sosial-iqtisadi inki\u015faf strategiyas\u0131n\u0131n m\u00fch\u00fcm t\u0259rkib hiss\u0259sidir. Regionlar\u0131n inki\u015faf\u0131 sah\u0259sind\u0259 q\u0259bul edilmi\u015f v\u0259 u\u011furla h\u0259yata ke\u00e7irilmi\u015f d\u00f6vl\u0259t proqramlar\u0131nda, habel\u0259 regionlar\u0131n sosial-iqtisadi inki\u015faf\u0131na dair \u0259lav\u0259 t\u0259dbirl\u0259rl\u0259 ba\u011fl\u0131 s\u0259r\u0259ncamlarda n\u0259z\u0259rd\u0259 tutulmu\u015f v\u0259zif\u0259l\u0259rin icras\u0131 \u00f6lk\u0259d\u0259 qeyri-neft sektorunun davaml\u0131 inki\u015faf\u0131na, regionlarda kommunal xidm\u0259tl\u0259rin v\u0259 sosial infrastruktur t\u0259minat\u0131n\u0131n keyfiyy\u0259tinin y\u00fcks\u0259ldilm\u0259sin\u0259, sahibkarl\u0131q m\u00fchitinin daha da yax\u015f\u0131la\u015fd\u0131r\u0131lmas\u0131na, investisiya qoyulu\u015funun artmas\u0131na, yeni m\u00fc\u0259ssis\u0259l\u0259rin, i\u015f yerl\u0259rinin a\u00e7\u0131lmas\u0131na v\u0259 n\u0259tic\u0259d\u0259, \u0259halinin m\u0259\u015f\u011fullu\u011funun art\u0131r\u0131lmas\u0131na v\u0259 yoxsulluq s\u0259viyy\u0259sinin azald\u0131lmas\u0131na t\u0259kan verib. D\u00f6vl\u0259t proqramlar\u0131n\u0131n icra olundu\u011fu 2004\u20132018-ci ill\u0259r \u0259rzind\u0259 \u00fcmumi daxili m\u0259hsul 3,3 d\u0259f\u0259, o c\u00fcml\u0259d\u0259n qeyri-neft sektoru \u00fczr\u0259 2,8 d\u0259f\u0259, s\u0259naye \u00fczr\u0259 2,6 d\u0259f\u0259, k\u0259nd t\u0259s\u0259rr\u00fcfat\u0131 \u00fczr\u0259 1,7 d\u0259f\u0259 art\u0131b. Bu m\u00fcdd\u0259td\u0259 h\u0259yata ke\u00e7irilmi\u015f m\u0259qs\u0259dy\u00f6nl\u00fc t\u0259dbirl\u0259r n\u0259tic\u0259sind\u0259 \u00f6lk\u0259d\u0259 1,5 milyonu daimi olmaqla 2 milyondan \u00e7ox yeni i\u015f yeri, 100 mind\u0259n \u00e7ox m\u00fc\u0259ssis\u0259 yarad\u0131l\u0131b, i\u015fsizlik 5 faiz\u0259, yoxsulluq s\u0259viyy\u0259si is\u0259 5,1 faiz\u0259 enib. D\u00f6vl\u0259t proqramlar\u0131 \u00e7\u0259r\u00e7iv\u0259sind\u0259 g\u00f6r\u00fclm\u00fc\u015f geni\u015fmiqyasl\u0131 i\u015fl\u0259r regionlar\u0131n qar\u015f\u0131dak\u0131 ill\u0259rd\u0259 d\u0259 inki\u015faf\u0131 \u00fc\u00e7\u00fcn m\u00f6hk\u0259m z\u0259min yarad\u0131b.<\/p>\n","protected":false},"excerpt":{"rendered":"<p>ARANTV.AZ x\u0259b\u0259r verir ki, Prezident \u0130lham \u018fliyev \u201cAz\u0259rbaycan Respublikas\u0131 regionlar\u0131n\u0131n 2019\u20132023-c\u00fc ill\u0259rd\u0259 sosial-iqtisadi inki\u015faf\u0131 D\u00f6vl\u0259t Proqram\u0131\u201dn\u0131n t\u0259sdiq edilm\u0259si haqq\u0131nda F\u0259rman imzalay\u0131b. F\u0259rman \u00f6lk\u0259 regionlar\u0131n\u0131n, o c\u00fcml\u0259d\u0259n k\u0259nd yerl\u0259rinin sosial-iqtisadi inki\u015faf\u0131 sah\u0259sind\u0259 g\u00f6r\u00fclm\u00fc\u015f i\u015fl\u0259ri n\u00f6vb\u0259ti ill\u0259rd\u0259 d\u0259 davam etdirm\u0259k, el\u0259c\u0259 d\u0259 infrastrukturun v\u0259 sosial xidm\u0259tl\u0259rin daha da yax\u015f\u0131la\u015fd\u0131r\u0131lmas\u0131, b\u00f6lg\u0259l\u0259rd\u0259 ya\u015fayan \u0259halinin m\u0259\u015f\u011fullu\u011funun v\u0259 maddi rifah\u0131n\u0131n y\u00fcks\u0259ldilm\u0259si m\u0259qs\u0259dil\u0259 imzalan\u0131b. F\u0259rmanda D\u00f6vl\u0259t Proqram\u0131nda n\u0259z\u0259rd\u0259 tutulan t\u0259dbirl\u0259rin maliyy\u0259l\u0259\u015fdirilm\u0259si m\u0259qs\u0259dil\u0259 Maliyy\u0259 v\u0259 \u0130qtisadiyyat nazirlikl\u0259rin\u0259 h\u0259r il, m\u00fcvafiq olaraq, d\u00f6vl\u0259t b\u00fcdc\u0259sinin v\u0259 d\u00f6vl\u0259t investisiya proqramlar\u0131n\u0131n t\u0259rtibi prosesind\u0259 maliyy\u0259 v\u0259saitinin n\u0259z\u0259rd\u0259 tutulmas\u0131 \u00fc\u00e7\u00fcn z\u0259ruri t\u0259dbirl\u0259r g\u00f6rm\u0259k tap\u015f\u0131r\u0131l\u0131b.&hellip;<\/p>\n","protected":false},"author":2,"featured_media":35727,"comment_status":"closed","ping_status":"closed","sticky":false,"template":"","format":"standard","meta":{"om_disable_all_campaigns":false,"_monsterinsights_skip_tracking":false,"_monsterinsights_sitenote_active":false,"_monsterinsights_sitenote_note":"","_monsterinsights_sitenote_category":0},"categories":[8],"tags":[],"aioseo_notices":[],"gutentor_comment":0,"rttpg_featured_image_url":{"full":["https:\/\/arantv.az\/wp-content\/uploads\/2019\/01\/b0ueohcq27ci5r325ahcr70lv4ilham-1.jpg",936,669,false],"landscape":["https:\/\/arantv.az\/wp-content\/uploads\/2019\/01\/b0ueohcq27ci5r325ahcr70lv4ilham-1.jpg",936,669,false],"portraits":["https:\/\/arantv.az\/wp-content\/uploads\/2019\/01\/b0ueohcq27ci5r325ahcr70lv4ilham-1.jpg",936,669,false],"thumbnail":["https:\/\/arantv.az\/wp-content\/uploads\/2019\/01\/b0ueohcq27ci5r325ahcr70lv4ilham-1-150x150.jpg",150,150,true],"medium":["https:\/\/arantv.az\/wp-content\/uploads\/2019\/01\/b0ueohcq27ci5r325ahcr70lv4ilham-1-300x214.jpg",300,214,true],"large":["https:\/\/arantv.az\/wp-content\/uploads\/2019\/01\/b0ueohcq27ci5r325ahcr70lv4ilham-1.jpg",640,457,false],"1536x1536":["https:\/\/arantv.az\/wp-content\/uploads\/2019\/01\/b0ueohcq27ci5r325ahcr70lv4ilham-1.jpg",936,669,false],"2048x2048":["https:\/\/arantv.az\/wp-content\/uploads\/2019\/01\/b0ueohcq27ci5r325ahcr70lv4ilham-1.jpg",936,669,false],"post-thumbnail":["https:\/\/arantv.az\/wp-content\/uploads\/2019\/01\/b0ueohcq27ci5r325ahcr70lv4ilham-1-240x172.jpg",240,172,true],"advps-thumb-one":["https:\/\/arantv.az\/wp-content\/uploads\/2019\/01\/b0ueohcq27ci5r325ahcr70lv4ilham-1-936x620.jpg",936,620,true]},"rttpg_author":{"display_name":"V\u00fcsal Rafiqo\u011flu","author_link":"https:\/\/arantv.az\/?author=2"},"rttpg_comment":0,"rttpg_category":"<a href=\"https:\/\/arantv.az\/?cat=8\" rel=\"category\">\u018fsas s\u0259hif\u0259<\/a>","rttpg_excerpt":"ARANTV.AZ x\u0259b\u0259r verir ki, Prezident \u0130lham \u018fliyev \u201cAz\u0259rbaycan Respublikas\u0131 regionlar\u0131n\u0131n 2019\u20132023-c\u00fc ill\u0259rd\u0259 sosial-iqtisadi inki\u015faf\u0131 D\u00f6vl\u0259t Proqram\u0131\u201dn\u0131n t\u0259sdiq edilm\u0259si haqq\u0131nda F\u0259rman imzalay\u0131b. F\u0259rman \u00f6lk\u0259 regionlar\u0131n\u0131n, o c\u00fcml\u0259d\u0259n k\u0259nd yerl\u0259rinin sosial-iqtisadi inki\u015faf\u0131 sah\u0259sind\u0259 g\u00f6r\u00fclm\u00fc\u015f i\u015fl\u0259ri n\u00f6vb\u0259ti ill\u0259rd\u0259 d\u0259 davam etdirm\u0259k, el\u0259c\u0259 d\u0259 infrastrukturun v\u0259 sosial xidm\u0259tl\u0259rin daha da yax\u015f\u0131la\u015fd\u0131r\u0131lmas\u0131, b\u00f6lg\u0259l\u0259rd\u0259 ya\u015fayan \u0259halinin m\u0259\u015f\u011fullu\u011funun v\u0259 maddi rifah\u0131n\u0131n y\u00fcks\u0259ldilm\u0259si&hellip;","_links":{"self":[{"href":"https:\/\/arantv.az\/index.php?rest_route=\/wp\/v2\/posts\/35726"}],"collection":[{"href":"https:\/\/arantv.az\/index.php?rest_route=\/wp\/v2\/posts"}],"about":[{"href":"https:\/\/arantv.az\/index.php?rest_route=\/wp\/v2\/types\/post"}],"author":[{"embeddable":true,"href":"https:\/\/arantv.az\/index.php?rest_route=\/wp\/v2\/users\/2"}],"replies":[{"embeddable":true,"href":"https:\/\/arantv.az\/index.php?rest_route=%2Fwp%2Fv2%2Fcomments&post=35726"}],"version-history":[{"count":0,"href":"https:\/\/arantv.az\/index.php?rest_route=\/wp\/v2\/posts\/35726\/revisions"}],"wp:featuredmedia":[{"embeddable":true,"href":"https:\/\/arantv.az\/index.php?rest_route=\/wp\/v2\/media\/35727"}],"wp:attachment":[{"href":"https:\/\/arantv.az\/index.php?rest_route=%2Fwp%2Fv2%2Fmedia&parent=35726"}],"wp:term":[{"taxonomy":"category","embeddable":true,"href":"https:\/\/arantv.az\/index.php?rest_route=%2Fwp%2Fv2%2Fcategories&post=35726"},{"taxonomy":"post_tag","embeddable":true,"href":"https:\/\/arantv.az\/index.php?rest_route=%2Fwp%2Fv2%2Ftags&post=35726"}],"curies":[{"name":"wp","href":"https:\/\/api.w.org\/{rel}","templated":true}]}}