{"id":35735,"date":"2019-01-30T08:53:12","date_gmt":"2019-01-30T05:53:12","guid":{"rendered":"http:\/\/arantv.az\/?p=35735"},"modified":"2019-01-30T08:53:12","modified_gmt":"2019-01-30T05:53:12","slug":"dagliq-qarabag-bolg%c9%99sinin-az%c9%99rbaycanli-icmasinin-idar%c9%99-hey%c9%99ti-olk%c9%99mizd%c9%99ki-diplomatik-korpusun-numay%c9%99nd%c9%99l%c9%99rin%c9%99-t%c9%99qdim-edilib","status":"publish","type":"post","link":"https:\/\/arantv.az\/?p=35735","title":{"rendered":"Da\u011fl\u0131q Qaraba\u011f b\u00f6lg\u0259sinin az\u0259rbaycanl\u0131 icmas\u0131n\u0131n \u0130dar\u0259 Hey\u0259ti \u00f6lk\u0259mizd\u0259ki diplomatik korpusun n\u00fcmay\u0259nd\u0259l\u0259rin\u0259 t\u0259qdim edilib"},"content":{"rendered":"<p><strong>ARANTV.AZ<\/strong> x\u0259b\u0259r verir ki, \u201cErm\u0259nistan\u0131n az\u0259rbaycanl\u0131lar\u0131 etnik t\u0259mizl\u0259m\u0259y\u0259 m\u0259ruz qoyaraq erm\u0259ni icmas\u0131na imtiyazl\u0131 h\u00fcquqlar t\u0259l\u0259b etm\u0259si b\u00fct\u00fcn s\u0259n\u0259dl\u0259r\u0259 ziddir\u201d. Da\u011fl\u0131q Qaraba\u011f b\u00f6lg\u0259sinin Az\u0259rbaycanl\u0131 \u0130cmas\u0131n\u0131n \u0130dar\u0259 Hey\u0259tinin \u00f6lk\u0259mizd\u0259 akkredit\u0259 olunmu\u015f xarici \u00f6lk\u0259 v\u0259 beyn\u0259lxalq t\u0259\u015fkilatlar\u0131n diplomatik n\u00fcmay\u0259nd\u0259l\u0259ri il\u0259 g\u00f6r\u00fc\u015f\u00fcnd\u0259 bu fikir s\u0259sl\u0259ndirilib.<\/p>\n<p>\u0130\u015f\u011fal olunan torpaqlar\u0131m\u0131zdan did\u0259rgin sal\u0131nan m\u0259cburi k\u00f6\u00e7k\u00fcnl\u0259rin, o c\u00fcml\u0259d\u0259n Da\u011fl\u0131q Qaraba\u011f b\u00f6lg\u0259sinin 80.000 n\u0259f\u0259rd\u0259n \u00e7ox Az\u0259rbaycanl\u0131 \u0130cmas\u0131n\u0131n pozulan fundamental insan h\u00fcquqlar\u0131 b\u0259rpa olunmal\u0131d\u0131r. Xarici i\u015fl\u0259r nazirinin m\u00fcavini Mahmud M\u0259mm\u0259d-Quliyev xarici \u00f6lk\u0259 v\u0259 beyn\u0259lxalq t\u0259\u015fkilatlar\u0131n Az\u0259rbaycandak\u0131 diplomatik n\u00fcmay\u0259nd\u0259l\u0259ri il\u0259 g\u00f6r\u00fc\u015fd\u0259 bel\u0259 dedi. Onun s\u00f6zl\u0259rin\u0259 g\u00f6r\u0259, bu insanlar\u0131n s\u0259si beyn\u0259lxalq s\u0259viyy\u0259d\u0259 e\u015fidilm\u0259lidir. Prezident Administrasiyas\u0131n\u0131n xarici siyas\u0259t m\u0259s\u0259l\u0259l\u0259ri \u015f\u00f6b\u0259sinin m\u00fcdiri Hikm\u0259t Hac\u0131yev\u00a0 dedi ki, i\u015f\u011fal olunan \u0259razil\u0259rimizin Az\u0259rbaycanl\u0131 \u0259halisi etnik t\u0259mizl\u0259m\u0259y\u0259 m\u0259ruz qal\u0131b. Onlar\u0131n ya\u015famaq h\u00fcququ kobud \u015f\u0259kild\u0259 pozulub. Bel\u0259 olan halda Erm\u0259nistan\u0131n Da\u011fl\u0131q Qaraba\u011f\u0131n erm\u0259ni icmas\u0131na imtiyazl\u0131 h\u00fcquqlar t\u0259l\u0259b etm\u0259si insan h\u00fcquqlar\u0131n\u0131n qorunmas\u0131 \u00fczr\u0259 b\u00fct\u00fcn s\u0259n\u0259dl\u0259r\u0259 k\u00f6kl\u00fc \u015f\u0259kild\u0259 ziddir. Prezident Administrasiyas\u0131 r\u0259smisi vur\u011fulad\u0131 ki, Cocuq M\u0259rcanl\u0131 k\u0259ndind\u0259 apar\u0131lan quruculuq i\u015fl\u0259ri, m\u0259cburi k\u00f6\u00e7k\u00fcnl\u0259rin t\u0259hl\u00fck\u0259siz \u015f\u0259kild\u0259 \u00f6z do\u011fma torpaqlar\u0131na qay\u0131tmas\u0131n\u0131n t\u0259mini i\u015f\u011faldan azad edil\u0259c\u0259k b\u00fct\u00fcn \u0259razil\u0259rin b\u0259rpas\u0131, dayan\u0131ql\u0131 s\u00fclh\u00fcn v\u0259 inki\u015faf\u0131n b\u0259rq\u0259rar olmas\u0131 \u00fc\u00e7\u00fcn Az\u0259rbaycan\u0131n \u0259zmini bir daha n\u00fcmayi\u015f etdirir. Az\u0259rbaycan\u0131n Da\u011fl\u0131q Qaraba\u011f b\u00f6lg\u0259sinin Az\u0259rbaycanl\u0131 \u0130cmas\u0131n\u0131n r\u0259hb\u0259ri Tural G\u0259nc\u0259liyev\u00a0 r\u0259hb\u0259rlik etdiyi qurumun\u00a0 AT\u018fT-in 1992-ci il Helsinki q\u0259rar\u0131na \u0259sas\u0259n m\u00fcnaqi\u015f\u0259nin h\u0259llind\u0259 maraql\u0131 t\u0259r\u0259f oldu\u011funu qeyd etdi. O, \u0130cman\u0131n \u0130dar\u0259 Hey\u0259tin\u0259 daxil olan 23 n\u00fcmay\u0259nd\u0259ni t\u0259qdim etdi. Daha sonra \u0130cman\u0131n \u0130dar\u0259 Hey\u0259tinin \u00fczvl\u0259ri Xocal\u0131da anadan olan D\u00fcrdan\u0259 A\u011fayeva v\u0259 Samir\u0259 H\u00fcseynova\u00a0<strong>Da\u011fl\u0131q Qaraba\u011f\u0131n erm\u0259ni v\u0259 az\u0259rbaycanl\u0131 icmalar\u0131 aras\u0131nda dialoqun b\u0259rpa olunmas\u0131n\u0131n b\u00f6lg\u0259d\u0259 etimad\u0131n yarad\u0131lmas\u0131 bax\u0131m\u0131ndan \u0259h\u0259miyy\u0259tli oldu\u011funu bildirdil\u0259r.<\/strong><\/p>\n","protected":false},"excerpt":{"rendered":"<p>ARANTV.AZ x\u0259b\u0259r verir ki, \u201cErm\u0259nistan\u0131n az\u0259rbaycanl\u0131lar\u0131 etnik t\u0259mizl\u0259m\u0259y\u0259 m\u0259ruz qoyaraq erm\u0259ni icmas\u0131na imtiyazl\u0131 h\u00fcquqlar t\u0259l\u0259b etm\u0259si b\u00fct\u00fcn s\u0259n\u0259dl\u0259r\u0259 ziddir\u201d. Da\u011fl\u0131q Qaraba\u011f b\u00f6lg\u0259sinin Az\u0259rbaycanl\u0131 \u0130cmas\u0131n\u0131n \u0130dar\u0259 Hey\u0259tinin \u00f6lk\u0259mizd\u0259 akkredit\u0259 olunmu\u015f xarici \u00f6lk\u0259 v\u0259 beyn\u0259lxalq t\u0259\u015fkilatlar\u0131n diplomatik n\u00fcmay\u0259nd\u0259l\u0259ri il\u0259 g\u00f6r\u00fc\u015f\u00fcnd\u0259 bu fikir s\u0259sl\u0259ndirilib. \u0130\u015f\u011fal olunan torpaqlar\u0131m\u0131zdan did\u0259rgin sal\u0131nan m\u0259cburi k\u00f6\u00e7k\u00fcnl\u0259rin, o c\u00fcml\u0259d\u0259n Da\u011fl\u0131q Qaraba\u011f b\u00f6lg\u0259sinin 80.000 n\u0259f\u0259rd\u0259n \u00e7ox Az\u0259rbaycanl\u0131 \u0130cmas\u0131n\u0131n pozulan fundamental insan h\u00fcquqlar\u0131 b\u0259rpa olunmal\u0131d\u0131r. Xarici i\u015fl\u0259r nazirinin m\u00fcavini Mahmud M\u0259mm\u0259d-Quliyev xarici \u00f6lk\u0259 v\u0259 beyn\u0259lxalq t\u0259\u015fkilatlar\u0131n Az\u0259rbaycandak\u0131 diplomatik n\u00fcmay\u0259nd\u0259l\u0259ri il\u0259 g\u00f6r\u00fc\u015fd\u0259 bel\u0259 dedi. Onun s\u00f6zl\u0259rin\u0259 g\u00f6r\u0259, bu insanlar\u0131n s\u0259si beyn\u0259lxalq s\u0259viyy\u0259d\u0259&hellip;<\/p>\n","protected":false},"author":2,"featured_media":35736,"comment_status":"closed","ping_status":"closed","sticky":false,"template":"","format":"standard","meta":{"om_disable_all_campaigns":false,"_monsterinsights_skip_tracking":false,"_monsterinsights_sitenote_active":false,"_monsterinsights_sitenote_note":"","_monsterinsights_sitenote_category":0},"categories":[4],"tags":[],"aioseo_notices":[],"gutentor_comment":0,"rttpg_featured_image_url":{"full":["https:\/\/arantv.az\/wp-content\/uploads\/2019\/01\/5msd9u7hj894g7uue95cack9v4xin.jpg",983,669,false],"landscape":["https:\/\/arantv.az\/wp-content\/uploads\/2019\/01\/5msd9u7hj894g7uue95cack9v4xin.jpg",983,669,false],"portraits":["https:\/\/arantv.az\/wp-content\/uploads\/2019\/01\/5msd9u7hj894g7uue95cack9v4xin.jpg",983,669,false],"thumbnail":["https:\/\/arantv.az\/wp-content\/uploads\/2019\/01\/5msd9u7hj894g7uue95cack9v4xin-150x150.jpg",150,150,true],"medium":["https:\/\/arantv.az\/wp-content\/uploads\/2019\/01\/5msd9u7hj894g7uue95cack9v4xin-300x204.jpg",300,204,true],"large":["https:\/\/arantv.az\/wp-content\/uploads\/2019\/01\/5msd9u7hj894g7uue95cack9v4xin.jpg",640,436,false],"1536x1536":["https:\/\/arantv.az\/wp-content\/uploads\/2019\/01\/5msd9u7hj894g7uue95cack9v4xin.jpg",983,669,false],"2048x2048":["https:\/\/arantv.az\/wp-content\/uploads\/2019\/01\/5msd9u7hj894g7uue95cack9v4xin.jpg",983,669,false],"post-thumbnail":["https:\/\/arantv.az\/wp-content\/uploads\/2019\/01\/5msd9u7hj894g7uue95cack9v4xin-240x172.jpg",240,172,true],"advps-thumb-one":["https:\/\/arantv.az\/wp-content\/uploads\/2019\/01\/5msd9u7hj894g7uue95cack9v4xin-983x620.jpg",983,620,true]},"rttpg_author":{"display_name":"V\u00fcsal Rafiqo\u011flu","author_link":"https:\/\/arantv.az\/?author=2"},"rttpg_comment":0,"rttpg_category":"<a href=\"https:\/\/arantv.az\/?cat=4\" rel=\"category\">Siyas\u0259t<\/a>","rttpg_excerpt":"ARANTV.AZ x\u0259b\u0259r verir ki, \u201cErm\u0259nistan\u0131n az\u0259rbaycanl\u0131lar\u0131 etnik t\u0259mizl\u0259m\u0259y\u0259 m\u0259ruz qoyaraq erm\u0259ni icmas\u0131na imtiyazl\u0131 h\u00fcquqlar t\u0259l\u0259b etm\u0259si b\u00fct\u00fcn s\u0259n\u0259dl\u0259r\u0259 ziddir\u201d. Da\u011fl\u0131q Qaraba\u011f b\u00f6lg\u0259sinin Az\u0259rbaycanl\u0131 \u0130cmas\u0131n\u0131n \u0130dar\u0259 Hey\u0259tinin \u00f6lk\u0259mizd\u0259 akkredit\u0259 olunmu\u015f xarici \u00f6lk\u0259 v\u0259 beyn\u0259lxalq t\u0259\u015fkilatlar\u0131n diplomatik n\u00fcmay\u0259nd\u0259l\u0259ri il\u0259 g\u00f6r\u00fc\u015f\u00fcnd\u0259 bu fikir s\u0259sl\u0259ndirilib. \u0130\u015f\u011fal olunan torpaqlar\u0131m\u0131zdan did\u0259rgin sal\u0131nan m\u0259cburi k\u00f6\u00e7k\u00fcnl\u0259rin, o c\u00fcml\u0259d\u0259n Da\u011fl\u0131q Qaraba\u011f b\u00f6lg\u0259sinin 80.000 n\u0259f\u0259rd\u0259n&hellip;","_links":{"self":[{"href":"https:\/\/arantv.az\/index.php?rest_route=\/wp\/v2\/posts\/35735"}],"collection":[{"href":"https:\/\/arantv.az\/index.php?rest_route=\/wp\/v2\/posts"}],"about":[{"href":"https:\/\/arantv.az\/index.php?rest_route=\/wp\/v2\/types\/post"}],"author":[{"embeddable":true,"href":"https:\/\/arantv.az\/index.php?rest_route=\/wp\/v2\/users\/2"}],"replies":[{"embeddable":true,"href":"https:\/\/arantv.az\/index.php?rest_route=%2Fwp%2Fv2%2Fcomments&post=35735"}],"version-history":[{"count":0,"href":"https:\/\/arantv.az\/index.php?rest_route=\/wp\/v2\/posts\/35735\/revisions"}],"wp:featuredmedia":[{"embeddable":true,"href":"https:\/\/arantv.az\/index.php?rest_route=\/wp\/v2\/media\/35736"}],"wp:attachment":[{"href":"https:\/\/arantv.az\/index.php?rest_route=%2Fwp%2Fv2%2Fmedia&parent=35735"}],"wp:term":[{"taxonomy":"category","embeddable":true,"href":"https:\/\/arantv.az\/index.php?rest_route=%2Fwp%2Fv2%2Fcategories&post=35735"},{"taxonomy":"post_tag","embeddable":true,"href":"https:\/\/arantv.az\/index.php?rest_route=%2Fwp%2Fv2%2Ftags&post=35735"}],"curies":[{"name":"wp","href":"https:\/\/api.w.org\/{rel}","templated":true}]}}