{"id":35741,"date":"2019-01-30T08:59:48","date_gmt":"2019-01-30T05:59:48","guid":{"rendered":"http:\/\/arantv.az\/?p=35741"},"modified":"2019-01-30T08:59:48","modified_gmt":"2019-01-30T05:59:48","slug":"turistl%c9%99r-az%c9%99rbaycanda-iki-milyard-dollar-x%c9%99rcl%c9%99yib","status":"publish","type":"post","link":"https:\/\/arantv.az\/?p=35741","title":{"rendered":"Turistl\u0259r Az\u0259rbaycanda iki milyard dollar x\u0259rcl\u0259yib"},"content":{"rendered":"<p>Son ill\u0259r Az\u0259rbaycana g\u0259l\u0259n turistl\u0259rin say\u0131 getdikc\u0259 art\u0131r v\u0259 bu, \u00e7ox m\u00fcsb\u0259t hald\u0131r. Ke\u00e7\u0259n il g\u0259l\u0259n turistl\u0259rin say\u0131 t\u0259qrib\u0259n alt\u0131 faiz\u0259 yax\u0131n art\u0131b. Ke\u00e7\u0259n il \u00f6lk\u0259miz\u0259 \u0259vv\u0259lki ill\u0259rd\u0259n daha \u00e7ox &#8211; iki milyon 850 min turist g\u0259lib. Apar\u0131lan hesablamalara g\u00f6r\u0259, bu turistl\u0259r \u00f6lk\u0259mizd\u0259 iki milyard dollara yax\u0131n pul x\u0259rcl\u0259yibl\u0259r.<\/p>\n<p><b>ARANTV.AZ\u00a0<\/b>x\u0259b\u0259r verir ki, prezident\u00a0<strong>\u0130lham \u018fliyev\u00a0<\/strong>bu a\u00e7\u0131qlaman\u0131 \u201cAz\u0259rbaycan Respublikas\u0131 regionlar\u0131n\u0131n 2014-2018-ci ill\u0259rd\u0259 sosial-iqtisadi inki\u015faf\u0131 D\u00f6vl\u0259t Proqram\u0131\u201dn\u0131n icras\u0131n\u0131n yekunlar\u0131na h\u0259sr olunan konfransda \u00e7\u0131x\u0131\u015f\u0131 zaman\u0131 verib.<\/p>\n<p>\u201cArt\u0131q bu r\u0259q\u0259m g\u00f6st\u0259rir ki, turizmin n\u0259 q\u0259d\u0259r b\u00f6y\u00fck \u0259h\u0259miyy\u0259ti var. Bu pullar xidm\u0259t sektoruna gedir, v\u0259t\u0259nda\u015flar, sahibkarlar bundan faydalan\u0131rlar. Y\u0259ni bu pullar birba\u015fa o \u015firk\u0259tl\u0259r\u0259 gedir ki, onlar b\u00f6lg\u0259l\u0259rd\u0259 turistl\u0259r\u0259 m\u00fcxt\u0259lif xidm\u0259tl\u0259r g\u00f6st\u0259rirl\u0259r. \u00c7\u00fcnki turistl\u0259rin b\u00f6y\u00fck hiss\u0259si art\u0131q Az\u0259rbaycan\u0131n b\u00f6lg\u0259l\u0259rin\u0259 gedir.<\/p>\n<div id=\"AdributorNativeVideo0\" class=\"AdributorNativeVideo\"><\/div>\n<p>B\u00fct\u00fcn laz\u0131mi \u015f\u0259rait yarad\u0131l\u0131r v\u0259 turizm s\u0259nayesi Az\u0259rbaycanda \u00e7ox geni\u015f imkanlara malik olmal\u0131d\u0131r. Bunun \u00fc\u00e7\u00fcn b\u00fct\u00fcn laz\u0131mi ilkin \u015f\u0259rtl\u0259r var. Az\u0259rbaycanda t\u0259hl\u00fck\u0259sizlik, sabitlik h\u00f6km s\u00fcr\u00fcr, xalq\u0131m\u0131z \u00e7ox qonaqp\u0259rv\u0259rdir. \u0130qlimimiz d\u0259 \u00e7ox g\u00f6z\u0259ldir v\u0259 m\u00fcxt\u0259lif iqlim tipl\u0259ri var. M\u00fcasir infrastruktur yarad\u0131l\u0131b, alt\u0131 beyn\u0259lxalq aeroport, m\u00fcasir yollar, d\u0259mir yollar\u0131, otell\u0259r, g\u00f6z\u0259l t\u0259bi\u0259t, kurortlar, yay-q\u0131\u015f xiz\u0259k, d\u0259niz kurortlar\u0131, m\u00fcalic\u0259vi turizm inki\u015faf edir.<\/p>\n<p>Misal \u00fc\u00e7\u00fcn, Naftalan indi b\u00f6y\u00fck turizm m\u0259rk\u0259zin\u0259 \u00e7evrilib. Dig\u0259r m\u00fcalic\u0259vi yerl\u0259r\u0259 &#8211; Nax\u00e7\u0131vanda Duzda\u011f m\u00fcalic\u0259vi m\u0259rk\u0259zin\u0259 turistl\u0259r \u00e7ox g\u0259lir, Qalaalt\u0131ya m\u00fcalic\u0259y\u0259 g\u0259lirl\u0259r. Tarixi abid\u0259l\u0259rimiz kifay\u0259t q\u0259d\u0259r \u00e7oxdur. Bu da b\u00f6y\u00fck maraq do\u011furur. Co\u011frafi v\u0259ziyy\u0259timiz d\u0259 \u0259lveri\u015flidir. Bak\u0131 d\u00fcnyan\u0131n \u0259n g\u00f6z\u0259l \u015f\u0259h\u0259rl\u0259rind\u0259n biridir. Y\u0259ni b\u00fct\u00fcn bu amill\u0259r dem\u0259y\u0259 \u0259sas verir ki, turizm s\u0259nayesi Az\u0259rbaycanda \u00e7ox s\u00fcr\u0259tl\u0259 inki\u015faf ed\u0259c\u0259k\u201d.oxu.az<\/p>\n","protected":false},"excerpt":{"rendered":"<p>Son ill\u0259r Az\u0259rbaycana g\u0259l\u0259n turistl\u0259rin say\u0131 getdikc\u0259 art\u0131r v\u0259 bu, \u00e7ox m\u00fcsb\u0259t hald\u0131r. Ke\u00e7\u0259n il g\u0259l\u0259n turistl\u0259rin say\u0131 t\u0259qrib\u0259n alt\u0131 faiz\u0259 yax\u0131n art\u0131b. Ke\u00e7\u0259n il \u00f6lk\u0259miz\u0259 \u0259vv\u0259lki ill\u0259rd\u0259n daha \u00e7ox &#8211; iki milyon 850 min turist g\u0259lib. Apar\u0131lan hesablamalara g\u00f6r\u0259, bu turistl\u0259r \u00f6lk\u0259mizd\u0259 iki milyard dollara yax\u0131n pul x\u0259rcl\u0259yibl\u0259r. ARANTV.AZ\u00a0x\u0259b\u0259r verir ki, prezident\u00a0\u0130lham \u018fliyev\u00a0bu a\u00e7\u0131qlaman\u0131 \u201cAz\u0259rbaycan Respublikas\u0131 regionlar\u0131n\u0131n 2014-2018-ci ill\u0259rd\u0259 sosial-iqtisadi inki\u015faf\u0131 D\u00f6vl\u0259t Proqram\u0131\u201dn\u0131n icras\u0131n\u0131n yekunlar\u0131na h\u0259sr olunan konfransda \u00e7\u0131x\u0131\u015f\u0131 zaman\u0131 verib. \u201cArt\u0131q bu r\u0259q\u0259m g\u00f6st\u0259rir ki, turizmin n\u0259 q\u0259d\u0259r b\u00f6y\u00fck \u0259h\u0259miyy\u0259ti var. Bu pullar xidm\u0259t sektoruna gedir, v\u0259t\u0259nda\u015flar, sahibkarlar&hellip;<\/p>\n","protected":false},"author":2,"featured_media":35742,"comment_status":"closed","ping_status":"closed","sticky":false,"template":"","format":"standard","meta":{"om_disable_all_campaigns":false,"_monsterinsights_skip_tracking":false,"_monsterinsights_sitenote_active":false,"_monsterinsights_sitenote_note":"","_monsterinsights_sitenote_category":0},"categories":[19],"tags":[],"aioseo_notices":[],"gutentor_comment":0,"rttpg_featured_image_url":{"full":["https:\/\/arantv.az\/wp-content\/uploads\/2019\/01\/turist.jpg",620,413,false],"landscape":["https:\/\/arantv.az\/wp-content\/uploads\/2019\/01\/turist.jpg",620,413,false],"portraits":["https:\/\/arantv.az\/wp-content\/uploads\/2019\/01\/turist.jpg",620,413,false],"thumbnail":["https:\/\/arantv.az\/wp-content\/uploads\/2019\/01\/turist-150x150.jpg",150,150,true],"medium":["https:\/\/arantv.az\/wp-content\/uploads\/2019\/01\/turist-300x200.jpg",300,200,true],"large":["https:\/\/arantv.az\/wp-content\/uploads\/2019\/01\/turist.jpg",620,413,false],"1536x1536":["https:\/\/arantv.az\/wp-content\/uploads\/2019\/01\/turist.jpg",620,413,false],"2048x2048":["https:\/\/arantv.az\/wp-content\/uploads\/2019\/01\/turist.jpg",620,413,false],"post-thumbnail":["https:\/\/arantv.az\/wp-content\/uploads\/2019\/01\/turist-240x172.jpg",240,172,true],"advps-thumb-one":["https:\/\/arantv.az\/wp-content\/uploads\/2019\/01\/turist.jpg",620,413,false]},"rttpg_author":{"display_name":"V\u00fcsal Rafiqo\u011flu","author_link":"https:\/\/arantv.az\/?author=2"},"rttpg_comment":0,"rttpg_category":"<a href=\"https:\/\/arantv.az\/?cat=19\" rel=\"category\">G\u00fcnd\u0259m<\/a>","rttpg_excerpt":"Son ill\u0259r Az\u0259rbaycana g\u0259l\u0259n turistl\u0259rin say\u0131 getdikc\u0259 art\u0131r v\u0259 bu, \u00e7ox m\u00fcsb\u0259t hald\u0131r. Ke\u00e7\u0259n il g\u0259l\u0259n turistl\u0259rin say\u0131 t\u0259qrib\u0259n alt\u0131 faiz\u0259 yax\u0131n art\u0131b. Ke\u00e7\u0259n il \u00f6lk\u0259miz\u0259 \u0259vv\u0259lki ill\u0259rd\u0259n daha \u00e7ox &#8211; iki milyon 850 min turist g\u0259lib. Apar\u0131lan hesablamalara g\u00f6r\u0259, bu turistl\u0259r \u00f6lk\u0259mizd\u0259 iki milyard dollara yax\u0131n pul x\u0259rcl\u0259yibl\u0259r. ARANTV.AZ\u00a0x\u0259b\u0259r verir ki, prezident\u00a0\u0130lham \u018fliyev\u00a0bu a\u00e7\u0131qlaman\u0131&hellip;","_links":{"self":[{"href":"https:\/\/arantv.az\/index.php?rest_route=\/wp\/v2\/posts\/35741"}],"collection":[{"href":"https:\/\/arantv.az\/index.php?rest_route=\/wp\/v2\/posts"}],"about":[{"href":"https:\/\/arantv.az\/index.php?rest_route=\/wp\/v2\/types\/post"}],"author":[{"embeddable":true,"href":"https:\/\/arantv.az\/index.php?rest_route=\/wp\/v2\/users\/2"}],"replies":[{"embeddable":true,"href":"https:\/\/arantv.az\/index.php?rest_route=%2Fwp%2Fv2%2Fcomments&post=35741"}],"version-history":[{"count":0,"href":"https:\/\/arantv.az\/index.php?rest_route=\/wp\/v2\/posts\/35741\/revisions"}],"wp:featuredmedia":[{"embeddable":true,"href":"https:\/\/arantv.az\/index.php?rest_route=\/wp\/v2\/media\/35742"}],"wp:attachment":[{"href":"https:\/\/arantv.az\/index.php?rest_route=%2Fwp%2Fv2%2Fmedia&parent=35741"}],"wp:term":[{"taxonomy":"category","embeddable":true,"href":"https:\/\/arantv.az\/index.php?rest_route=%2Fwp%2Fv2%2Fcategories&post=35741"},{"taxonomy":"post_tag","embeddable":true,"href":"https:\/\/arantv.az\/index.php?rest_route=%2Fwp%2Fv2%2Ftags&post=35741"}],"curies":[{"name":"wp","href":"https:\/\/api.w.org\/{rel}","templated":true}]}}