{"id":35744,"date":"2019-01-30T09:00:40","date_gmt":"2019-01-30T06:00:40","guid":{"rendered":"http:\/\/arantv.az\/?p=35744"},"modified":"2019-01-30T09:00:40","modified_gmt":"2019-01-30T06:00:40","slug":"az%c9%99rbaycan-yigmasinin-qapicisi-qazaxistan-klubunda-foto","status":"publish","type":"post","link":"https:\/\/arantv.az\/?p=35744","title":{"rendered":"Az\u0259rbaycan y\u0131\u011fmas\u0131n\u0131n qap\u0131\u00e7\u0131s\u0131 Qazax\u0131stan klubunda &#8211; FOTO"},"content":{"rendered":"<p>Az\u0259rbaycan millisinin\u00a0qap\u0131\u00e7\u0131s\u0131 Emil Balayev azad agent kimi Qazax\u0131stan\u0131n \u201cTobol\u201d klubuna ke\u00e7ib.<\/p>\n<p><strong>ARANTV.AZ\u00a0\u00a0<\/strong>x\u0259b\u0259r verir ki, bununla ba\u011fl\u0131 klubun r\u0259smi sayt\u0131 m\u0259lumat yay\u0131b.<\/p>\n<p>M\u00fcqavil\u0259y\u0259 \u0259sas\u0259n, 24 ya\u015fl\u0131 E.Balayev iki il m\u00fcdd\u0259tind\u0259 Qazax\u0131stan klubunun qap\u0131s\u0131n\u0131 qoruyacaq.<\/p>\n<div id=\"AdributorNativeVideo0\" class=\"AdributorNativeVideo\"><\/div>\n<p>Xat\u0131rladaq ki, E.Balayev karyeras\u0131 \u0259rzind\u0259 \u201cNeft\u00e7i\u201d, \u201cSumqay\u0131t\u201d, \u201cAraz Nax\u00e7\u0131van\u201d, \u201cQaraba\u011f\u201d, \u201cS\u0259bail\u201d v\u0259\u00a0 Almaniyan\u0131n \u201cAyntraxt\u201d klublar\u0131nda \u00e7\u0131x\u0131\u015f edib.<\/p>\n<div class=\"gallery\">\n<div class=\"gallery-i\"><img src=\"https:\/\/assets.oxu.az\/uploads\/W1siZiIsIjIwMTkvMDEvMzAvMDkvMjcvNDYvNmRkOTFkMmMtNjY3Yi00ODJlLWI3ZWItNWJmYzVlNTU4MWI4L0lNR18yMjcxLTc2OHg1MTIuanBnIl0sWyJwIiwiZW5jb2RlIiwianBnIiwiLXF1YWxpdHkgODAiXSxbInAiLCJ0aHVtYiIsIjU5MHg1OTBcdTAwM2UiXV0?sha=885e461024a7b014\" alt=\"\" \/><\/div>\n<div>oxu.az<\/div>\n<\/div>\n","protected":false},"excerpt":{"rendered":"<p>Az\u0259rbaycan millisinin\u00a0qap\u0131\u00e7\u0131s\u0131 Emil Balayev azad agent kimi Qazax\u0131stan\u0131n \u201cTobol\u201d klubuna ke\u00e7ib. ARANTV.AZ\u00a0\u00a0x\u0259b\u0259r verir ki, bununla ba\u011fl\u0131 klubun r\u0259smi sayt\u0131 m\u0259lumat yay\u0131b. M\u00fcqavil\u0259y\u0259 \u0259sas\u0259n, 24 ya\u015fl\u0131 E.Balayev iki il m\u00fcdd\u0259tind\u0259 Qazax\u0131stan klubunun qap\u0131s\u0131n\u0131 qoruyacaq. Xat\u0131rladaq ki, E.Balayev karyeras\u0131 \u0259rzind\u0259 \u201cNeft\u00e7i\u201d, \u201cSumqay\u0131t\u201d, \u201cAraz Nax\u00e7\u0131van\u201d, \u201cQaraba\u011f\u201d, \u201cS\u0259bail\u201d v\u0259\u00a0 Almaniyan\u0131n \u201cAyntraxt\u201d klublar\u0131nda \u00e7\u0131x\u0131\u015f edib. oxu.az<\/p>\n","protected":false},"author":2,"featured_media":35745,"comment_status":"closed","ping_status":"closed","sticky":false,"template":"","format":"standard","meta":{"om_disable_all_campaigns":false,"_monsterinsights_skip_tracking":false,"_monsterinsights_sitenote_active":false,"_monsterinsights_sitenote_note":"","_monsterinsights_sitenote_category":0},"categories":[6],"tags":[],"aioseo_notices":[],"gutentor_comment":0,"rttpg_featured_image_url":{"full":["https:\/\/arantv.az\/wp-content\/uploads\/2019\/01\/IMG_2281-768x512.jpg",620,413,false],"landscape":["https:\/\/arantv.az\/wp-content\/uploads\/2019\/01\/IMG_2281-768x512.jpg",620,413,false],"portraits":["https:\/\/arantv.az\/wp-content\/uploads\/2019\/01\/IMG_2281-768x512.jpg",620,413,false],"thumbnail":["https:\/\/arantv.az\/wp-content\/uploads\/2019\/01\/IMG_2281-768x512-150x150.jpg",150,150,true],"medium":["https:\/\/arantv.az\/wp-content\/uploads\/2019\/01\/IMG_2281-768x512-300x200.jpg",300,200,true],"large":["https:\/\/arantv.az\/wp-content\/uploads\/2019\/01\/IMG_2281-768x512.jpg",620,413,false],"1536x1536":["https:\/\/arantv.az\/wp-content\/uploads\/2019\/01\/IMG_2281-768x512.jpg",620,413,false],"2048x2048":["https:\/\/arantv.az\/wp-content\/uploads\/2019\/01\/IMG_2281-768x512.jpg",620,413,false],"post-thumbnail":["https:\/\/arantv.az\/wp-content\/uploads\/2019\/01\/IMG_2281-768x512-240x172.jpg",240,172,true],"advps-thumb-one":["https:\/\/arantv.az\/wp-content\/uploads\/2019\/01\/IMG_2281-768x512.jpg",620,413,false]},"rttpg_author":{"display_name":"V\u00fcsal Rafiqo\u011flu","author_link":"https:\/\/arantv.az\/?author=2"},"rttpg_comment":0,"rttpg_category":"<a href=\"https:\/\/arantv.az\/?cat=6\" rel=\"category\">\u0130dman<\/a>","rttpg_excerpt":"Az\u0259rbaycan millisinin\u00a0qap\u0131\u00e7\u0131s\u0131 Emil Balayev azad agent kimi Qazax\u0131stan\u0131n \u201cTobol\u201d klubuna ke\u00e7ib. ARANTV.AZ\u00a0\u00a0x\u0259b\u0259r verir ki, bununla ba\u011fl\u0131 klubun r\u0259smi sayt\u0131 m\u0259lumat yay\u0131b. M\u00fcqavil\u0259y\u0259 \u0259sas\u0259n, 24 ya\u015fl\u0131 E.Balayev iki il m\u00fcdd\u0259tind\u0259 Qazax\u0131stan klubunun qap\u0131s\u0131n\u0131 qoruyacaq. Xat\u0131rladaq ki, E.Balayev karyeras\u0131 \u0259rzind\u0259 \u201cNeft\u00e7i\u201d, \u201cSumqay\u0131t\u201d, \u201cAraz Nax\u00e7\u0131van\u201d, \u201cQaraba\u011f\u201d, \u201cS\u0259bail\u201d v\u0259\u00a0 Almaniyan\u0131n \u201cAyntraxt\u201d klublar\u0131nda \u00e7\u0131x\u0131\u015f edib. oxu.az","_links":{"self":[{"href":"https:\/\/arantv.az\/index.php?rest_route=\/wp\/v2\/posts\/35744"}],"collection":[{"href":"https:\/\/arantv.az\/index.php?rest_route=\/wp\/v2\/posts"}],"about":[{"href":"https:\/\/arantv.az\/index.php?rest_route=\/wp\/v2\/types\/post"}],"author":[{"embeddable":true,"href":"https:\/\/arantv.az\/index.php?rest_route=\/wp\/v2\/users\/2"}],"replies":[{"embeddable":true,"href":"https:\/\/arantv.az\/index.php?rest_route=%2Fwp%2Fv2%2Fcomments&post=35744"}],"version-history":[{"count":0,"href":"https:\/\/arantv.az\/index.php?rest_route=\/wp\/v2\/posts\/35744\/revisions"}],"wp:featuredmedia":[{"embeddable":true,"href":"https:\/\/arantv.az\/index.php?rest_route=\/wp\/v2\/media\/35745"}],"wp:attachment":[{"href":"https:\/\/arantv.az\/index.php?rest_route=%2Fwp%2Fv2%2Fmedia&parent=35744"}],"wp:term":[{"taxonomy":"category","embeddable":true,"href":"https:\/\/arantv.az\/index.php?rest_route=%2Fwp%2Fv2%2Fcategories&post=35744"},{"taxonomy":"post_tag","embeddable":true,"href":"https:\/\/arantv.az\/index.php?rest_route=%2Fwp%2Fv2%2Ftags&post=35744"}],"curies":[{"name":"wp","href":"https:\/\/api.w.org\/{rel}","templated":true}]}}