{"id":35793,"date":"2019-01-30T11:27:50","date_gmt":"2019-01-30T08:27:50","guid":{"rendered":"http:\/\/arantv.az\/?p=35793"},"modified":"2019-01-30T11:27:50","modified_gmt":"2019-01-30T08:27:50","slug":"az%c9%99rbaycanin-turizm-imkanlari-isvecr%c9%99d%c9%99-numayis-olunub","status":"publish","type":"post","link":"https:\/\/arantv.az\/?p=35793","title":{"rendered":"Az\u0259rbaycan\u0131n turizm imkanlar\u0131 \u0130sve\u00e7r\u0259d\u0259 n\u00fcmayi\u015f olunub"},"content":{"rendered":"<p><strong>ARANTV.AZ<\/strong> x\u0259b\u0259r verir ki, \u0130sve\u00e7r\u0259nin Sankt-Moritz \u015f\u0259h\u0259rind\u0259 ke\u00e7iril\u0259n \u0259n\u0259n\u0259vi q\u0131\u015f polosu \u00fczr\u0259 d\u00fcnya kuboku turniri \u00e7\u0259r\u00e7iv\u0259sind\u0259 Az\u0259rbaycan pavilyonunda \u00f6lk\u0259mizin turizm imkanlar\u0131 n\u00fcmayi\u015f etdirilib. Turnir m\u00fcdd\u0259tind\u0259 qonaqlar Az\u0259rbaycan\u0131n at\u00e7\u0131l\u0131q \u0259n\u0259n\u0259l\u0259ri, milli m\u0259d\u0259niyy\u0259ti v\u0259 qonaqp\u0259rv\u0259rliyi il\u0259 tan\u0131\u015f olublar. Pavilyonda Lah\u0131c misg\u0259rliyi v\u0259 \u015e\u0259ki \u015f\u0259b\u0259k\u0259 s\u0259n\u0259tkarl\u0131\u011f\u0131 n\u00fcmun\u0259l\u0259ri v\u0259 milli xal\u00e7alar n\u00fcmayi\u015f olunub, caz \u00fcslubunda milli musiqi fonunda Az\u0259rbaycan\u0131 \u0259ks etdir\u0259n fotolardan ibar\u0259t s\u0259rgi t\u0259\u015fkil edilib. Az\u0259rbaycan pavilyonunu ziyar\u0259t ed\u0259nl\u0259r\u0259 \u201cAzerbaijan \u2013 Take another look\u201d adl\u0131 konsepsiyaya uy\u011fun yeni \u00e7ap olunan bro\u015f\u00fcrl\u0259r, Heyd\u0259r \u018fliyev Fondunun n\u0259\u015frl\u0259ri paylan\u0131l\u0131b. Yar\u0131\u015flar \u00e7\u0259r\u00e7iv\u0259sind\u0259 izl\u0259yicil\u0259r\u0259 Qaraba\u011f atlar\u0131 v\u0259 milli r\u0259qsl\u0259rimizd\u0259n ibar\u0259t \u00e7\u0131x\u0131\u015flar da t\u0259qdim olunub.<\/p>\n","protected":false},"excerpt":{"rendered":"<p>ARANTV.AZ x\u0259b\u0259r verir ki, \u0130sve\u00e7r\u0259nin Sankt-Moritz \u015f\u0259h\u0259rind\u0259 ke\u00e7iril\u0259n \u0259n\u0259n\u0259vi q\u0131\u015f polosu \u00fczr\u0259 d\u00fcnya kuboku turniri \u00e7\u0259r\u00e7iv\u0259sind\u0259 Az\u0259rbaycan pavilyonunda \u00f6lk\u0259mizin turizm imkanlar\u0131 n\u00fcmayi\u015f etdirilib. Turnir m\u00fcdd\u0259tind\u0259 qonaqlar Az\u0259rbaycan\u0131n at\u00e7\u0131l\u0131q \u0259n\u0259n\u0259l\u0259ri, milli m\u0259d\u0259niyy\u0259ti v\u0259 qonaqp\u0259rv\u0259rliyi il\u0259 tan\u0131\u015f olublar. Pavilyonda Lah\u0131c misg\u0259rliyi v\u0259 \u015e\u0259ki \u015f\u0259b\u0259k\u0259 s\u0259n\u0259tkarl\u0131\u011f\u0131 n\u00fcmun\u0259l\u0259ri v\u0259 milli xal\u00e7alar n\u00fcmayi\u015f olunub, caz \u00fcslubunda milli musiqi fonunda Az\u0259rbaycan\u0131 \u0259ks etdir\u0259n fotolardan ibar\u0259t s\u0259rgi t\u0259\u015fkil edilib. Az\u0259rbaycan pavilyonunu ziyar\u0259t ed\u0259nl\u0259r\u0259 \u201cAzerbaijan \u2013 Take another look\u201d adl\u0131 konsepsiyaya uy\u011fun yeni \u00e7ap olunan bro\u015f\u00fcrl\u0259r, Heyd\u0259r \u018fliyev Fondunun n\u0259\u015frl\u0259ri paylan\u0131l\u0131b. Yar\u0131\u015flar \u00e7\u0259r\u00e7iv\u0259sind\u0259 izl\u0259yicil\u0259r\u0259 Qaraba\u011f atlar\u0131 v\u0259 milli&hellip;<\/p>\n","protected":false},"author":2,"featured_media":35794,"comment_status":"closed","ping_status":"closed","sticky":false,"template":"","format":"standard","meta":{"om_disable_all_campaigns":false,"_monsterinsights_skip_tracking":false,"_monsterinsights_sitenote_active":false,"_monsterinsights_sitenote_note":"","_monsterinsights_sitenote_category":0},"categories":[19],"tags":[],"aioseo_notices":[],"gutentor_comment":0,"rttpg_featured_image_url":{"full":["https:\/\/arantv.az\/wp-content\/uploads\/2019\/01\/b0ueohcq27ci5r325ahcr70lv4iss.jpg",1000,666,false],"landscape":["https:\/\/arantv.az\/wp-content\/uploads\/2019\/01\/b0ueohcq27ci5r325ahcr70lv4iss.jpg",1000,666,false],"portraits":["https:\/\/arantv.az\/wp-content\/uploads\/2019\/01\/b0ueohcq27ci5r325ahcr70lv4iss.jpg",1000,666,false],"thumbnail":["https:\/\/arantv.az\/wp-content\/uploads\/2019\/01\/b0ueohcq27ci5r325ahcr70lv4iss-150x150.jpg",150,150,true],"medium":["https:\/\/arantv.az\/wp-content\/uploads\/2019\/01\/b0ueohcq27ci5r325ahcr70lv4iss-300x200.jpg",300,200,true],"large":["https:\/\/arantv.az\/wp-content\/uploads\/2019\/01\/b0ueohcq27ci5r325ahcr70lv4iss.jpg",640,426,false],"1536x1536":["https:\/\/arantv.az\/wp-content\/uploads\/2019\/01\/b0ueohcq27ci5r325ahcr70lv4iss.jpg",1000,666,false],"2048x2048":["https:\/\/arantv.az\/wp-content\/uploads\/2019\/01\/b0ueohcq27ci5r325ahcr70lv4iss.jpg",1000,666,false],"post-thumbnail":["https:\/\/arantv.az\/wp-content\/uploads\/2019\/01\/b0ueohcq27ci5r325ahcr70lv4iss-240x172.jpg",240,172,true],"advps-thumb-one":["https:\/\/arantv.az\/wp-content\/uploads\/2019\/01\/b0ueohcq27ci5r325ahcr70lv4iss-1000x620.jpg",1000,620,true]},"rttpg_author":{"display_name":"V\u00fcsal Rafiqo\u011flu","author_link":"https:\/\/arantv.az\/?author=2"},"rttpg_comment":0,"rttpg_category":"<a href=\"https:\/\/arantv.az\/?cat=19\" rel=\"category\">G\u00fcnd\u0259m<\/a>","rttpg_excerpt":"ARANTV.AZ x\u0259b\u0259r verir ki, \u0130sve\u00e7r\u0259nin Sankt-Moritz \u015f\u0259h\u0259rind\u0259 ke\u00e7iril\u0259n \u0259n\u0259n\u0259vi q\u0131\u015f polosu \u00fczr\u0259 d\u00fcnya kuboku turniri \u00e7\u0259r\u00e7iv\u0259sind\u0259 Az\u0259rbaycan pavilyonunda \u00f6lk\u0259mizin turizm imkanlar\u0131 n\u00fcmayi\u015f etdirilib. Turnir m\u00fcdd\u0259tind\u0259 qonaqlar Az\u0259rbaycan\u0131n at\u00e7\u0131l\u0131q \u0259n\u0259n\u0259l\u0259ri, milli m\u0259d\u0259niyy\u0259ti v\u0259 qonaqp\u0259rv\u0259rliyi il\u0259 tan\u0131\u015f olublar. Pavilyonda Lah\u0131c misg\u0259rliyi v\u0259 \u015e\u0259ki \u015f\u0259b\u0259k\u0259 s\u0259n\u0259tkarl\u0131\u011f\u0131 n\u00fcmun\u0259l\u0259ri v\u0259 milli xal\u00e7alar n\u00fcmayi\u015f olunub, caz \u00fcslubunda milli musiqi fonunda Az\u0259rbaycan\u0131&hellip;","_links":{"self":[{"href":"https:\/\/arantv.az\/index.php?rest_route=\/wp\/v2\/posts\/35793"}],"collection":[{"href":"https:\/\/arantv.az\/index.php?rest_route=\/wp\/v2\/posts"}],"about":[{"href":"https:\/\/arantv.az\/index.php?rest_route=\/wp\/v2\/types\/post"}],"author":[{"embeddable":true,"href":"https:\/\/arantv.az\/index.php?rest_route=\/wp\/v2\/users\/2"}],"replies":[{"embeddable":true,"href":"https:\/\/arantv.az\/index.php?rest_route=%2Fwp%2Fv2%2Fcomments&post=35793"}],"version-history":[{"count":0,"href":"https:\/\/arantv.az\/index.php?rest_route=\/wp\/v2\/posts\/35793\/revisions"}],"wp:featuredmedia":[{"embeddable":true,"href":"https:\/\/arantv.az\/index.php?rest_route=\/wp\/v2\/media\/35794"}],"wp:attachment":[{"href":"https:\/\/arantv.az\/index.php?rest_route=%2Fwp%2Fv2%2Fmedia&parent=35793"}],"wp:term":[{"taxonomy":"category","embeddable":true,"href":"https:\/\/arantv.az\/index.php?rest_route=%2Fwp%2Fv2%2Fcategories&post=35793"},{"taxonomy":"post_tag","embeddable":true,"href":"https:\/\/arantv.az\/index.php?rest_route=%2Fwp%2Fv2%2Ftags&post=35793"}],"curies":[{"name":"wp","href":"https:\/\/api.w.org\/{rel}","templated":true}]}}