{"id":357997,"date":"2021-07-17T10:18:23","date_gmt":"2021-07-17T07:18:23","guid":{"rendered":"http:\/\/arantv.az\/?p=357997"},"modified":"2021-07-17T10:18:23","modified_gmt":"2021-07-17T07:18:23","slug":"erm%c9%99ni-jurnalist-h%c9%99simovun-olumu-biz%c9%99-f%c9%99lak%c9%99t-g%c9%99tirdi","status":"publish","type":"post","link":"https:\/\/arantv.az\/?p=357997","title":{"rendered":"Erm\u0259ni jurnalist: H\u0259\u015fimovun \u00f6l\u00fcm\u00fc biz\u0259 f\u0259lak\u0259t g\u0259tirdi"},"content":{"rendered":"<p><strong>Erm\u0259ni h\u0259rbi jurnalist Voskan S\u0259rkisyan general Polad H\u0259\u015fimovun \u015f\u0259hid olmas\u0131n\u0131n Erm\u0259nistan \u00fc\u00e7\u00fcn b\u00f6y\u00fck f\u0259lak\u0259t g\u0259tirdiyini deyib.<\/strong><\/p>\n<p><strong>ARANTV.AZ<\/strong>\u00a0 axar.az-a istinad\u0259n x\u0259b\u0259r verir ki, o, Tovuz istiqam\u0259tind\u0259 h\u00fccumun b\u00f6y\u00fck yanl\u0131\u015f oldu\u011funu bildirib.<\/p>\n<p>&#8220;Bununla he\u00e7 n\u0259y\u0259 nail olmad\u0131q, general H\u0259\u015fimovu \u00f6ld\u00fcrm\u0259kl\u0259 yeni m\u00fcharib\u0259ni ba\u015flatd\u0131q v\u0259 n\u0259tic\u0259si a\u011f\u0131r oldu&#8221;, o qeyd edib.<\/p>\n","protected":false},"excerpt":{"rendered":"<p>Erm\u0259ni h\u0259rbi jurnalist Voskan S\u0259rkisyan general Polad H\u0259\u015fimovun \u015f\u0259hid olmas\u0131n\u0131n Erm\u0259nistan \u00fc\u00e7\u00fcn b\u00f6y\u00fck f\u0259lak\u0259t g\u0259tirdiyini deyib. ARANTV.AZ\u00a0 axar.az-a istinad\u0259n x\u0259b\u0259r verir ki, o, Tovuz istiqam\u0259tind\u0259 h\u00fccumun b\u00f6y\u00fck yanl\u0131\u015f oldu\u011funu bildirib. &#8220;Bununla he\u00e7 n\u0259y\u0259 nail olmad\u0131q, general H\u0259\u015fimovu \u00f6ld\u00fcrm\u0259kl\u0259 yeni m\u00fcharib\u0259ni ba\u015flatd\u0131q v\u0259 n\u0259tic\u0259si a\u011f\u0131r oldu&#8221;, o qeyd edib.<\/p>\n","protected":false},"author":2,"featured_media":357998,"comment_status":"closed","ping_status":"closed","sticky":false,"template":"","format":"standard","meta":{"om_disable_all_campaigns":false,"_monsterinsights_skip_tracking":false,"_monsterinsights_sitenote_active":false,"_monsterinsights_sitenote_note":"","_monsterinsights_sitenote_category":0},"categories":[7],"tags":[],"aioseo_notices":[],"gutentor_comment":0,"rttpg_featured_image_url":{"full":["https:\/\/arantv.az\/wp-content\/uploads\/2021\/07\/965953.jpg",800,600,false],"landscape":["https:\/\/arantv.az\/wp-content\/uploads\/2021\/07\/965953.jpg",800,600,false],"portraits":["https:\/\/arantv.az\/wp-content\/uploads\/2021\/07\/965953.jpg",800,600,false],"thumbnail":["https:\/\/arantv.az\/wp-content\/uploads\/2021\/07\/965953-500x280.jpg",500,280,true],"medium":["https:\/\/arantv.az\/wp-content\/uploads\/2021\/07\/965953-487x365.jpg",487,365,true],"large":["https:\/\/arantv.az\/wp-content\/uploads\/2021\/07\/965953.jpg",640,480,false],"1536x1536":["https:\/\/arantv.az\/wp-content\/uploads\/2021\/07\/965953.jpg",800,600,false],"2048x2048":["https:\/\/arantv.az\/wp-content\/uploads\/2021\/07\/965953.jpg",800,600,false],"post-thumbnail":["https:\/\/arantv.az\/wp-content\/uploads\/2021\/07\/965953-240x172.jpg",240,172,true],"advps-thumb-one":["https:\/\/arantv.az\/wp-content\/uploads\/2021\/07\/965953.jpg",800,600,false]},"rttpg_author":{"display_name":"V\u00fcsal Rafiqo\u011flu","author_link":"https:\/\/arantv.az\/?author=2"},"rttpg_comment":0,"rttpg_category":"<a href=\"https:\/\/arantv.az\/?cat=7\" rel=\"category\">D\u00fcnya<\/a>","rttpg_excerpt":"Erm\u0259ni h\u0259rbi jurnalist Voskan S\u0259rkisyan general Polad H\u0259\u015fimovun \u015f\u0259hid olmas\u0131n\u0131n Erm\u0259nistan \u00fc\u00e7\u00fcn b\u00f6y\u00fck f\u0259lak\u0259t g\u0259tirdiyini deyib. ARANTV.AZ\u00a0 axar.az-a istinad\u0259n x\u0259b\u0259r verir ki, o, Tovuz istiqam\u0259tind\u0259 h\u00fccumun b\u00f6y\u00fck yanl\u0131\u015f oldu\u011funu bildirib. &#8220;Bununla he\u00e7 n\u0259y\u0259 nail olmad\u0131q, general H\u0259\u015fimovu \u00f6ld\u00fcrm\u0259kl\u0259 yeni m\u00fcharib\u0259ni ba\u015flatd\u0131q v\u0259 n\u0259tic\u0259si a\u011f\u0131r oldu&#8221;, o qeyd edib.","_links":{"self":[{"href":"https:\/\/arantv.az\/index.php?rest_route=\/wp\/v2\/posts\/357997"}],"collection":[{"href":"https:\/\/arantv.az\/index.php?rest_route=\/wp\/v2\/posts"}],"about":[{"href":"https:\/\/arantv.az\/index.php?rest_route=\/wp\/v2\/types\/post"}],"author":[{"embeddable":true,"href":"https:\/\/arantv.az\/index.php?rest_route=\/wp\/v2\/users\/2"}],"replies":[{"embeddable":true,"href":"https:\/\/arantv.az\/index.php?rest_route=%2Fwp%2Fv2%2Fcomments&post=357997"}],"version-history":[{"count":0,"href":"https:\/\/arantv.az\/index.php?rest_route=\/wp\/v2\/posts\/357997\/revisions"}],"wp:featuredmedia":[{"embeddable":true,"href":"https:\/\/arantv.az\/index.php?rest_route=\/wp\/v2\/media\/357998"}],"wp:attachment":[{"href":"https:\/\/arantv.az\/index.php?rest_route=%2Fwp%2Fv2%2Fmedia&parent=357997"}],"wp:term":[{"taxonomy":"category","embeddable":true,"href":"https:\/\/arantv.az\/index.php?rest_route=%2Fwp%2Fv2%2Fcategories&post=357997"},{"taxonomy":"post_tag","embeddable":true,"href":"https:\/\/arantv.az\/index.php?rest_route=%2Fwp%2Fv2%2Ftags&post=357997"}],"curies":[{"name":"wp","href":"https:\/\/api.w.org\/{rel}","templated":true}]}}