{"id":358000,"date":"2021-07-17T10:21:11","date_gmt":"2021-07-17T07:21:11","guid":{"rendered":"http:\/\/arantv.az\/?p=358000"},"modified":"2021-07-17T10:21:11","modified_gmt":"2021-07-17T07:21:11","slug":"alimpasa-m%c9%99mm%c9%99dov-h%c9%99bsd%c9%99-seir-yazir","status":"publish","type":"post","link":"https:\/\/arantv.az\/?p=358000","title":{"rendered":"Alimpa\u015fa M\u0259mm\u0259dov h\u0259bsd\u0259 \u015feir yaz\u0131r"},"content":{"rendered":"<p><strong>\u015e\u0259mkir Rayon \u0130cra Hakimiyy\u0259tinin sabiq ba\u015f\u00e7\u0131s\u0131, haz\u0131rda h\u0259bsd\u0259 olan Alimpa\u015fa M\u0259mm\u0259dov \u015feir yaz\u0131r v\u0259 idmanla m\u0259\u015f\u011fuldur.<\/strong><\/p>\n<p><b>ARANTV.AZ <\/b>x\u0259b\u0259r verir ki, bunu Trend-\u0259 a\u00e7\u0131qlamas\u0131nda bu g\u00fcn D\u00f6vl\u0259t T\u0259hl\u00fck\u0259sizliyi Xidm\u0259tinin Saxlanma Yeri v\u0259 \u0130stintaq T\u0259cridxanas\u0131nda A.M\u0259mm\u0259dovla g\u00f6r\u00fc\u015f\u0259n \u0130\u015fg\u0259nc\u0259l\u0259r\u0259 Qar\u015f\u0131 Az\u0259rbaycan Komit\u0259sinin s\u0259dri Tural H\u00fcseynov deyib.<\/p>\n<p>O bildirib ki, sabiq icra ba\u015f\u00e7\u0131s\u0131 h\u0259r g\u00fcn idmanla m\u0259\u015f\u011ful olur:<\/p>\n<p>\u201cSabiq icra ba\u015f\u00e7\u0131s\u0131 il\u0259 t\u0259cridxanada t\u0259kb\u0259t\u0259k g\u00f6r\u00fc\u015fd\u00fcm v\u0259 v\u0259ziyy\u0259ti il\u0259 maraqland\u0131m. Alimpa\u015fa M\u0259mm\u0259dov bildirdi ki, haz\u0131rda \u00f6z\u00fcn\u00fc g\u00fcmrah hiss edir, he\u00e7 bir problemi yoxdur, asud\u0259 vaxtlar\u0131ndan faydal\u0131 istifad\u0259 edir.<\/p>\n<p>Dedi ki, saxland\u0131\u011f\u0131 m\u00fcdd\u0259td\u0259, h\u0259m\u00e7inin, \u015feir d\u0259 yaz\u0131r, faydal\u0131 i\u015fl\u0259 m\u0259\u015f\u011fuldur. \u0130stintaq\u0131n gedi\u015find\u0259n d\u0259 raz\u0131d\u0131r, istintaq tam obyektiv apar\u0131l\u0131r\u201d.<\/p>\n","protected":false},"excerpt":{"rendered":"<p>\u015e\u0259mkir Rayon \u0130cra Hakimiyy\u0259tinin sabiq ba\u015f\u00e7\u0131s\u0131, haz\u0131rda h\u0259bsd\u0259 olan Alimpa\u015fa M\u0259mm\u0259dov \u015feir yaz\u0131r v\u0259 idmanla m\u0259\u015f\u011fuldur. ARANTV.AZ x\u0259b\u0259r verir ki, bunu Trend-\u0259 a\u00e7\u0131qlamas\u0131nda bu g\u00fcn D\u00f6vl\u0259t T\u0259hl\u00fck\u0259sizliyi Xidm\u0259tinin Saxlanma Yeri v\u0259 \u0130stintaq T\u0259cridxanas\u0131nda A.M\u0259mm\u0259dovla g\u00f6r\u00fc\u015f\u0259n \u0130\u015fg\u0259nc\u0259l\u0259r\u0259 Qar\u015f\u0131 Az\u0259rbaycan Komit\u0259sinin s\u0259dri Tural H\u00fcseynov deyib. O bildirib ki, sabiq icra ba\u015f\u00e7\u0131s\u0131 h\u0259r g\u00fcn idmanla m\u0259\u015f\u011ful olur: \u201cSabiq icra ba\u015f\u00e7\u0131s\u0131 il\u0259 t\u0259cridxanada t\u0259kb\u0259t\u0259k g\u00f6r\u00fc\u015fd\u00fcm v\u0259 v\u0259ziyy\u0259ti il\u0259 maraqland\u0131m. Alimpa\u015fa M\u0259mm\u0259dov bildirdi ki, haz\u0131rda \u00f6z\u00fcn\u00fc g\u00fcmrah hiss edir, he\u00e7 bir problemi yoxdur, asud\u0259 vaxtlar\u0131ndan faydal\u0131 istifad\u0259 edir. Dedi ki, saxland\u0131\u011f\u0131 m\u00fcdd\u0259td\u0259, h\u0259m\u00e7inin, \u015feir d\u0259&hellip;<\/p>\n","protected":false},"author":2,"featured_media":358001,"comment_status":"closed","ping_status":"closed","sticky":false,"template":"","format":"standard","meta":{"om_disable_all_campaigns":false,"_monsterinsights_skip_tracking":false,"_monsterinsights_sitenote_active":false,"_monsterinsights_sitenote_note":"","_monsterinsights_sitenote_category":0},"categories":[19],"tags":[],"aioseo_notices":[],"gutentor_comment":0,"rttpg_featured_image_url":{"full":["https:\/\/arantv.az\/wp-content\/uploads\/2021\/07\/alimpasa.jpg",800,450,false],"landscape":["https:\/\/arantv.az\/wp-content\/uploads\/2021\/07\/alimpasa.jpg",800,450,false],"portraits":["https:\/\/arantv.az\/wp-content\/uploads\/2021\/07\/alimpasa.jpg",800,450,false],"thumbnail":["https:\/\/arantv.az\/wp-content\/uploads\/2021\/07\/alimpasa-500x280.jpg",500,280,true],"medium":["https:\/\/arantv.az\/wp-content\/uploads\/2021\/07\/alimpasa-649x365.jpg",649,365,true],"large":["https:\/\/arantv.az\/wp-content\/uploads\/2021\/07\/alimpasa.jpg",640,360,false],"1536x1536":["https:\/\/arantv.az\/wp-content\/uploads\/2021\/07\/alimpasa.jpg",800,450,false],"2048x2048":["https:\/\/arantv.az\/wp-content\/uploads\/2021\/07\/alimpasa.jpg",800,450,false],"post-thumbnail":["https:\/\/arantv.az\/wp-content\/uploads\/2021\/07\/alimpasa-240x172.jpg",240,172,true],"advps-thumb-one":["https:\/\/arantv.az\/wp-content\/uploads\/2021\/07\/alimpasa.jpg",800,450,false]},"rttpg_author":{"display_name":"V\u00fcsal Rafiqo\u011flu","author_link":"https:\/\/arantv.az\/?author=2"},"rttpg_comment":0,"rttpg_category":"<a href=\"https:\/\/arantv.az\/?cat=19\" rel=\"category\">G\u00fcnd\u0259m<\/a>","rttpg_excerpt":"\u015e\u0259mkir Rayon \u0130cra Hakimiyy\u0259tinin sabiq ba\u015f\u00e7\u0131s\u0131, haz\u0131rda h\u0259bsd\u0259 olan Alimpa\u015fa M\u0259mm\u0259dov \u015feir yaz\u0131r v\u0259 idmanla m\u0259\u015f\u011fuldur. ARANTV.AZ x\u0259b\u0259r verir ki, bunu Trend-\u0259 a\u00e7\u0131qlamas\u0131nda bu g\u00fcn D\u00f6vl\u0259t T\u0259hl\u00fck\u0259sizliyi Xidm\u0259tinin Saxlanma Yeri v\u0259 \u0130stintaq T\u0259cridxanas\u0131nda A.M\u0259mm\u0259dovla g\u00f6r\u00fc\u015f\u0259n \u0130\u015fg\u0259nc\u0259l\u0259r\u0259 Qar\u015f\u0131 Az\u0259rbaycan Komit\u0259sinin s\u0259dri Tural H\u00fcseynov deyib. O bildirib ki, sabiq icra ba\u015f\u00e7\u0131s\u0131 h\u0259r g\u00fcn idmanla m\u0259\u015f\u011ful olur: \u201cSabiq&hellip;","_links":{"self":[{"href":"https:\/\/arantv.az\/index.php?rest_route=\/wp\/v2\/posts\/358000"}],"collection":[{"href":"https:\/\/arantv.az\/index.php?rest_route=\/wp\/v2\/posts"}],"about":[{"href":"https:\/\/arantv.az\/index.php?rest_route=\/wp\/v2\/types\/post"}],"author":[{"embeddable":true,"href":"https:\/\/arantv.az\/index.php?rest_route=\/wp\/v2\/users\/2"}],"replies":[{"embeddable":true,"href":"https:\/\/arantv.az\/index.php?rest_route=%2Fwp%2Fv2%2Fcomments&post=358000"}],"version-history":[{"count":0,"href":"https:\/\/arantv.az\/index.php?rest_route=\/wp\/v2\/posts\/358000\/revisions"}],"wp:featuredmedia":[{"embeddable":true,"href":"https:\/\/arantv.az\/index.php?rest_route=\/wp\/v2\/media\/358001"}],"wp:attachment":[{"href":"https:\/\/arantv.az\/index.php?rest_route=%2Fwp%2Fv2%2Fmedia&parent=358000"}],"wp:term":[{"taxonomy":"category","embeddable":true,"href":"https:\/\/arantv.az\/index.php?rest_route=%2Fwp%2Fv2%2Fcategories&post=358000"},{"taxonomy":"post_tag","embeddable":true,"href":"https:\/\/arantv.az\/index.php?rest_route=%2Fwp%2Fv2%2Ftags&post=358000"}],"curies":[{"name":"wp","href":"https:\/\/api.w.org\/{rel}","templated":true}]}}