{"id":358014,"date":"2021-07-17T10:42:00","date_gmt":"2021-07-17T07:42:00","guid":{"rendered":"http:\/\/arantv.az\/?p=358014"},"modified":"2021-07-17T10:42:00","modified_gmt":"2021-07-17T07:42:00","slug":"tovuz-doyusl%c9%99ri-q%c9%99l%c9%99b%c9%99y%c9%99-ged%c9%99n-yolu-t%c9%99min-etdi","status":"publish","type":"post","link":"https:\/\/arantv.az\/?p=358014","title":{"rendered":"Tovuz d\u00f6y\u00fc\u015fl\u0259ri Q\u0259l\u0259b\u0259y\u0259 ged\u0259n yolu t\u0259min etdi"},"content":{"rendered":"<p>2020-ci ilin iyulun 17-si d\u00f6vl\u0259t s\u0259rh\u0259dinin Tovuz istiqam\u0259tind\u0259 aktiv h\u0259rbi \u0259m\u0259liyyatlar\u0131n dayand\u0131r\u0131lmas\u0131 il\u0259 n\u0259tic\u0259l\u0259nib. Daha d\u0259qiq ifad\u0259 ets\u0259k, d\u00f6y\u00fc\u015f\u00a0meydan\u0131nda sars\u0131d\u0131c\u0131 z\u0259rb\u0259l\u0259r alan Erm\u0259nistan bu istiqam\u0259td\u0259 tamamil\u0259 geri oturdulub.<\/p>\n<p>\u0130yulun 12-d\u0259n ba\u015flayan \u015fidd\u0259tli artilleriya d\u00f6y\u00fc\u015fl\u0259rin\u0259 \u0259n \u00e7ox \u015fahidlik ed\u0259n Tovuzun A\u011fdam k\u0259ndi idi.<\/p>\n<p>\u0130ntensiv at\u0259\u015f\u0259 tutulan k\u0259ndin sakini, 76 ya\u015fl\u0131 \u018fziz \u018fzizov evin\u0259 m\u0259rmi d\u00fc\u015fm\u0259si n\u0259tic\u0259sind\u0259 h\u0259lak oldu, bununla bel\u0259, m\u00fclki \u0259halinin h\u0259d\u0259f\u0259 al\u0131nmas\u0131 Tovuzun c\u0259bh\u0259boyu ya\u015fay\u0131\u015f m\u0259nt\u0259q\u0259l\u0259rinin sakinl\u0259rinin \u0259zmini q\u0131ra bilm\u0259di.<\/p>\n<div id=\"AdviadNativeVideo0\" class=\"AdviadNativeVideo\"><\/div>\n<p>D\u00f6y\u00fc\u015fl\u0259rd\u0259 Az\u0259rbaycan Ordusu 12 \u015f\u0259hid vers\u0259 d\u0259, d\u00fc\u015fm\u0259n\u0259 layiqli z\u0259rb\u0259l\u0259r endirildi, Erm\u0259nistan silahl\u0131 b\u00f6lm\u0259l\u0259rinin at\u0259\u015f n\u00f6qt\u0259l\u0259ri, dayaq m\u0259nt\u0259q\u0259l\u0259ri, artilleriya qur\u011fular\u0131, h\u0259rbi texnikalar\u0131, y\u00fcz\u0259d\u0259k canl\u0131 q\u00fcvv\u0259si m\u0259hv edildi.<\/p>\n<p>Tovuz d\u00f6y\u00fc\u015fl\u0259rind\u0259n sonra Az\u0259rbaycan m\u00fcharib\u0259y\u0259 haz\u0131rla\u015fd\u0131\u011f\u0131n\u0131 t\u0259dric\u0259n a\u00e7\u0131q \u015f\u0259kild\u0259 b\u0259yan etm\u0259y\u0259 ba\u015flad\u0131, ax\u0131 Tovuzdak\u0131 \u0259m\u0259liyyatlar Az\u0259rbaycan xalq\u0131n\u0131n m\u00fcharib\u0259y\u0259 dair sifari\u015fl\u0259rinin praktiki y\u00f6nd\u0259 icras\u0131n\u0131 aktualla\u015fd\u0131r\u0131rd\u0131.<\/p>\n<p>D\u00f6vl\u0259t-xalq birliyi m\u00f6hk\u0259ml\u0259nir v\u0259 bir-birini tamamlayan vahid g\u00fcc\u0259 \u00e7evrilir. Tovuz d\u00f6y\u00fc\u015fl\u0259ri d\u00f6rdg\u00fcnl\u00fck aprel m\u00fcharib\u0259sind\u0259n sonra Az\u0259rbaycan\u0131n m\u00fcasir h\u0259rb tarixind\u0259 n\u00f6vb\u0259ti s\u0259hif\u0259 yarad\u0131r v\u0259 Q\u0259l\u0259b\u0259y\u0259 ged\u0259n yolu t\u0259min edir.<\/p>\n<p>N\u0259hay\u0259t, sentyabr\u0131n 27-d\u0259 ba\u015flayan V\u0259t\u0259n m\u00fcharib\u0259si \u015fanl\u0131 dastan\u0131n son c\u00fcml\u0259l\u0259rini g\u0259tirm\u0259li idi, bu \u201cc\u00fcml\u0259l\u0259ri\u201d is\u0259 m\u00fcz\u0259ff\u0259r Az\u0259rbaycan Ordusu d\u00f6y\u00fc\u015f meydan\u0131nda q\u0131z\u0131l h\u0259rfl\u0259rl\u0259 yazma\u011f\u0131 bacard\u0131.<\/p>\n<p>Erm\u0259nistan m\u0259\u011flub oldu v\u0259 sonra biab\u0131r\u00e7\u0131 kapitulyasiya akt\u0131na imza atmaq m\u0259cburiyy\u0259tind\u0259 qald\u0131.<\/p>\n","protected":false},"excerpt":{"rendered":"<p>2020-ci ilin iyulun 17-si d\u00f6vl\u0259t s\u0259rh\u0259dinin Tovuz istiqam\u0259tind\u0259 aktiv h\u0259rbi \u0259m\u0259liyyatlar\u0131n dayand\u0131r\u0131lmas\u0131 il\u0259 n\u0259tic\u0259l\u0259nib. Daha d\u0259qiq ifad\u0259 ets\u0259k, d\u00f6y\u00fc\u015f\u00a0meydan\u0131nda sars\u0131d\u0131c\u0131 z\u0259rb\u0259l\u0259r alan Erm\u0259nistan bu istiqam\u0259td\u0259 tamamil\u0259 geri oturdulub. \u0130yulun 12-d\u0259n ba\u015flayan \u015fidd\u0259tli artilleriya d\u00f6y\u00fc\u015fl\u0259rin\u0259 \u0259n \u00e7ox \u015fahidlik ed\u0259n Tovuzun A\u011fdam k\u0259ndi idi. \u0130ntensiv at\u0259\u015f\u0259 tutulan k\u0259ndin sakini, 76 ya\u015fl\u0131 \u018fziz \u018fzizov evin\u0259 m\u0259rmi d\u00fc\u015fm\u0259si n\u0259tic\u0259sind\u0259 h\u0259lak oldu, bununla bel\u0259, m\u00fclki \u0259halinin h\u0259d\u0259f\u0259 al\u0131nmas\u0131 Tovuzun c\u0259bh\u0259boyu ya\u015fay\u0131\u015f m\u0259nt\u0259q\u0259l\u0259rinin sakinl\u0259rinin \u0259zmini q\u0131ra bilm\u0259di. D\u00f6y\u00fc\u015fl\u0259rd\u0259 Az\u0259rbaycan Ordusu 12 \u015f\u0259hid vers\u0259 d\u0259, d\u00fc\u015fm\u0259n\u0259 layiqli z\u0259rb\u0259l\u0259r endirildi, Erm\u0259nistan silahl\u0131 b\u00f6lm\u0259l\u0259rinin at\u0259\u015f n\u00f6qt\u0259l\u0259ri, dayaq m\u0259nt\u0259q\u0259l\u0259ri, artilleriya&hellip;<\/p>\n","protected":false},"author":2,"featured_media":358015,"comment_status":"closed","ping_status":"closed","sticky":false,"template":"","format":"standard","meta":{"om_disable_all_campaigns":false,"_monsterinsights_skip_tracking":false,"_monsterinsights_sitenote_active":false,"_monsterinsights_sitenote_note":"","_monsterinsights_sitenote_category":0},"categories":[10],"tags":[],"aioseo_notices":[],"gutentor_comment":0,"rttpg_featured_image_url":{"full":["https:\/\/arantv.az\/wp-content\/uploads\/2021\/07\/5e5cc8a889e9b.jpg",1000,580,false],"landscape":["https:\/\/arantv.az\/wp-content\/uploads\/2021\/07\/5e5cc8a889e9b.jpg",1000,580,false],"portraits":["https:\/\/arantv.az\/wp-content\/uploads\/2021\/07\/5e5cc8a889e9b.jpg",1000,580,false],"thumbnail":["https:\/\/arantv.az\/wp-content\/uploads\/2021\/07\/5e5cc8a889e9b-500x280.jpg",500,280,true],"medium":["https:\/\/arantv.az\/wp-content\/uploads\/2021\/07\/5e5cc8a889e9b-629x365.jpg",629,365,true],"large":["https:\/\/arantv.az\/wp-content\/uploads\/2021\/07\/5e5cc8a889e9b-840x487.jpg",640,371,true],"1536x1536":["https:\/\/arantv.az\/wp-content\/uploads\/2021\/07\/5e5cc8a889e9b.jpg",1000,580,false],"2048x2048":["https:\/\/arantv.az\/wp-content\/uploads\/2021\/07\/5e5cc8a889e9b.jpg",1000,580,false],"post-thumbnail":["https:\/\/arantv.az\/wp-content\/uploads\/2021\/07\/5e5cc8a889e9b-240x172.jpg",240,172,true],"advps-thumb-one":["https:\/\/arantv.az\/wp-content\/uploads\/2021\/07\/5e5cc8a889e9b.jpg",1000,580,false]},"rttpg_author":{"display_name":"V\u00fcsal Rafiqo\u011flu","author_link":"https:\/\/arantv.az\/?author=2"},"rttpg_comment":0,"rttpg_category":"<a href=\"https:\/\/arantv.az\/?cat=10\" rel=\"category\">C\u0259bh\u0259d\u0259n X\u0259b\u0259r<\/a>","rttpg_excerpt":"2020-ci ilin iyulun 17-si d\u00f6vl\u0259t s\u0259rh\u0259dinin Tovuz istiqam\u0259tind\u0259 aktiv h\u0259rbi \u0259m\u0259liyyatlar\u0131n dayand\u0131r\u0131lmas\u0131 il\u0259 n\u0259tic\u0259l\u0259nib. Daha d\u0259qiq ifad\u0259 ets\u0259k, d\u00f6y\u00fc\u015f\u00a0meydan\u0131nda sars\u0131d\u0131c\u0131 z\u0259rb\u0259l\u0259r alan Erm\u0259nistan bu istiqam\u0259td\u0259 tamamil\u0259 geri oturdulub. \u0130yulun 12-d\u0259n ba\u015flayan \u015fidd\u0259tli artilleriya d\u00f6y\u00fc\u015fl\u0259rin\u0259 \u0259n \u00e7ox \u015fahidlik ed\u0259n Tovuzun A\u011fdam k\u0259ndi idi. \u0130ntensiv at\u0259\u015f\u0259 tutulan k\u0259ndin sakini, 76 ya\u015fl\u0131 \u018fziz \u018fzizov evin\u0259 m\u0259rmi d\u00fc\u015fm\u0259si n\u0259tic\u0259sind\u0259&hellip;","_links":{"self":[{"href":"https:\/\/arantv.az\/index.php?rest_route=\/wp\/v2\/posts\/358014"}],"collection":[{"href":"https:\/\/arantv.az\/index.php?rest_route=\/wp\/v2\/posts"}],"about":[{"href":"https:\/\/arantv.az\/index.php?rest_route=\/wp\/v2\/types\/post"}],"author":[{"embeddable":true,"href":"https:\/\/arantv.az\/index.php?rest_route=\/wp\/v2\/users\/2"}],"replies":[{"embeddable":true,"href":"https:\/\/arantv.az\/index.php?rest_route=%2Fwp%2Fv2%2Fcomments&post=358014"}],"version-history":[{"count":0,"href":"https:\/\/arantv.az\/index.php?rest_route=\/wp\/v2\/posts\/358014\/revisions"}],"wp:featuredmedia":[{"embeddable":true,"href":"https:\/\/arantv.az\/index.php?rest_route=\/wp\/v2\/media\/358015"}],"wp:attachment":[{"href":"https:\/\/arantv.az\/index.php?rest_route=%2Fwp%2Fv2%2Fmedia&parent=358014"}],"wp:term":[{"taxonomy":"category","embeddable":true,"href":"https:\/\/arantv.az\/index.php?rest_route=%2Fwp%2Fv2%2Fcategories&post=358014"},{"taxonomy":"post_tag","embeddable":true,"href":"https:\/\/arantv.az\/index.php?rest_route=%2Fwp%2Fv2%2Ftags&post=358014"}],"curies":[{"name":"wp","href":"https:\/\/api.w.org\/{rel}","templated":true}]}}