{"id":358017,"date":"2021-07-17T10:43:37","date_gmt":"2021-07-17T07:43:37","guid":{"rendered":"http:\/\/arantv.az\/?p=358017"},"modified":"2021-07-17T10:43:37","modified_gmt":"2021-07-17T07:43:37","slug":"az%c9%99rbaycanin-ugur-hekay%c9%99si","status":"publish","type":"post","link":"https:\/\/arantv.az\/?p=358017","title":{"rendered":"Az\u0259rbaycan\u0131n u\u011fur hekay\u0259si"},"content":{"rendered":"<p><strong>Faktlar \u00f6z\u00fc-\u00f6z\u00fcn\u0259 dan\u0131\u015f\u0131r. 10 il \u0259vv\u0259l qo\u015fuldu\u011fumuz Qo\u015fulmama H\u0259r\u0259kat\u0131na 5 il sonra s\u0259dirliyimiz haqq\u0131nda yekdil q\u0259rar q\u0259bul edilir. Az\u0259rbaycan bu m\u00fcdd\u0259td\u0259 h\u0259m qurumun daxilind\u0259ki m\u00fcnasib\u0259tl\u0259ri geni\u015fl\u0259ndirm\u0259yi bacard\u0131, keyfiyy\u0259tc\u0259 tamam f\u0259rqli m\u0259rh\u0259l\u0259y\u0259 qald\u0131rd\u0131, eyni zamanda H\u0259r\u0259kat\u0131n \u00f6z\u00fcn\u00fcn n\u00fcfuzunun beyn\u0259lxalq c\u0259miyy\u0259td\u0259 art\u0131r\u0131lmas\u0131 \u00fc\u00e7\u00fcn i\u015fl\u0259r g\u00f6rd\u00fc v\u0259 g\u00f6rm\u0259kd\u0259 davam edir. S\u0259dirliy\u0259 ba\u015flad\u0131\u011f\u0131m\u0131z m\u00fcdd\u0259td\u0259n 2 il\u0259 yax\u0131n bir vaxt ke\u00e7ir v\u0259 deyil\u0259nl\u0259rin \u0259m\u0259li t\u0259sdiqinin \u015fahidi oluruq. Az\u0259rbaycan\u0131n s\u0259drliyi d\u00f6vr\u00fcnd\u0259\u00a0Qo\u015fulmama H\u0259r\u0259kat\u0131nda ciddi d\u0259yi\u015fiklikl\u0259r n\u0259z\u0259r\u0259 \u00e7arpd\u0131.\u00a0<\/strong><\/p>\n<p>Az\u0259rbaycan\u0131n Qo\u015fulmama H\u0259r\u0259kat\u0131na s\u0259drliyinin ilk 21 ay\u0131 \u0259rzind\u0259 g\u00f6r\u00fcl\u0259n i\u015fl\u0259ri xarakteriz\u0259 ets\u0259k, bunu bir u\u011fur hekay\u0259si adland\u0131ra bil\u0259rik. Baxmayaraq ki, Az\u0259rbaycan\u0131n s\u0259drliyi ba\u015flayandan etibar\u0259n b\u00f6y\u00fck qlobal \u00e7a\u011f\u0131r\u0131\u015flarla qar\u015f\u0131-qar\u015f\u0131ya qald\u0131q. X\u00fcsusil\u0259 d\u0259 COV\u0130D-19 pandemiyas\u0131n\u0131 qeyd etm\u0259k ist\u0259rdik. Amma Az\u0259rbaycan\u0131n s\u0259drliyinin u\u011furu v\u0259 Az\u0259rbaycan s\u0259drliyinin \u00f6z\u0259lliyi ondan ibar\u0259tdir ki, r\u0259smi Bak\u0131 bu \u00e7a\u011f\u0131r\u0131\u015flar\u0131 imkanlara, f\u00fcrs\u0259tl\u0259r\u0259 \u00e7evir\u0259 bildi. \u00c7\u00fcnki\u00a0h\u0259min d\u00f6vr \u0259rzind\u0259 Az\u0259rbaycan\u0131n s\u0259drliyi yeni t\u0259\u015f\u0259bb\u00fcsl\u0259rl\u0259 t\u0259\u015fkilat\u0131n, H\u0259r\u0259kat\u0131n \u00fczv \u00f6lk\u0259l\u0259rini bir araya g\u0259tir\u0259 bil\u0259c\u0259k. H\u0259m H\u0259r\u0259kat\u0131n \u00f6z daxilind\u0259\u00a0h\u0259mr\u0259yliyi g\u00fccl\u0259ndir\u0259 bil\u0259c\u0259k, h\u0259m d\u0259 H\u0259r\u0259katla d\u00fcnyan\u0131n dig\u0259r t\u0259chizatlar\u0131, t\u0259\u015fkilatlar\u0131 aras\u0131ndak\u0131 bu \u0259laq\u0259l\u0259ri daha da inki\u015faf etdir\u0259c\u0259k.<\/p>\n<p>&nbsp;<\/p>\n<article class=\"\"><a href=\"https:\/\/news.milli.az\/politics\/965795.html\" target=\"_blank\" rel=\"noopener\"><img src=\"https:\/\/img.milli.az\/2021\/07\/16\/600x450\/prezident_ilham_aliyev_mr_pr.png\" alt=\"\" \/><\/a><\/p>\n<h4><a href=\"https:\/\/news.milli.az\/politics\/965795.html\" target=\"_blank\" rel=\"noopener\">Az\u0259rbaycan yenid\u0259n 120-d\u0259n \u00e7ox \u00f6lk\u0259nin d\u0259st\u0259yini qazand\u0131 &#8211; Daha 1 il&#8230;<\/a><\/h4>\n<\/article>\n<p>&nbsp;<\/p>\n<p>Qlobal t\u0259hdidl\u0259rl\u0259 m\u00fcbariz\u0259 istiqam\u0259tind\u0259 COV\u0130D-19 pandemiyas\u0131 il\u0259 m\u00fcbariz\u0259 \u00e7\u0259r\u00e7iv\u0259sind\u0259 ir\u0259li s\u00fcr\u00fcl\u0259n t\u0259\u015f\u0259bb\u00fcsl\u0259r v\u0259 n\u0259tic\u0259l\u0259r g\u00f6z \u00f6n\u00fcnd\u0259dir. 3 g\u00fcn bundan \u00f6nc\u0259 ke\u00e7irilmi\u015f xarci i\u015fl\u0259r nazirl\u0259rinin aral\u0131q konfrans\u0131 n\u0259tic\u0259sind\u0259 q\u0259bul olunmu\u015f siyasi b\u0259yannam\u0259d\u0259 d\u0259 a\u00e7\u0131q \u015f\u0259kild\u0259 b\u00fct\u00fcn \u00fczv \u00f6lk\u0259l\u0259r h\u0259mr\u0259ylik n\u00fcmayi\u015f etdir\u0259r\u0259k Az\u0259rbaycan\u0131n t\u0259\u015f\u0259bb\u00fcs\u00fc il\u0259 ir\u0259li s\u00fcr\u00fclm\u00fc\u015f v\u0259 realla\u015fan layih\u0259l\u0259rin u\u011furla h\u0259yata ke\u00e7irilm\u0259sin\u0259 g\u00f6r\u0259\u00a0x\u00fcsusi t\u0259\u015f\u0259kk\u00fcr ifad\u0259 etdil\u0259r.<\/p>\n<p>Az\u0259rbaycan bu qlobal \u00e7a\u011f\u0131r\u0131\u015fla m\u00fcbariz\u0259d\u0259 Qo\u015fulmama H\u0259r\u0259kat\u0131 platformas\u0131ndan \u00e7ox effektiv \u015f\u0259kild\u0259 istifad\u0259 etm\u0259yi bacar\u0131r. Bunun n\u0259tic\u0259sidir ki, m\u0259hz\u00a0Qo\u015fulmama H\u0259r\u0259kat\u0131na Az\u0259rbaycan\u0131n 1 il art\u0131q s\u0259drliyi\u00a0(3 illik s\u0259drliyi 2022-ci ild\u0259 bitm\u0259li olan Az\u0259rbaycan, H\u0259r\u0259kat\u0131n n\u00f6vb\u0259ti s\u0259dri olacaq Uqandan\u0131n s\u0259drliyi 1 il gec t\u0259hvil ala bil\u0259c\u0259yini ifad\u0259 etm\u0259sind\u0259n sonra QH \u00fczv d\u00f6vl\u0259tl\u0259rinin H\u0259r\u0259kata \u0259lav\u0259 1 il s\u0259drlik ed\u0259c\u0259k &#8211; red)\u00a0il\u0259 ba\u011fl\u0131 m\u00fcraci\u0259ti\u00a0m\u00fcsb\u0259t cavabland\u0131r\u0131l\u0131b.<\/p>\n<p>QH platformas\u0131ndan Az\u0259rbaycan\u0131n \u00e7ox effektiv \u015f\u0259kild\u0259 istifad\u0259sinin t\u0259sdiqini biz 44 g\u00fcnl\u00fck V\u0259t\u0259n m\u00fcharib\u0259si zaman\u0131 x\u00fcsusil\u0259\u00a0g\u00f6rd\u00fck. Bel\u0259 ki, II Qaraba\u011f m\u00fcharib\u0259sinin ba\u015flad\u0131\u011f\u0131 ilk g\u00fcnl\u0259rd\u0259n BMT T\u0259hl\u00fck\u0259sizlik \u015euras\u0131nda Az\u0259rbaycana qar\u015f\u0131 q\u0259r\u0259zli m\u00fcnasib\u0259t var idi. Bu m\u0259qamda\u00a0Qo\u015fulmama H\u0259r\u0259kat\u0131n\u0131n \u00fczvl\u0259ri Az\u0259rbaycan\u0131n haql\u0131 v\u0259 \u0259dal\u0259tli m\u00f6vqeyin\u0259 d\u0259st\u0259k n\u00fcmayi\u015f etdirdil\u0259r\u00a0v\u0259 bu d\u00f6vl\u0259tl\u0259r r\u0259smi Bak\u0131n\u0131n \u0259dal\u0259tli m\u00f6vqeyini d\u0259st\u0259kl\u0259y\u0259r\u0259k, \u00f6lk\u0259mizin \u0259razi b\u00fct\u00f6vl\u00fcy\u00fc m\u00f6vqeyind\u0259n \u00e7\u0131x\u0131\u015f etdil\u0259r ki, bu da m\u0259qs\u0259dimiz\u0259 \u00e7atmaq \u00fc\u00e7\u00fcn qar\u015f\u0131m\u0131zdak\u0131 mane\u0259l\u0259ri aradan qald\u0131rd\u0131. Bununla da\u00a0qurum\u00a0Az\u0259rbaycan\u0131n suverenliyin\u0259 a\u00e7\u0131q d\u0259st\u0259k n\u00fcmayi\u015f etdirdi.<\/p>\n<p>&nbsp;<\/p>\n<article class=\"\"><a href=\"https:\/\/news.milli.az\/politics\/965823.html\" target=\"_blank\" rel=\"noopener\"><img src=\"https:\/\/img.milli.az\/2021\/07\/16\/600x450\/965823.jpg\" alt=\"\" \/><\/a><\/p>\n<h4><a href=\"https:\/\/news.milli.az\/politics\/965823.html\" target=\"_blank\" rel=\"noopener\">Az\u0259rbaycan\u0131n m\u00fcraci\u0259ti q\u0259bul olundu<\/a><\/h4>\n<\/article>\n<p>&nbsp;<\/p>\n<p>He\u00e7 \u015f\u00fcbh\u0259siz ki,\u00a0Qo\u015fulmama H\u0259r\u0259kat\u0131 daxilind\u0259 qazand\u0131\u011f\u0131m\u0131z n\u00fcfuz Az\u0259rbaycan Prezidentin\u0259 olan b\u00f6y\u00fck inam\u0131n n\u0259tic\u0259sidir.\u00a0Eyni zamanda bu etimad Az\u0259rbaycan Prezidentinin qlobal liderlik s\u0259yl\u0259rin\u0259 veril\u0259n y\u00fcks\u0259k qiym\u0259t, QH-y\u0259 s\u0259drliyi d\u00f6vr\u00fcnd\u0259 H\u0259r\u0259kat\u0131n beyn\u0259lxalq n\u00fcfuzunun, t\u0259sirinin g\u00fccl\u0259ndirilm\u0259si, H\u0259r\u0259kat\u00a0\u00fczvl\u0259rinin mara\u011f\u0131n\u0131n, beyn\u0259lxalq h\u00fcququn v\u0259 \u0259dal\u0259tin m\u00fcdafi\u0259si \u00fc\u00e7\u00fcn Az\u0259rbaycan\u0131n g\u00f6st\u0259rdiyi s\u0259yl\u0259rin y\u00fcks\u0259k qiym\u0259tl\u0259ndirilm\u0259sinin, pandemiyan\u0131n t\u00f6r\u0259tdiyi f\u0259sadlara baxmayaraq, Az\u0259rbaycan v\u0259ziyy\u0259t\u0259 \u00e7evik v\u0259 adekvat reaksiya ver\u0259r\u0259k s\u0259drliyini m\u00fcv\u0259ff\u0259qiyy\u0259tl\u0259 h\u0259yata ke\u00e7irm\u0259sinin n\u0259tic\u0259sidir. Bu g\u00fcn Az\u0259rbaycan \u00fc\u00e7\u00fcn bu etimad olduqca m\u00fch\u00fcm \u0259h\u0259miyy\u0259t\u0259 malikdir.<\/p>\n<p>M\u00fcharib\u0259 bits\u0259 d\u0259, Az\u0259rbaycan\u0131n realla\u015fd\u0131rmas\u0131 g\u0259r\u0259k\u0259n b\u0259zi m\u0259s\u0259l\u0259l\u0259r h\u0259l\u0259 d\u0259 h\u0259llini tapmay\u0131b. D\u00fcnyan\u0131n 120 d\u00f6vl\u0259tinin \u00fczv oldu\u011fu, dig\u0259r 17 \u00f6lk\u0259nin v\u0259 10 beyn\u0259lxalq t\u0259\u015fkilat\u0131n m\u00fc\u015fahid\u0259\u00e7i statusunda \u00e7\u0131x\u0131\u015f etdiyi\u00a0bel\u0259 bir platformada s\u00f6z sahibin\u0259 \u00e7evril\u0259n v\u0259 t\u0259\u015f\u0259bb\u00fcsl\u0259ri y\u00fcks\u0259k d\u0259r\u0259c\u0259d\u0259 m\u00fcsb\u0259t qar\u015f\u0131lanan Az\u0259rbaycana postkonflikt d\u00f6vr\u00fcnd\u0259 regiondak\u0131 d\u00fcz\u0259ni s\u0259hmana salmaq m\u0259qs\u0259di il\u0259 daha 1 il bel\u0259 bir imkan\u0131 \u0259ld\u0259 etm\u0259si, r\u0259smi Bak\u0131n\u0131n plan\u0131n\u0131 sona \u00e7atd\u0131rmas\u0131, m\u0259qs\u0259din\u0259 \u00e7atmas\u0131 v\u0259 eyni zamanda \u0259lini daha da g\u00fccl\u0259ndirm\u0259si bax\u0131m\u0131ndan \u00e7ox \u00f6n\u0259mli idi.<\/p>\n","protected":false},"excerpt":{"rendered":"<p>Faktlar \u00f6z\u00fc-\u00f6z\u00fcn\u0259 dan\u0131\u015f\u0131r. 10 il \u0259vv\u0259l qo\u015fuldu\u011fumuz Qo\u015fulmama H\u0259r\u0259kat\u0131na 5 il sonra s\u0259dirliyimiz haqq\u0131nda yekdil q\u0259rar q\u0259bul edilir. Az\u0259rbaycan bu m\u00fcdd\u0259td\u0259 h\u0259m qurumun daxilind\u0259ki m\u00fcnasib\u0259tl\u0259ri geni\u015fl\u0259ndirm\u0259yi bacard\u0131, keyfiyy\u0259tc\u0259 tamam f\u0259rqli m\u0259rh\u0259l\u0259y\u0259 qald\u0131rd\u0131, eyni zamanda H\u0259r\u0259kat\u0131n \u00f6z\u00fcn\u00fcn n\u00fcfuzunun beyn\u0259lxalq c\u0259miyy\u0259td\u0259 art\u0131r\u0131lmas\u0131 \u00fc\u00e7\u00fcn i\u015fl\u0259r g\u00f6rd\u00fc v\u0259 g\u00f6rm\u0259kd\u0259 davam edir. S\u0259dirliy\u0259 ba\u015flad\u0131\u011f\u0131m\u0131z m\u00fcdd\u0259td\u0259n 2 il\u0259 yax\u0131n bir vaxt ke\u00e7ir v\u0259 deyil\u0259nl\u0259rin \u0259m\u0259li t\u0259sdiqinin \u015fahidi oluruq. Az\u0259rbaycan\u0131n s\u0259drliyi d\u00f6vr\u00fcnd\u0259\u00a0Qo\u015fulmama H\u0259r\u0259kat\u0131nda ciddi d\u0259yi\u015fiklikl\u0259r n\u0259z\u0259r\u0259 \u00e7arpd\u0131.\u00a0 Az\u0259rbaycan\u0131n Qo\u015fulmama H\u0259r\u0259kat\u0131na s\u0259drliyinin ilk 21 ay\u0131 \u0259rzind\u0259 g\u00f6r\u00fcl\u0259n i\u015fl\u0259ri xarakteriz\u0259 ets\u0259k, bunu bir u\u011fur hekay\u0259si adland\u0131ra bil\u0259rik. Baxmayaraq ki,&hellip;<\/p>\n","protected":false},"author":2,"featured_media":358018,"comment_status":"closed","ping_status":"closed","sticky":false,"template":"","format":"standard","meta":{"om_disable_all_campaigns":false,"_monsterinsights_skip_tracking":false,"_monsterinsights_sitenote_active":false,"_monsterinsights_sitenote_note":"","_monsterinsights_sitenote_category":0},"categories":[8],"tags":[],"aioseo_notices":[],"gutentor_comment":0,"rttpg_featured_image_url":{"full":["https:\/\/arantv.az\/wp-content\/uploads\/2021\/07\/966020.jpg",800,600,false],"landscape":["https:\/\/arantv.az\/wp-content\/uploads\/2021\/07\/966020.jpg",800,600,false],"portraits":["https:\/\/arantv.az\/wp-content\/uploads\/2021\/07\/966020.jpg",800,600,false],"thumbnail":["https:\/\/arantv.az\/wp-content\/uploads\/2021\/07\/966020-500x280.jpg",500,280,true],"medium":["https:\/\/arantv.az\/wp-content\/uploads\/2021\/07\/966020-487x365.jpg",487,365,true],"large":["https:\/\/arantv.az\/wp-content\/uploads\/2021\/07\/966020.jpg",640,480,false],"1536x1536":["https:\/\/arantv.az\/wp-content\/uploads\/2021\/07\/966020.jpg",800,600,false],"2048x2048":["https:\/\/arantv.az\/wp-content\/uploads\/2021\/07\/966020.jpg",800,600,false],"post-thumbnail":["https:\/\/arantv.az\/wp-content\/uploads\/2021\/07\/966020-240x172.jpg",240,172,true],"advps-thumb-one":["https:\/\/arantv.az\/wp-content\/uploads\/2021\/07\/966020.jpg",800,600,false]},"rttpg_author":{"display_name":"V\u00fcsal Rafiqo\u011flu","author_link":"https:\/\/arantv.az\/?author=2"},"rttpg_comment":0,"rttpg_category":"<a href=\"https:\/\/arantv.az\/?cat=8\" rel=\"category\">\u018fsas s\u0259hif\u0259<\/a>","rttpg_excerpt":"Faktlar \u00f6z\u00fc-\u00f6z\u00fcn\u0259 dan\u0131\u015f\u0131r. 10 il \u0259vv\u0259l qo\u015fuldu\u011fumuz Qo\u015fulmama H\u0259r\u0259kat\u0131na 5 il sonra s\u0259dirliyimiz haqq\u0131nda yekdil q\u0259rar q\u0259bul edilir. Az\u0259rbaycan bu m\u00fcdd\u0259td\u0259 h\u0259m qurumun daxilind\u0259ki m\u00fcnasib\u0259tl\u0259ri geni\u015fl\u0259ndirm\u0259yi bacard\u0131, keyfiyy\u0259tc\u0259 tamam f\u0259rqli m\u0259rh\u0259l\u0259y\u0259 qald\u0131rd\u0131, eyni zamanda H\u0259r\u0259kat\u0131n \u00f6z\u00fcn\u00fcn n\u00fcfuzunun beyn\u0259lxalq c\u0259miyy\u0259td\u0259 art\u0131r\u0131lmas\u0131 \u00fc\u00e7\u00fcn i\u015fl\u0259r g\u00f6rd\u00fc v\u0259 g\u00f6rm\u0259kd\u0259 davam edir. S\u0259dirliy\u0259 ba\u015flad\u0131\u011f\u0131m\u0131z m\u00fcdd\u0259td\u0259n 2 il\u0259 yax\u0131n bir vaxt&hellip;","_links":{"self":[{"href":"https:\/\/arantv.az\/index.php?rest_route=\/wp\/v2\/posts\/358017"}],"collection":[{"href":"https:\/\/arantv.az\/index.php?rest_route=\/wp\/v2\/posts"}],"about":[{"href":"https:\/\/arantv.az\/index.php?rest_route=\/wp\/v2\/types\/post"}],"author":[{"embeddable":true,"href":"https:\/\/arantv.az\/index.php?rest_route=\/wp\/v2\/users\/2"}],"replies":[{"embeddable":true,"href":"https:\/\/arantv.az\/index.php?rest_route=%2Fwp%2Fv2%2Fcomments&post=358017"}],"version-history":[{"count":0,"href":"https:\/\/arantv.az\/index.php?rest_route=\/wp\/v2\/posts\/358017\/revisions"}],"wp:featuredmedia":[{"embeddable":true,"href":"https:\/\/arantv.az\/index.php?rest_route=\/wp\/v2\/media\/358018"}],"wp:attachment":[{"href":"https:\/\/arantv.az\/index.php?rest_route=%2Fwp%2Fv2%2Fmedia&parent=358017"}],"wp:term":[{"taxonomy":"category","embeddable":true,"href":"https:\/\/arantv.az\/index.php?rest_route=%2Fwp%2Fv2%2Fcategories&post=358017"},{"taxonomy":"post_tag","embeddable":true,"href":"https:\/\/arantv.az\/index.php?rest_route=%2Fwp%2Fv2%2Ftags&post=358017"}],"curies":[{"name":"wp","href":"https:\/\/api.w.org\/{rel}","templated":true}]}}