{"id":358070,"date":"2021-07-17T11:36:10","date_gmt":"2021-07-17T08:36:10","guid":{"rendered":"http:\/\/arantv.az\/?p=358070"},"modified":"2021-07-17T11:36:10","modified_gmt":"2021-07-17T08:36:10","slug":"s%c9%99ki-v%c9%99-yevlaxda-dord-k%c9%99ndin-yolu-t%c9%99mir-edildi","status":"publish","type":"post","link":"https:\/\/arantv.az\/?p=358070","title":{"rendered":"\u015e\u0259ki v\u0259 Yevlaxda d\u00f6rd k\u0259ndin yolu t\u0259mir edildi"},"content":{"rendered":"<p>\u015e\u0259ki v\u0259 Yevlaxda 19 km uzunlu\u011fa malik d\u00f6rd\u00a0k\u0259ndin yolu \u0259sasl\u0131 \u015f\u0259kild\u0259 yenid\u0259n qurulub.<\/p>\n<p>Bununla ba\u011fl\u0131 Az\u0259rbaycan Avtomobil Yollar\u0131 D\u00f6vl\u0259t Agentliyi m\u0259lumat yay\u0131b.<\/p>\n<p>Bildirilib ki, d\u00f6vl\u0259t ba\u015f\u00e7\u0131s\u0131n\u0131n tap\u015f\u0131r\u0131\u011f\u0131na uy\u011fun olaraq, yol infrastrukturunun yenid\u0259n qurulmas\u0131, m\u00fcasir s\u0259viyy\u0259y\u0259 \u00e7atd\u0131r\u0131lmas\u0131 il\u0259 ba\u011fl\u0131 verdiyi tap\u015f\u0131r\u0131\u011fa \u0259sas\u0259n, Ucar, Z\u0259rdab, A\u011fcab\u0259di, Yevlax v\u0259 \u015e\u0259ki rayonlar\u0131 \u0259razisind\u0259 10 k\u0259nd yolu layih\u0259sinin icras\u0131na start verilib.<\/p>\n<div id=\"AdviadNativeVideo0\" class=\"AdviadNativeVideo\"><\/div>\n<p>Bildirilib ki, art\u0131q h\u0259min k\u0259nd yollar\u0131n\u0131n bir-\u00e7oxunda yenid\u0259nqurma i\u015fl\u0259ri tamamlan\u0131b.<\/p>\n<p>Bu \u015e\u0259ki rayonu \u0259razisind\u0259 T\u0259p\u0259c\u0259nn\u0259t v\u0259 D\u0259r\u0259c\u0259nn\u0259t k\u0259ndl\u0259rinin, Yevlax rayonunda is\u0259 Qarao\u011flan v\u0259 Qu\u015f\u00e7u k\u0259ndl\u0259rinin yollar\u0131d\u0131r.<\/p>\n<p>Qeyd ed\u0259k ki, Az\u0259rbaycan h\u00f6kum\u0259ti il\u0259 Asiya \u0130nki\u015faf Bank\u0131 aras\u0131nda imzalanm\u0131\u015f kredit sazi\u015fi \u00e7\u0259r\u00e7iv\u0259sind\u0259 \u015e\u0259ki rayonu D\u0259r\u0259c\u0259nn\u0259t v\u0259 T\u0259p\u0259c\u0259nn\u0259t, Yevlax rayonu Qarao\u011flan v\u0259 Qu\u015f\u00e7u, Ucar rayonu Alp\u0131 v\u0259 Qulab\u0259nd, Z\u0259rbad rayonu Yarm\u0259mm\u0259dba\u011f\u0131, K\u00f6rp\u00fck\u0259nd v\u0259 \u018flv\u0259nd v\u0259 A\u011fcab\u0259di rayonu \u015e\u0259nlik k\u0259nd yollar\u0131n\u0131n b\u0259rpas\u0131n\u0131n maliyy\u0259l\u0259\u015fdirilm\u0259si q\u0259rara al\u0131n\u0131b.<\/p>\n<p>AAYDA\u00a0t\u0259r\u0259find\u0259n icra edil\u0259n layih\u0259y\u0259 \u0259sas\u0259n qeyd edil\u0259n k\u0259nd yollar\u0131n\u0131n \u00fcmumi uzunlu\u011fu 61.7 kilometdir.<\/p>\n<p>Layih\u0259y\u0259 uy\u011fun olaraq Yevlax rayonunda da iki k\u0259nd yolunun yenid\u0259n qurulmas\u0131 icra olunaraq yekunla\u015fd\u0131r\u0131l\u0131b. Bu 4.4 km uzunlu\u011fa malik Qarao\u011flan v\u0259 3.2 km-lik Qu\u015f\u00e7u k\u0259nd yollar\u0131d\u0131r.<\/p>\n<p>Ucar rayonu Alp\u0131 v\u0259 Qulab\u0259nd, Z\u0259rbad rayonu Yarm\u0259mm\u0259dba\u011f\u0131, K\u00f6rp\u00fck\u0259nd v\u0259 \u018flv\u0259nd, A\u011fcab\u0259di rayonu \u015e\u0259nlik k\u0259nd yollar\u0131n\u0131n yenid\u0259n qurulmas\u0131 is\u0259 son m\u0259rh\u0259l\u0259 \u00fczr\u0259 davam etdiril\u0259r\u0259k yekunla\u015fd\u0131r\u0131l\u0131r.<\/p>\n","protected":false},"excerpt":{"rendered":"<p>\u015e\u0259ki v\u0259 Yevlaxda 19 km uzunlu\u011fa malik d\u00f6rd\u00a0k\u0259ndin yolu \u0259sasl\u0131 \u015f\u0259kild\u0259 yenid\u0259n qurulub. Bununla ba\u011fl\u0131 Az\u0259rbaycan Avtomobil Yollar\u0131 D\u00f6vl\u0259t Agentliyi m\u0259lumat yay\u0131b. Bildirilib ki, d\u00f6vl\u0259t ba\u015f\u00e7\u0131s\u0131n\u0131n tap\u015f\u0131r\u0131\u011f\u0131na uy\u011fun olaraq, yol infrastrukturunun yenid\u0259n qurulmas\u0131, m\u00fcasir s\u0259viyy\u0259y\u0259 \u00e7atd\u0131r\u0131lmas\u0131 il\u0259 ba\u011fl\u0131 verdiyi tap\u015f\u0131r\u0131\u011fa \u0259sas\u0259n, Ucar, Z\u0259rdab, A\u011fcab\u0259di, Yevlax v\u0259 \u015e\u0259ki rayonlar\u0131 \u0259razisind\u0259 10 k\u0259nd yolu layih\u0259sinin icras\u0131na start verilib. Bildirilib ki, art\u0131q h\u0259min k\u0259nd yollar\u0131n\u0131n bir-\u00e7oxunda yenid\u0259nqurma i\u015fl\u0259ri tamamlan\u0131b. Bu \u015e\u0259ki rayonu \u0259razisind\u0259 T\u0259p\u0259c\u0259nn\u0259t v\u0259 D\u0259r\u0259c\u0259nn\u0259t k\u0259ndl\u0259rinin, Yevlax rayonunda is\u0259 Qarao\u011flan v\u0259 Qu\u015f\u00e7u k\u0259ndl\u0259rinin yollar\u0131d\u0131r. Qeyd ed\u0259k ki, Az\u0259rbaycan h\u00f6kum\u0259ti il\u0259 Asiya \u0130nki\u015faf&hellip;<\/p>\n","protected":false},"author":2,"featured_media":358071,"comment_status":"closed","ping_status":"closed","sticky":false,"template":"","format":"standard","meta":{"om_disable_all_campaigns":false,"_monsterinsights_skip_tracking":false,"_monsterinsights_sitenote_active":false,"_monsterinsights_sitenote_note":"","_monsterinsights_sitenote_category":0},"categories":[19],"tags":[],"aioseo_notices":[],"gutentor_comment":0,"rttpg_featured_image_url":{"full":["https:\/\/arantv.az\/wp-content\/uploads\/2021\/07\/217844630_1622725717920693_3322195915454982010_n.jpg",620,349,false],"landscape":["https:\/\/arantv.az\/wp-content\/uploads\/2021\/07\/217844630_1622725717920693_3322195915454982010_n.jpg",620,349,false],"portraits":["https:\/\/arantv.az\/wp-content\/uploads\/2021\/07\/217844630_1622725717920693_3322195915454982010_n.jpg",620,349,false],"thumbnail":["https:\/\/arantv.az\/wp-content\/uploads\/2021\/07\/217844630_1622725717920693_3322195915454982010_n-500x280.jpg",500,280,true],"medium":["https:\/\/arantv.az\/wp-content\/uploads\/2021\/07\/217844630_1622725717920693_3322195915454982010_n.jpg",620,349,false],"large":["https:\/\/arantv.az\/wp-content\/uploads\/2021\/07\/217844630_1622725717920693_3322195915454982010_n.jpg",620,349,false],"1536x1536":["https:\/\/arantv.az\/wp-content\/uploads\/2021\/07\/217844630_1622725717920693_3322195915454982010_n.jpg",620,349,false],"2048x2048":["https:\/\/arantv.az\/wp-content\/uploads\/2021\/07\/217844630_1622725717920693_3322195915454982010_n.jpg",620,349,false],"post-thumbnail":["https:\/\/arantv.az\/wp-content\/uploads\/2021\/07\/217844630_1622725717920693_3322195915454982010_n-240x172.jpg",240,172,true],"advps-thumb-one":["https:\/\/arantv.az\/wp-content\/uploads\/2021\/07\/217844630_1622725717920693_3322195915454982010_n.jpg",620,349,false]},"rttpg_author":{"display_name":"V\u00fcsal Rafiqo\u011flu","author_link":"https:\/\/arantv.az\/?author=2"},"rttpg_comment":0,"rttpg_category":"<a href=\"https:\/\/arantv.az\/?cat=19\" rel=\"category\">G\u00fcnd\u0259m<\/a>","rttpg_excerpt":"\u015e\u0259ki v\u0259 Yevlaxda 19 km uzunlu\u011fa malik d\u00f6rd\u00a0k\u0259ndin yolu \u0259sasl\u0131 \u015f\u0259kild\u0259 yenid\u0259n qurulub. Bununla ba\u011fl\u0131 Az\u0259rbaycan Avtomobil Yollar\u0131 D\u00f6vl\u0259t Agentliyi m\u0259lumat yay\u0131b. Bildirilib ki, d\u00f6vl\u0259t ba\u015f\u00e7\u0131s\u0131n\u0131n tap\u015f\u0131r\u0131\u011f\u0131na uy\u011fun olaraq, yol infrastrukturunun yenid\u0259n qurulmas\u0131, m\u00fcasir s\u0259viyy\u0259y\u0259 \u00e7atd\u0131r\u0131lmas\u0131 il\u0259 ba\u011fl\u0131 verdiyi tap\u015f\u0131r\u0131\u011fa \u0259sas\u0259n, Ucar, Z\u0259rdab, A\u011fcab\u0259di, Yevlax v\u0259 \u015e\u0259ki rayonlar\u0131 \u0259razisind\u0259 10 k\u0259nd yolu layih\u0259sinin icras\u0131na start&hellip;","_links":{"self":[{"href":"https:\/\/arantv.az\/index.php?rest_route=\/wp\/v2\/posts\/358070"}],"collection":[{"href":"https:\/\/arantv.az\/index.php?rest_route=\/wp\/v2\/posts"}],"about":[{"href":"https:\/\/arantv.az\/index.php?rest_route=\/wp\/v2\/types\/post"}],"author":[{"embeddable":true,"href":"https:\/\/arantv.az\/index.php?rest_route=\/wp\/v2\/users\/2"}],"replies":[{"embeddable":true,"href":"https:\/\/arantv.az\/index.php?rest_route=%2Fwp%2Fv2%2Fcomments&post=358070"}],"version-history":[{"count":0,"href":"https:\/\/arantv.az\/index.php?rest_route=\/wp\/v2\/posts\/358070\/revisions"}],"wp:featuredmedia":[{"embeddable":true,"href":"https:\/\/arantv.az\/index.php?rest_route=\/wp\/v2\/media\/358071"}],"wp:attachment":[{"href":"https:\/\/arantv.az\/index.php?rest_route=%2Fwp%2Fv2%2Fmedia&parent=358070"}],"wp:term":[{"taxonomy":"category","embeddable":true,"href":"https:\/\/arantv.az\/index.php?rest_route=%2Fwp%2Fv2%2Fcategories&post=358070"},{"taxonomy":"post_tag","embeddable":true,"href":"https:\/\/arantv.az\/index.php?rest_route=%2Fwp%2Fv2%2Ftags&post=358070"}],"curies":[{"name":"wp","href":"https:\/\/api.w.org\/{rel}","templated":true}]}}