{"id":358079,"date":"2021-07-17T11:49:21","date_gmt":"2021-07-17T08:49:21","guid":{"rendered":"http:\/\/arantv.az\/?p=358079"},"modified":"2021-07-17T11:49:21","modified_gmt":"2021-07-17T08:49:21","slug":"bu-gun-%c9%99sas-m%c9%99s%c9%99l%c9%99-pes%c9%99kar-keyfiyy%c9%99tli-jurnalistikanin-yaradilmasidir-elcin-sixli","status":"publish","type":"post","link":"https:\/\/arantv.az\/?p=358079","title":{"rendered":"Bu g\u00fcn \u0259sas m\u0259s\u0259l\u0259 pe\u015f\u0259kar, keyfiyy\u0259tli jurnalistikan\u0131n yarad\u0131lmas\u0131d\u0131r &#8211; El\u00e7in \u015e\u0131xl\u0131"},"content":{"rendered":"<p><strong>Bu g\u00fcn \u0259sas m\u0259s\u0259l\u0259 pe\u015f\u0259kar, keyfiyy\u0259tli jurnalistikan\u0131n yarad\u0131lmas\u0131d\u0131r.<\/strong><\/p>\n<p><strong>ARANTV.AZ\u00a0<\/strong> <a href=\"https:\/\/az.trend.az\/\" target=\"_blank\" rel=\"noopener\">Trend<\/a>-\u0259 istinad\u0259n bildirir ki,\u00a0bunu Az\u0259rbaycan Jurnalistl\u0259r Birliyinin r\u0259hb\u0259ri El\u00e7in \u015e\u0131xl\u0131 Trend v\u0259 TASS agentlikl\u0259rinin birg\u0259 layih\u0259si &#8220;Eastweststream.com&#8221; media-platformas\u0131n\u0131n t\u0259qdimat\u0131nda \u00e7\u0131x\u0131\u015f\u0131 zaman\u0131 deyib. Onun s\u00f6zl\u0259rin\u0259 g\u00f6r\u0259, bu g\u00fcn \u0259sas m\u0259s\u0259l\u0259 pe\u015f\u0259kar, keyfiyy\u0259tli jurnalistikan\u0131n yarad\u0131lmas\u0131d\u0131r:<\/p>\n<p>&#8220;Qeyri-pe\u015f\u0259kar jurnalistikan\u0131n ba\u015f ald\u0131\u011f\u0131 bir m\u0259qamda bel\u0259 bir layih\u0259nin h\u0259yata ke\u00e7irilm\u0259si m\u0259ni sevindirir. D\u00fc\u015f\u00fcn\u00fcr\u0259m ki, yaranm\u0131\u015f yeni platforma b\u00fct\u00fcn siyasi oyunlar\u0131n f\u00f6vq\u00fcnd\u0259 duraraq, pe\u015f\u0259kar v\u0259 keyfiyy\u0259tli jurnalistika n\u00fcmun\u0259si kimi iki \u00f6lk\u0259 aras\u0131nda m\u00f6vcud olan d\u0259rin m\u00fcnasib\u0259tl\u0259ri daha da g\u00fccl\u0259ndir\u0259c\u0259k, geni\u015fl\u0259ndir\u0259c\u0259k. Bununla yana\u015f\u0131, pe\u015f\u0259karl\u0131\u011f\u0131n, keyfiyy\u0259tli jurnalistikan\u0131n n\u0259 dem\u0259k oldu\u011funu s\u00fcbut ed\u0259c\u0259k&#8221;.<\/p>\n","protected":false},"excerpt":{"rendered":"<p>Bu g\u00fcn \u0259sas m\u0259s\u0259l\u0259 pe\u015f\u0259kar, keyfiyy\u0259tli jurnalistikan\u0131n yarad\u0131lmas\u0131d\u0131r. ARANTV.AZ\u00a0 Trend-\u0259 istinad\u0259n bildirir ki,\u00a0bunu Az\u0259rbaycan Jurnalistl\u0259r Birliyinin r\u0259hb\u0259ri El\u00e7in \u015e\u0131xl\u0131 Trend v\u0259 TASS agentlikl\u0259rinin birg\u0259 layih\u0259si &#8220;Eastweststream.com&#8221; media-platformas\u0131n\u0131n t\u0259qdimat\u0131nda \u00e7\u0131x\u0131\u015f\u0131 zaman\u0131 deyib. Onun s\u00f6zl\u0259rin\u0259 g\u00f6r\u0259, bu g\u00fcn \u0259sas m\u0259s\u0259l\u0259 pe\u015f\u0259kar, keyfiyy\u0259tli jurnalistikan\u0131n yarad\u0131lmas\u0131d\u0131r: &#8220;Qeyri-pe\u015f\u0259kar jurnalistikan\u0131n ba\u015f ald\u0131\u011f\u0131 bir m\u0259qamda bel\u0259 bir layih\u0259nin h\u0259yata ke\u00e7irilm\u0259si m\u0259ni sevindirir. D\u00fc\u015f\u00fcn\u00fcr\u0259m ki, yaranm\u0131\u015f yeni platforma b\u00fct\u00fcn siyasi oyunlar\u0131n f\u00f6vq\u00fcnd\u0259 duraraq, pe\u015f\u0259kar v\u0259 keyfiyy\u0259tli jurnalistika n\u00fcmun\u0259si kimi iki \u00f6lk\u0259 aras\u0131nda m\u00f6vcud olan d\u0259rin m\u00fcnasib\u0259tl\u0259ri daha da g\u00fccl\u0259ndir\u0259c\u0259k, geni\u015fl\u0259ndir\u0259c\u0259k. Bununla yana\u015f\u0131, pe\u015f\u0259karl\u0131\u011f\u0131n, keyfiyy\u0259tli jurnalistikan\u0131n n\u0259 dem\u0259k oldu\u011funu&hellip;<\/p>\n","protected":false},"author":2,"featured_media":358080,"comment_status":"closed","ping_status":"closed","sticky":false,"template":"","format":"standard","meta":{"om_disable_all_campaigns":false,"_monsterinsights_skip_tracking":false,"_monsterinsights_sitenote_active":false,"_monsterinsights_sitenote_note":"","_monsterinsights_sitenote_category":0},"categories":[4],"tags":[],"aioseo_notices":[],"gutentor_comment":0,"rttpg_featured_image_url":{"full":["https:\/\/arantv.az\/wp-content\/uploads\/2021\/07\/966065.jpg",800,600,false],"landscape":["https:\/\/arantv.az\/wp-content\/uploads\/2021\/07\/966065.jpg",800,600,false],"portraits":["https:\/\/arantv.az\/wp-content\/uploads\/2021\/07\/966065.jpg",800,600,false],"thumbnail":["https:\/\/arantv.az\/wp-content\/uploads\/2021\/07\/966065-500x280.jpg",500,280,true],"medium":["https:\/\/arantv.az\/wp-content\/uploads\/2021\/07\/966065-487x365.jpg",487,365,true],"large":["https:\/\/arantv.az\/wp-content\/uploads\/2021\/07\/966065.jpg",640,480,false],"1536x1536":["https:\/\/arantv.az\/wp-content\/uploads\/2021\/07\/966065.jpg",800,600,false],"2048x2048":["https:\/\/arantv.az\/wp-content\/uploads\/2021\/07\/966065.jpg",800,600,false],"post-thumbnail":["https:\/\/arantv.az\/wp-content\/uploads\/2021\/07\/966065-240x172.jpg",240,172,true],"advps-thumb-one":["https:\/\/arantv.az\/wp-content\/uploads\/2021\/07\/966065.jpg",800,600,false]},"rttpg_author":{"display_name":"V\u00fcsal Rafiqo\u011flu","author_link":"https:\/\/arantv.az\/?author=2"},"rttpg_comment":0,"rttpg_category":"<a href=\"https:\/\/arantv.az\/?cat=4\" rel=\"category\">Siyas\u0259t<\/a>","rttpg_excerpt":"Bu g\u00fcn \u0259sas m\u0259s\u0259l\u0259 pe\u015f\u0259kar, keyfiyy\u0259tli jurnalistikan\u0131n yarad\u0131lmas\u0131d\u0131r. ARANTV.AZ\u00a0 Trend-\u0259 istinad\u0259n bildirir ki,\u00a0bunu Az\u0259rbaycan Jurnalistl\u0259r Birliyinin r\u0259hb\u0259ri El\u00e7in \u015e\u0131xl\u0131 Trend v\u0259 TASS agentlikl\u0259rinin birg\u0259 layih\u0259si &#8220;Eastweststream.com&#8221; media-platformas\u0131n\u0131n t\u0259qdimat\u0131nda \u00e7\u0131x\u0131\u015f\u0131 zaman\u0131 deyib. Onun s\u00f6zl\u0259rin\u0259 g\u00f6r\u0259, bu g\u00fcn \u0259sas m\u0259s\u0259l\u0259 pe\u015f\u0259kar, keyfiyy\u0259tli jurnalistikan\u0131n yarad\u0131lmas\u0131d\u0131r: &#8220;Qeyri-pe\u015f\u0259kar jurnalistikan\u0131n ba\u015f ald\u0131\u011f\u0131 bir m\u0259qamda bel\u0259 bir layih\u0259nin h\u0259yata ke\u00e7irilm\u0259si m\u0259ni sevindirir.&hellip;","_links":{"self":[{"href":"https:\/\/arantv.az\/index.php?rest_route=\/wp\/v2\/posts\/358079"}],"collection":[{"href":"https:\/\/arantv.az\/index.php?rest_route=\/wp\/v2\/posts"}],"about":[{"href":"https:\/\/arantv.az\/index.php?rest_route=\/wp\/v2\/types\/post"}],"author":[{"embeddable":true,"href":"https:\/\/arantv.az\/index.php?rest_route=\/wp\/v2\/users\/2"}],"replies":[{"embeddable":true,"href":"https:\/\/arantv.az\/index.php?rest_route=%2Fwp%2Fv2%2Fcomments&post=358079"}],"version-history":[{"count":0,"href":"https:\/\/arantv.az\/index.php?rest_route=\/wp\/v2\/posts\/358079\/revisions"}],"wp:featuredmedia":[{"embeddable":true,"href":"https:\/\/arantv.az\/index.php?rest_route=\/wp\/v2\/media\/358080"}],"wp:attachment":[{"href":"https:\/\/arantv.az\/index.php?rest_route=%2Fwp%2Fv2%2Fmedia&parent=358079"}],"wp:term":[{"taxonomy":"category","embeddable":true,"href":"https:\/\/arantv.az\/index.php?rest_route=%2Fwp%2Fv2%2Fcategories&post=358079"},{"taxonomy":"post_tag","embeddable":true,"href":"https:\/\/arantv.az\/index.php?rest_route=%2Fwp%2Fv2%2Ftags&post=358079"}],"curies":[{"name":"wp","href":"https:\/\/api.w.org\/{rel}","templated":true}]}}