{"id":358082,"date":"2021-07-17T11:50:00","date_gmt":"2021-07-17T08:50:00","guid":{"rendered":"http:\/\/arantv.az\/?p=358082"},"modified":"2021-07-17T11:50:00","modified_gmt":"2021-07-17T08:50:00","slug":"bolg%c9%99miz-bar%c9%99d%c9%99-m%c9%99lumatlarin-durust-v%c9%99-q%c9%99r%c9%99zsiz-s%c9%99kild%c9%99-yayilmasi-g%c9%99l%c9%99c%c9%99k-%c9%99m%c9%99kdasliqlar-ucun-%c9%99sas-ola-bil%c9%99r-leyla-abdu","status":"publish","type":"post","link":"https:\/\/arantv.az\/?p=358082","title":{"rendered":"B\u00f6lg\u0259miz bar\u0259d\u0259 m\u0259lumatlar\u0131n d\u00fcr\u00fcst v\u0259 q\u0259r\u0259zsiz \u015f\u0259kild\u0259 yay\u0131lmas\u0131 g\u0259l\u0259c\u0259k \u0259m\u0259kda\u015fl\u0131qlar \u00fc\u00e7\u00fcn \u0259sas ola bil\u0259r &#8211; Leyla Abdullayeva"},"content":{"rendered":"<p>\u0130nan\u0131r\u0131q ki, yeni realla\u015fma\u011fa ba\u015flayan &#8220;Eastweststream.com&#8221; media-platformas\u0131 \u00f6z f\u0259aliyy\u0259ti il\u0259 m\u0259hz bu \u0259m\u0259kda\u015fl\u0131q imkanlar\u0131na, b\u00f6lg\u0259d\u0259 s\u00fclh v\u0259 t\u0259hl\u00fck\u0259sizliyin t\u0259min olunmas\u0131na t\u00f6hf\u0259 ver\u0259c\u0259k. \u00c7\u00fcnki b\u00f6lg\u0259miz bar\u0259d\u0259 m\u0259lumat\u0131n operativ, d\u00fcr\u00fcst v\u0259 q\u0259r\u0259zsiz \u015f\u0259kild\u0259 yay\u0131lmas\u0131n\u0131n t\u0259min edilm\u0259si g\u0259l\u0259c\u0259k \u0259m\u0259kda\u015fl\u0131qlar \u00fc\u00e7\u00fcn \u0259sas ola bil\u0259r.<\/p>\n<p><strong>ARANTV.AZ<\/strong>\u00a0 <a href=\"https:\/\/az.trend.az\/\" target=\"_blank\" rel=\"noopener\">Trend<\/a>-\u0259 istinad\u0259n bildirir ki,\u00a0bunu Xarici \u0130\u015fl\u0259r Nazirliyinin M\u0259tbuat Xidm\u0259ti \u0130dar\u0259sinin r\u0259isi Leyla Abdullayeva Trend v\u0259 TASS agentlikl\u0259rinin birg\u0259 layih\u0259si olan &#8220;Eastweststream.com&#8221; media-platformas\u0131n\u0131n t\u0259qdimat\u0131nda \u00e7\u0131x\u0131\u015f\u0131 zaman\u0131 deyib.<\/p>\n<p>Onun s\u00f6zl\u0259rin\u0259 g\u00f6r\u0259, bu g\u00fcn \u0259sas\u0131 qoyulan layih\u0259 sad\u0259c\u0259 regionda deyil, beyn\u0259lxalq m\u00fcst\u0259vid\u0259 ba\u015f vermi\u015f hadis\u0259l\u0259rin d\u00fcnya miqyas\u0131na \u00e7atd\u0131r\u0131lmas\u0131nda etibarl\u0131, apar\u0131c\u0131 m\u0259lumat m\u0259nb\u0259yin\u0259 \u00e7evril\u0259c\u0259k. M\u00fcasir beyn\u0259lxalq m\u00fcnasib\u0259tl\u0259rd\u0259 media sah\u0259sind\u0259 \u0259m\u0259kda\u015fl\u0131q b\u00f6y\u00fck \u00f6n\u0259m k\u0259sb ed\u0259n m\u0259s\u0259l\u0259l\u0259rd\u0259n biridir:<\/p>\n<p>&#8220;X\u00fcsus\u0259n 44 g\u00fcnl\u00fck V\u0259t\u0259n m\u00fcharib\u0259si \u0259r\u0259f\u0259sind\u0259 biz bu \u0259m\u0259kda\u015fl\u0131\u011f\u0131n nec\u0259 b\u00f6y\u00fck rol oynad\u0131\u011f\u0131n\u0131n \u015fahidi olduq. Postm\u00fcharib\u0259 d\u00f6vr\u00fcnd\u0259 d\u0259 \u0259m\u0259kda\u015fl\u0131q x\u00fcsusil\u0259 d\u0259 Az\u0259rbaycan \u00fc\u00e7\u00fcn \u0259h\u0259miyy\u0259tlidir. Az\u0259rbaycan\u0131n milli maraqlar\u0131 \u00fcz\u0259rind\u0259 qurulan xarici siyas\u0259timiz b\u00f6lg\u0259d\u0259 v\u0259 beyn\u0259lxalq m\u00fcst\u0259vid\u0259 s\u00fclh\u00fcn, \u0259m\u0259kda\u015fl\u0131\u011f\u0131n v\u0259 t\u0259hl\u00fck\u0259sizliyin t\u0259min edilm\u0259sin\u0259 xidm\u0259t edir. Haz\u0131rda BMT-nin Ba\u015f Assambleyas\u0131ndan sonra d\u00fcnyan\u0131n ikinci \u0259n b\u00f6y\u00fck siyasi platformas\u0131 olan Qo\u015fulmama H\u0259r\u0259kat\u0131na s\u0259drlik ed\u0259n \u00f6lk\u0259miz \u0259dal\u0259tin v\u0259 beyn\u0259lxalq h\u00fcququn t\u0259min edilm\u0259si istiqam\u0259tind\u0259 \u0259m\u0259li v\u0259 \u00e7ox \u00f6n\u0259mli add\u0131mlar at\u0131r. M\u0259lum oldu\u011fu kimi Az\u0259rbaycan pandemiyaya qar\u015f\u0131 qlobal m\u00fcbariz\u0259 sah\u0259sind\u0259 s\u0259yl\u0259rin s\u0259f\u0259rb\u0259r edilm\u0259si istiqam\u0259tind\u0259 d\u0259 \u00e7ox b\u00f6y\u00fck i\u015fl\u0259r g\u00f6r\u00fcr. C\u0259nab Prezident t\u0259r\u0259find\u0259n bu sah\u0259d\u0259 \u00e7ox \u0259h\u0259miyy\u0259tli t\u0259\u015f\u0259bb\u00fcsl\u0259r ir\u0259li s\u00fcr\u00fcl\u00fcb&#8221;.<\/p>\n<p>X\u0130N r\u0259smisi \u0259lav\u0259 edib ki, Az\u0259rbaycan bu g\u00fcn b\u00f6lg\u0259mizin apar\u0131c\u0131 iqtisadi q\u00fcvv\u0259sidir:<\/p>\n<p>&#8220;\u00d6lk\u0259mizin t\u0259\u015f\u0259bb\u00fcs\u00fc v\u0259 i\u015ftirak\u0131 il\u0259 h\u0259yata ke\u00e7iril\u0259n b\u00f6y\u00fck iqtisadi, n\u0259qliyyat layih\u0259l\u0259ri qit\u0259l\u0259ri, d\u0259nizl\u0259ri birl\u0259\u015fdirm\u0259kl\u0259, b\u00f6y\u00fck co\u011frafi \u0259razid\u0259 enerji t\u0259hl\u00fck\u0259sizliyin\u0259, dayan\u0131ql\u0131 inki\u015fafa t\u00f6hf\u0259l\u0259r verir. Az\u0259rbaycan\u0131n Avrasiya b\u00f6lg\u0259sind\u0259 \u0259h\u0259miyy\u0259tli n\u0259qliyyat m\u0259rk\u0259zin\u0259 \u00e7evrilm\u0259k \u00fc\u00e7\u00fcn n\u0259qliyyat \u015f\u0259b\u0259k\u0259sinin inki\u015faf\u0131na diqq\u0259t yetirilir. Bu g\u00fcn \u00f6lk\u0259mizd\u0259n ke\u00e7\u0259n n\u0259qliyyat yollar\u0131 v\u0259 d\u0259hlizl\u0259r n\u0259qliyyat operatorlar\u0131 \u00fc\u00e7\u00fcn y\u00fcks\u0259ks\u0259viyy\u0259li infrastruktur v\u0259 q\u0131sa m\u00fcdd\u0259td\u0259 r\u0259qab\u0259t bax\u0131m\u0131ndan b\u00f6y\u00fck imkanlar v\u0259d edir. \u00d6lk\u0259miz regional enerjinin inki\u015faf\u0131nda f\u0259al rol oynay\u0131r. Rabit\u0259 v\u0259 mane\u0259siz n\u0259qliyyat \u0259m\u0259liyyatlar\u0131n\u0131n yax\u015f\u0131la\u015fd\u0131r\u0131lmas\u0131na y\u00f6n\u0259lmi\u015f yeni \u0259m\u0259kda\u015fl\u0131q formatlar\u0131n\u0131 d\u0259st\u0259kl\u0259yirik&#8221;.<\/p>\n<p>Leyla Abdullayeva qeyd edib ki, q\u0259l\u0259b\u0259 n\u0259tic\u0259sind\u0259 i\u015f\u011faldan azad edilmi\u015f \u0259razil\u0259rin \u00f6lk\u0259nin \u00fcmumi iqtisadiyyat\u0131na reinteqrasiyas\u0131, yeni beyn\u0259xalq v\u0259 regional n\u0259qliyyat-logistika d\u0259hlizl\u0259rinin imkanlar\u0131ndan faydalanmaq Az\u0259rbaycan\u0131n inki\u015faf\u0131na t\u0259kan ver\u0259c\u0259k:<\/p>\n<p>&#8220;Bu \u00e7\u0259r\u00e7iv\u0259d\u0259 regionda t\u0259hl\u00fck\u0259sizliyin, sabitliyin, rifah\u0131n v\u0259 qar\u015f\u0131l\u0131ql\u0131 faydal\u0131 \u0259m\u0259kda\u015fl\u0131\u011f\u0131n formala\u015fmas\u0131, el\u0259c\u0259 d\u0259 iqtisadi-ticari \u0259laq\u0259l\u0259rin inki\u015faf etm\u0259si C\u0259nubi Qafqaz\u0131n apar\u0131c\u0131 d\u00f6vl\u0259ti olan Az\u0259rbaycan\u0131n region iqtisadiyyat\u0131n\u0131n \u00fcmumi arxitekturas\u0131n\u0131n m\u00fc\u0259yy\u0259n edilm\u0259sind\u0259 rolunu daha da m\u00f6hk\u0259ml\u0259ndir\u0259c\u0259k. Onillikl\u0259r \u0259rzind\u0259 davam ed\u0259n m\u00fcnaqi\u015f\u0259nin h\u0259lli \u0259m\u0259kda\u015fl\u0131q, inki\u015faf v\u0259 t\u0259r\u0259qqi \u00fc\u00e7\u00fcn yeni perspektivl\u0259r a\u00e7\u0131b. 10 noyabr 2020-ci il tarixli, h\u0259m\u00e7inin b\u00f6lg\u0259d\u0259 kommunikasiyalar\u0131n a\u00e7\u0131lmas\u0131 il\u0259 ba\u011fl\u0131 11 yanvar 2021-ci il tarixli \u00fc\u00e7t\u0259r\u0259fli b\u0259yanatlar\u0131n icras\u0131 b\u00f6lg\u0259nin m\u0259nz\u0259r\u0259sini d\u0259yi\u015fm\u0259kl\u0259 yana\u015f\u0131, onun \u0259h\u0259miyy\u0259tini daha da art\u0131racaq. N\u0259qliyyat, rabit\u0259 v\u0259 ticar\u0259tl\u0259 ba\u011fl\u0131 yeni t\u0259r\u0259fda\u015fl\u0131q imkanlar\u0131ndan faydalanmaq f\u00fcrs\u0259ti yaranacaq. G\u00fccl\u0259ndirilmi\u015f regional \u0259m\u0259kda\u015fl\u0131q h\u0259m d\u0259 b\u00f6lg\u0259d\u0259 s\u00fclh v\u0259 sabitliyin m\u00f6k\u0259ml\u0259ndirilm\u0259sin\u0259 xidm\u0259t ed\u0259c\u0259k&#8221;.<\/p>\n<p>X\u0130N r\u0259smisi sonda bildirib ki, g\u00f6r\u00fcnd\u00fcy\u00fc kimi b\u00f6lg\u0259miz yeni v\u0259 dinamik \u015f\u0259kild\u0259 inki\u015faf ed\u0259n v\u0259 \u0259lav\u0259 \u0259m\u0259kda\u015fl\u0131q imkanlar\u0131n\u0131 yaradan v\u0259ziyy\u0259tl\u0259 \u00fcz-\u00fcz\u0259dir:<\/p>\n<p>&#8220;Bu imkanlardan faydalanmaq hesab edirik ki, b\u00fct\u00fcn \u00f6lk\u0259l\u0259rin mara\u011f\u0131ndad\u0131r. \u0130nan\u0131r\u0131q ki, yeni realla\u015fma\u011fa ba\u015flayan &#8220;Eastweststream.com&#8221; media-platformas\u0131 \u00f6z f\u0259aliyy\u0259ti il\u0259 m\u0259hz bu \u0259m\u0259kda\u015fl\u0131q imkanlar\u0131na, b\u00f6lg\u0259d\u0259 s\u00fclh v\u0259 t\u0259hl\u00fck\u0259sizliyin t\u0259min olunmas\u0131na t\u00f6hf\u0259 ver\u0259c\u0259k. \u00c7\u00fcnki b\u00f6lg\u0259miz bar\u0259d\u0259 m\u0259lumat\u0131n operativ, d\u00fcr\u00fcst v\u0259 q\u0259r\u0259zsiz \u015f\u0259kild\u0259 yay\u0131lmas\u0131n\u0131n t\u0259min edilm\u0259si g\u0259l\u0259c\u0259k \u0259m\u0259kda\u015fl\u0131qlar \u00fc\u00e7\u00fcn \u0259sas ola bil\u0259r. \u0130nan\u0131r\u0131q ki, bu platforma g\u0259l\u0259c\u0259kd\u0259 b\u00f6lg\u0259nin dig\u0259r \u00f6lk\u0259l\u0259rinin, x\u00fcsus\u0259n d\u0259 \u015f\u0259rql\u0259 q\u0259rbi birl\u0259\u015fdir\u0259n d\u0259hliz boyunca yerl\u0259\u015f\u0259n b\u00f6y\u00fck ke\u00e7mi\u015f \u0130p\u0259k Yolu \u00fcz\u0259rin\u0259 yerl\u0259\u015f\u0259n \u00f6lk\u0259l\u0259rin d\u0259 bu platformaya qo\u015fulmas\u0131 il\u0259 daha da b\u00f6y\u00fck media al\u0259tin\u0259 \u00e7evril\u0259c\u0259k&#8221;.<\/p>\n","protected":false},"excerpt":{"rendered":"<p>\u0130nan\u0131r\u0131q ki, yeni realla\u015fma\u011fa ba\u015flayan &#8220;Eastweststream.com&#8221; media-platformas\u0131 \u00f6z f\u0259aliyy\u0259ti il\u0259 m\u0259hz bu \u0259m\u0259kda\u015fl\u0131q imkanlar\u0131na, b\u00f6lg\u0259d\u0259 s\u00fclh v\u0259 t\u0259hl\u00fck\u0259sizliyin t\u0259min olunmas\u0131na t\u00f6hf\u0259 ver\u0259c\u0259k. \u00c7\u00fcnki b\u00f6lg\u0259miz bar\u0259d\u0259 m\u0259lumat\u0131n operativ, d\u00fcr\u00fcst v\u0259 q\u0259r\u0259zsiz \u015f\u0259kild\u0259 yay\u0131lmas\u0131n\u0131n t\u0259min edilm\u0259si g\u0259l\u0259c\u0259k \u0259m\u0259kda\u015fl\u0131qlar \u00fc\u00e7\u00fcn \u0259sas ola bil\u0259r. ARANTV.AZ\u00a0 Trend-\u0259 istinad\u0259n bildirir ki,\u00a0bunu Xarici \u0130\u015fl\u0259r Nazirliyinin M\u0259tbuat Xidm\u0259ti \u0130dar\u0259sinin r\u0259isi Leyla Abdullayeva Trend v\u0259 TASS agentlikl\u0259rinin birg\u0259 layih\u0259si olan &#8220;Eastweststream.com&#8221; media-platformas\u0131n\u0131n t\u0259qdimat\u0131nda \u00e7\u0131x\u0131\u015f\u0131 zaman\u0131 deyib. Onun s\u00f6zl\u0259rin\u0259 g\u00f6r\u0259, bu g\u00fcn \u0259sas\u0131 qoyulan layih\u0259 sad\u0259c\u0259 regionda deyil, beyn\u0259lxalq m\u00fcst\u0259vid\u0259 ba\u015f vermi\u015f hadis\u0259l\u0259rin d\u00fcnya miqyas\u0131na \u00e7atd\u0131r\u0131lmas\u0131nda etibarl\u0131, apar\u0131c\u0131 m\u0259lumat m\u0259nb\u0259yin\u0259&hellip;<\/p>\n","protected":false},"author":2,"featured_media":358083,"comment_status":"closed","ping_status":"closed","sticky":false,"template":"","format":"standard","meta":{"om_disable_all_campaigns":false,"_monsterinsights_skip_tracking":false,"_monsterinsights_sitenote_active":false,"_monsterinsights_sitenote_note":"","_monsterinsights_sitenote_category":0},"categories":[4],"tags":[],"aioseo_notices":[],"gutentor_comment":0,"rttpg_featured_image_url":{"full":["https:\/\/arantv.az\/wp-content\/uploads\/2021\/07\/966063.jpg",800,600,false],"landscape":["https:\/\/arantv.az\/wp-content\/uploads\/2021\/07\/966063.jpg",800,600,false],"portraits":["https:\/\/arantv.az\/wp-content\/uploads\/2021\/07\/966063.jpg",800,600,false],"thumbnail":["https:\/\/arantv.az\/wp-content\/uploads\/2021\/07\/966063-500x280.jpg",500,280,true],"medium":["https:\/\/arantv.az\/wp-content\/uploads\/2021\/07\/966063-487x365.jpg",487,365,true],"large":["https:\/\/arantv.az\/wp-content\/uploads\/2021\/07\/966063.jpg",640,480,false],"1536x1536":["https:\/\/arantv.az\/wp-content\/uploads\/2021\/07\/966063.jpg",800,600,false],"2048x2048":["https:\/\/arantv.az\/wp-content\/uploads\/2021\/07\/966063.jpg",800,600,false],"post-thumbnail":["https:\/\/arantv.az\/wp-content\/uploads\/2021\/07\/966063-240x172.jpg",240,172,true],"advps-thumb-one":["https:\/\/arantv.az\/wp-content\/uploads\/2021\/07\/966063.jpg",800,600,false]},"rttpg_author":{"display_name":"V\u00fcsal Rafiqo\u011flu","author_link":"https:\/\/arantv.az\/?author=2"},"rttpg_comment":0,"rttpg_category":"<a href=\"https:\/\/arantv.az\/?cat=4\" rel=\"category\">Siyas\u0259t<\/a>","rttpg_excerpt":"\u0130nan\u0131r\u0131q ki, yeni realla\u015fma\u011fa ba\u015flayan &#8220;Eastweststream.com&#8221; media-platformas\u0131 \u00f6z f\u0259aliyy\u0259ti il\u0259 m\u0259hz bu \u0259m\u0259kda\u015fl\u0131q imkanlar\u0131na, b\u00f6lg\u0259d\u0259 s\u00fclh v\u0259 t\u0259hl\u00fck\u0259sizliyin t\u0259min olunmas\u0131na t\u00f6hf\u0259 ver\u0259c\u0259k. \u00c7\u00fcnki b\u00f6lg\u0259miz bar\u0259d\u0259 m\u0259lumat\u0131n operativ, d\u00fcr\u00fcst v\u0259 q\u0259r\u0259zsiz \u015f\u0259kild\u0259 yay\u0131lmas\u0131n\u0131n t\u0259min edilm\u0259si g\u0259l\u0259c\u0259k \u0259m\u0259kda\u015fl\u0131qlar \u00fc\u00e7\u00fcn \u0259sas ola bil\u0259r. ARANTV.AZ\u00a0 Trend-\u0259 istinad\u0259n bildirir ki,\u00a0bunu Xarici \u0130\u015fl\u0259r Nazirliyinin M\u0259tbuat Xidm\u0259ti \u0130dar\u0259sinin r\u0259isi Leyla Abdullayeva Trend&hellip;","_links":{"self":[{"href":"https:\/\/arantv.az\/index.php?rest_route=\/wp\/v2\/posts\/358082"}],"collection":[{"href":"https:\/\/arantv.az\/index.php?rest_route=\/wp\/v2\/posts"}],"about":[{"href":"https:\/\/arantv.az\/index.php?rest_route=\/wp\/v2\/types\/post"}],"author":[{"embeddable":true,"href":"https:\/\/arantv.az\/index.php?rest_route=\/wp\/v2\/users\/2"}],"replies":[{"embeddable":true,"href":"https:\/\/arantv.az\/index.php?rest_route=%2Fwp%2Fv2%2Fcomments&post=358082"}],"version-history":[{"count":0,"href":"https:\/\/arantv.az\/index.php?rest_route=\/wp\/v2\/posts\/358082\/revisions"}],"wp:featuredmedia":[{"embeddable":true,"href":"https:\/\/arantv.az\/index.php?rest_route=\/wp\/v2\/media\/358083"}],"wp:attachment":[{"href":"https:\/\/arantv.az\/index.php?rest_route=%2Fwp%2Fv2%2Fmedia&parent=358082"}],"wp:term":[{"taxonomy":"category","embeddable":true,"href":"https:\/\/arantv.az\/index.php?rest_route=%2Fwp%2Fv2%2Fcategories&post=358082"},{"taxonomy":"post_tag","embeddable":true,"href":"https:\/\/arantv.az\/index.php?rest_route=%2Fwp%2Fv2%2Ftags&post=358082"}],"curies":[{"name":"wp","href":"https:\/\/api.w.org\/{rel}","templated":true}]}}