{"id":358089,"date":"2021-07-17T12:02:16","date_gmt":"2021-07-17T09:02:16","guid":{"rendered":"http:\/\/arantv.az\/?p=358089"},"modified":"2021-07-17T12:02:16","modified_gmt":"2021-07-17T09:02:16","slug":"haciqabulda-49-yasli-qadin-intihar-etdi","status":"publish","type":"post","link":"https:\/\/arantv.az\/?p=358089","title":{"rendered":"Hac\u0131qabulda 49 ya\u015fl\u0131 qad\u0131n intihar etdi"},"content":{"rendered":"<p>Hac\u0131qabulda intihar hadis\u0259si qeyd\u0259\u0131 al\u0131n\u0131b.<\/p>\n<p><strong>ARANTV.AZ<\/strong>\u00a0 APA-ya istinad\u0259n bildirir ki, rayonun B\u00fcrv\u0259nd k\u0259nd sakini, 1972-ci il t\u0259v\u0259ll\u00fcdl\u00fc Abbasova \u015e\u00f6l\u0259 Abbas q\u0131z\u0131 \u00f6z\u00fcn\u00fc ya\u015fad\u0131\u011f\u0131 h\u0259y\u0259tin \u00e7arda\u011f\u0131ndan asaraq intihar edib. Onun as\u0131lm\u0131\u015f v\u0259ziyy\u0259td\u0259 meyiti yax\u0131nlar\u0131 t\u0259r\u0259find\u0259n a\u015fkar edilib.<\/p>\n<p>Qeyd edilir ki, qad\u0131n a\u011f\u0131r patalogiyal\u0131 d\u0259ri x\u0259st\u0259liyind\u0259n \u0259ziyy\u0259t \u00e7\u0259kib.<\/p>\n<p>Faktla ba\u011fl\u0131 Hac\u0131qabul rayon prokurorlu\u011funda ara\u015fd\u0131rma apar\u0131l\u0131r.<\/p>\n","protected":false},"excerpt":{"rendered":"<p>Hac\u0131qabulda intihar hadis\u0259si qeyd\u0259\u0131 al\u0131n\u0131b. ARANTV.AZ\u00a0 APA-ya istinad\u0259n bildirir ki, rayonun B\u00fcrv\u0259nd k\u0259nd sakini, 1972-ci il t\u0259v\u0259ll\u00fcdl\u00fc Abbasova \u015e\u00f6l\u0259 Abbas q\u0131z\u0131 \u00f6z\u00fcn\u00fc ya\u015fad\u0131\u011f\u0131 h\u0259y\u0259tin \u00e7arda\u011f\u0131ndan asaraq intihar edib. Onun as\u0131lm\u0131\u015f v\u0259ziyy\u0259td\u0259 meyiti yax\u0131nlar\u0131 t\u0259r\u0259find\u0259n a\u015fkar edilib. Qeyd edilir ki, qad\u0131n a\u011f\u0131r patalogiyal\u0131 d\u0259ri x\u0259st\u0259liyind\u0259n \u0259ziyy\u0259t \u00e7\u0259kib. Faktla ba\u011fl\u0131 Hac\u0131qabul rayon prokurorlu\u011funda ara\u015fd\u0131rma apar\u0131l\u0131r.<\/p>\n","protected":false},"author":2,"featured_media":358090,"comment_status":"closed","ping_status":"closed","sticky":false,"template":"","format":"standard","meta":{"om_disable_all_campaigns":false,"_monsterinsights_skip_tracking":false,"_monsterinsights_sitenote_active":false,"_monsterinsights_sitenote_note":"","_monsterinsights_sitenote_category":0},"categories":[5],"tags":[],"aioseo_notices":[],"gutentor_comment":0,"rttpg_featured_image_url":{"full":["https:\/\/arantv.az\/wp-content\/uploads\/2021\/07\/asmaq_0254-1.jpg",800,600,false],"landscape":["https:\/\/arantv.az\/wp-content\/uploads\/2021\/07\/asmaq_0254-1.jpg",800,600,false],"portraits":["https:\/\/arantv.az\/wp-content\/uploads\/2021\/07\/asmaq_0254-1.jpg",800,600,false],"thumbnail":["https:\/\/arantv.az\/wp-content\/uploads\/2021\/07\/asmaq_0254-1-500x280.jpg",500,280,true],"medium":["https:\/\/arantv.az\/wp-content\/uploads\/2021\/07\/asmaq_0254-1-487x365.jpg",487,365,true],"large":["https:\/\/arantv.az\/wp-content\/uploads\/2021\/07\/asmaq_0254-1.jpg",640,480,false],"1536x1536":["https:\/\/arantv.az\/wp-content\/uploads\/2021\/07\/asmaq_0254-1.jpg",800,600,false],"2048x2048":["https:\/\/arantv.az\/wp-content\/uploads\/2021\/07\/asmaq_0254-1.jpg",800,600,false],"post-thumbnail":["https:\/\/arantv.az\/wp-content\/uploads\/2021\/07\/asmaq_0254-1-240x172.jpg",240,172,true],"advps-thumb-one":["https:\/\/arantv.az\/wp-content\/uploads\/2021\/07\/asmaq_0254-1.jpg",800,600,false]},"rttpg_author":{"display_name":"V\u00fcsal Rafiqo\u011flu","author_link":"https:\/\/arantv.az\/?author=2"},"rttpg_comment":0,"rttpg_category":"<a href=\"https:\/\/arantv.az\/?cat=5\" rel=\"category\">Hadis\u0259<\/a>","rttpg_excerpt":"Hac\u0131qabulda intihar hadis\u0259si qeyd\u0259\u0131 al\u0131n\u0131b. ARANTV.AZ\u00a0 APA-ya istinad\u0259n bildirir ki, rayonun B\u00fcrv\u0259nd k\u0259nd sakini, 1972-ci il t\u0259v\u0259ll\u00fcdl\u00fc Abbasova \u015e\u00f6l\u0259 Abbas q\u0131z\u0131 \u00f6z\u00fcn\u00fc ya\u015fad\u0131\u011f\u0131 h\u0259y\u0259tin \u00e7arda\u011f\u0131ndan asaraq intihar edib. Onun as\u0131lm\u0131\u015f v\u0259ziyy\u0259td\u0259 meyiti yax\u0131nlar\u0131 t\u0259r\u0259find\u0259n a\u015fkar edilib. Qeyd edilir ki, qad\u0131n a\u011f\u0131r patalogiyal\u0131 d\u0259ri x\u0259st\u0259liyind\u0259n \u0259ziyy\u0259t \u00e7\u0259kib. Faktla ba\u011fl\u0131 Hac\u0131qabul rayon prokurorlu\u011funda ara\u015fd\u0131rma apar\u0131l\u0131r.","_links":{"self":[{"href":"https:\/\/arantv.az\/index.php?rest_route=\/wp\/v2\/posts\/358089"}],"collection":[{"href":"https:\/\/arantv.az\/index.php?rest_route=\/wp\/v2\/posts"}],"about":[{"href":"https:\/\/arantv.az\/index.php?rest_route=\/wp\/v2\/types\/post"}],"author":[{"embeddable":true,"href":"https:\/\/arantv.az\/index.php?rest_route=\/wp\/v2\/users\/2"}],"replies":[{"embeddable":true,"href":"https:\/\/arantv.az\/index.php?rest_route=%2Fwp%2Fv2%2Fcomments&post=358089"}],"version-history":[{"count":0,"href":"https:\/\/arantv.az\/index.php?rest_route=\/wp\/v2\/posts\/358089\/revisions"}],"wp:featuredmedia":[{"embeddable":true,"href":"https:\/\/arantv.az\/index.php?rest_route=\/wp\/v2\/media\/358090"}],"wp:attachment":[{"href":"https:\/\/arantv.az\/index.php?rest_route=%2Fwp%2Fv2%2Fmedia&parent=358089"}],"wp:term":[{"taxonomy":"category","embeddable":true,"href":"https:\/\/arantv.az\/index.php?rest_route=%2Fwp%2Fv2%2Fcategories&post=358089"},{"taxonomy":"post_tag","embeddable":true,"href":"https:\/\/arantv.az\/index.php?rest_route=%2Fwp%2Fv2%2Ftags&post=358089"}],"curies":[{"name":"wp","href":"https:\/\/api.w.org\/{rel}","templated":true}]}}