{"id":358092,"date":"2021-07-17T12:03:12","date_gmt":"2021-07-17T09:03:12","guid":{"rendered":"http:\/\/arantv.az\/?p=358092"},"modified":"2021-07-17T12:03:12","modified_gmt":"2021-07-17T09:03:12","slug":"eastweststream-com-media-platformasinin-sukani-arxasinda-pes%c9%99karlar-dayanib-aztv-s%c9%99dri","status":"publish","type":"post","link":"https:\/\/arantv.az\/?p=358092","title":{"rendered":"&#8220;Eastweststream.com&#8221; media platformas\u0131n\u0131n s\u00fckan\u0131 arxas\u0131nda pe\u015f\u0259karlar dayan\u0131b &#8211; AZTV s\u0259dri"},"content":{"rendered":"<p><strong>&#8220;Eastweststream.com&#8221; mediaplatformas\u0131n\u0131n yaranmas\u0131 yeni bir m\u0259rh\u0259l\u0259nin t\u0259zah\u00fcr\u00fcd\u00fcr.<\/strong><\/p>\n<p><strong>ARANTV.AZ<\/strong> <a href=\"https:\/\/az.trend.az\/\" target=\"_blank\" rel=\"noopener\">Trend<\/a>-\u0259 istinad\u0259n bildirir ki,\u00a0bunu Az\u0259rbaycan Televiziya v\u0259 Radio Verili\u015fl\u0259ri&#8221; QSC-nin s\u0259dri R\u00f6v\u015f\u0259n M\u0259mm\u0259dov Trend v\u0259 TASS agentlikl\u0259rinin birg\u0259 layih\u0259si olan &#8220;Eastweststream.com&#8221; media-platformas\u0131n\u0131n t\u0259qdimat\u0131nda \u00e7\u0131x\u0131\u015f\u0131 zaman\u0131 deyib.<\/p>\n<p>Onun s\u00f6zl\u0259rin\u0259 g\u00f6r\u0259, bu m\u0259rh\u0259l\u0259 Az\u0259rbaycan media resurslar\u0131n\u0131n qlobal mediaya \u00e7\u0131x\u0131\u015f m\u0259rh\u0259l\u0259sidir:<\/p>\n<p>&#8220;Bu, Az\u0259rbaycan h\u0259qiq\u0259tl\u0259rinin d\u00fcnyaya effektli formada t\u0259qdimat\u0131, Az\u0259rbaycan medias\u0131n\u0131n d\u00fcnyada layiqli yerini tutmas\u0131d\u0131r. Bu m\u00fcnasib\u0259tl\u0259 Az\u0259rbaycan jurnalistl\u0259rini t\u0259brik edir\u0259m. Bu siyas\u0259tin \u0259sas\u0131n\u0131 c\u0259nab Prezident \u0130lham \u018fliyev qoydu. 44 g\u00fcnl\u00fck V\u0259t\u0259n m\u00fcharib\u0259sind\u0259 c\u0259nab Prezidentin d\u0259mir yumru\u011fu ancaq torpaqlar\u0131m\u0131z\u0131 i\u015f\u011faldan azad etm\u0259di, eyni zamanda c\u0259nab Prezident h\u0259r bir jurnalist\u0259 masterklas ke\u00e7di. Prezident g\u00f6st\u0259rdi ki, informasiya nec\u0259 y\u00fcr\u00fcd\u00fclm\u0259lidir v\u0259 Az\u0259rbaycan \u0259leyhin\u0259 apar\u0131lan t\u0259bli\u011fat kampaniyas\u0131na nec\u0259 effektiv \u015f\u0259kild\u0259 cavab verilm\u0259lidir&#8221;.<\/p>\n<p>R\u00f6v\u015f\u0259n M\u0259mm\u0259dov \u0259lav\u0259 edib ki, bu g\u00fcn h\u0259min siyas\u0259t jurnalistl\u0259r t\u0259r\u0259find\u0259n davam etdirilir:<\/p>\n<p>&#8220;T\u0259xmin\u0259n 1 il \u0259vv\u0259l Hikm\u0259t Hac\u0131yevin r\u0259hb\u0259rliyi alt\u0131nda Az\u0259rbaycan\u0131n media kapitanlar\u0131 T\u00fcrkiy\u0259y\u0259 s\u0259f\u0259r etdi v\u0259 \u00e7ox q\u0131sa zaman sonra bu add\u0131m\u0131n real n\u0259tic\u0259l\u0259ri oldu. M\u0259s\u0259l\u0259n, bu g\u00fcn &#8220;Az\u0259rbaycn Televiziyas\u0131&#8221; &#8220;Haber Global&#8221; v\u0259 TRT il\u0259 s\u0131x \u0259m\u0259kda\u015fl\u0131q edir. Dem\u0259k olar ki, b\u00fct\u00fcn siyasi verili\u015fl\u0259rd\u0259 biz telek\u00f6rp\u00fcl\u0259r yarad\u0131r\u0131q. T\u00fcrkiy\u0259li h\u0259mkarlar\u0131m\u0131z Az\u0259rbaycana g\u0259lir v\u0259 media m\u0259kan\u0131m\u0131z\u0131n inki\u015faf\u0131nda i\u015ftirak edirl\u0259r. \u0130nan\u0131ram ki, &#8220;Eastweststream.com&#8221; mediaplatformas\u0131 da q\u0131sa zamanda \u00f6z effektiv n\u0259tic\u0259sini ver\u0259c\u0259k. \u00c7\u00fcnki burada s\u00fckan arxas\u0131nda pe\u015f\u0259karlar dayan\u0131b. \u00dcmid edir\u0259m ki, Az\u0259rbaycan\u0131n h\u0259qiq\u0259tl\u0259ri, Qaraba\u011f h\u0259qiq\u0259tl\u0259ri v\u0259 bu g\u00fcn Az\u0259rbaycan Prezidentinin y\u00fcr\u00fctd\u00fcy\u00fc u\u011furlu siyas\u0259t bu platformada geni\u015f i\u015f\u0131qland\u0131r\u0131lacaq. Bu, eyni zamanda media sah\u0259sind\u0259 t\u0259cr\u00fcb\u0259 m\u00fcbadil\u0259 dem\u0259kdir&#8221;.<\/p>\n","protected":false},"excerpt":{"rendered":"<p>&#8220;Eastweststream.com&#8221; mediaplatformas\u0131n\u0131n yaranmas\u0131 yeni bir m\u0259rh\u0259l\u0259nin t\u0259zah\u00fcr\u00fcd\u00fcr. ARANTV.AZ Trend-\u0259 istinad\u0259n bildirir ki,\u00a0bunu Az\u0259rbaycan Televiziya v\u0259 Radio Verili\u015fl\u0259ri&#8221; QSC-nin s\u0259dri R\u00f6v\u015f\u0259n M\u0259mm\u0259dov Trend v\u0259 TASS agentlikl\u0259rinin birg\u0259 layih\u0259si olan &#8220;Eastweststream.com&#8221; media-platformas\u0131n\u0131n t\u0259qdimat\u0131nda \u00e7\u0131x\u0131\u015f\u0131 zaman\u0131 deyib. Onun s\u00f6zl\u0259rin\u0259 g\u00f6r\u0259, bu m\u0259rh\u0259l\u0259 Az\u0259rbaycan media resurslar\u0131n\u0131n qlobal mediaya \u00e7\u0131x\u0131\u015f m\u0259rh\u0259l\u0259sidir: &#8220;Bu, Az\u0259rbaycan h\u0259qiq\u0259tl\u0259rinin d\u00fcnyaya effektli formada t\u0259qdimat\u0131, Az\u0259rbaycan medias\u0131n\u0131n d\u00fcnyada layiqli yerini tutmas\u0131d\u0131r. Bu m\u00fcnasib\u0259tl\u0259 Az\u0259rbaycan jurnalistl\u0259rini t\u0259brik edir\u0259m. Bu siyas\u0259tin \u0259sas\u0131n\u0131 c\u0259nab Prezident \u0130lham \u018fliyev qoydu. 44 g\u00fcnl\u00fck V\u0259t\u0259n m\u00fcharib\u0259sind\u0259 c\u0259nab Prezidentin d\u0259mir yumru\u011fu ancaq torpaqlar\u0131m\u0131z\u0131 i\u015f\u011faldan azad etm\u0259di, eyni zamanda c\u0259nab Prezident&hellip;<\/p>\n","protected":false},"author":2,"featured_media":358093,"comment_status":"closed","ping_status":"closed","sticky":false,"template":"","format":"standard","meta":{"om_disable_all_campaigns":false,"_monsterinsights_skip_tracking":false,"_monsterinsights_sitenote_active":false,"_monsterinsights_sitenote_note":"","_monsterinsights_sitenote_category":0},"categories":[4],"tags":[],"aioseo_notices":[],"gutentor_comment":0,"rttpg_featured_image_url":{"full":["https:\/\/arantv.az\/wp-content\/uploads\/2021\/07\/966068.jpg",800,600,false],"landscape":["https:\/\/arantv.az\/wp-content\/uploads\/2021\/07\/966068.jpg",800,600,false],"portraits":["https:\/\/arantv.az\/wp-content\/uploads\/2021\/07\/966068.jpg",800,600,false],"thumbnail":["https:\/\/arantv.az\/wp-content\/uploads\/2021\/07\/966068-500x280.jpg",500,280,true],"medium":["https:\/\/arantv.az\/wp-content\/uploads\/2021\/07\/966068-487x365.jpg",487,365,true],"large":["https:\/\/arantv.az\/wp-content\/uploads\/2021\/07\/966068.jpg",640,480,false],"1536x1536":["https:\/\/arantv.az\/wp-content\/uploads\/2021\/07\/966068.jpg",800,600,false],"2048x2048":["https:\/\/arantv.az\/wp-content\/uploads\/2021\/07\/966068.jpg",800,600,false],"post-thumbnail":["https:\/\/arantv.az\/wp-content\/uploads\/2021\/07\/966068-240x172.jpg",240,172,true],"advps-thumb-one":["https:\/\/arantv.az\/wp-content\/uploads\/2021\/07\/966068.jpg",800,600,false]},"rttpg_author":{"display_name":"V\u00fcsal Rafiqo\u011flu","author_link":"https:\/\/arantv.az\/?author=2"},"rttpg_comment":0,"rttpg_category":"<a href=\"https:\/\/arantv.az\/?cat=4\" rel=\"category\">Siyas\u0259t<\/a>","rttpg_excerpt":"&#8220;Eastweststream.com&#8221; mediaplatformas\u0131n\u0131n yaranmas\u0131 yeni bir m\u0259rh\u0259l\u0259nin t\u0259zah\u00fcr\u00fcd\u00fcr. ARANTV.AZ Trend-\u0259 istinad\u0259n bildirir ki,\u00a0bunu Az\u0259rbaycan Televiziya v\u0259 Radio Verili\u015fl\u0259ri&#8221; QSC-nin s\u0259dri R\u00f6v\u015f\u0259n M\u0259mm\u0259dov Trend v\u0259 TASS agentlikl\u0259rinin birg\u0259 layih\u0259si olan &#8220;Eastweststream.com&#8221; media-platformas\u0131n\u0131n t\u0259qdimat\u0131nda \u00e7\u0131x\u0131\u015f\u0131 zaman\u0131 deyib. Onun s\u00f6zl\u0259rin\u0259 g\u00f6r\u0259, bu m\u0259rh\u0259l\u0259 Az\u0259rbaycan media resurslar\u0131n\u0131n qlobal mediaya \u00e7\u0131x\u0131\u015f m\u0259rh\u0259l\u0259sidir: &#8220;Bu, Az\u0259rbaycan h\u0259qiq\u0259tl\u0259rinin d\u00fcnyaya effektli formada t\u0259qdimat\u0131, Az\u0259rbaycan medias\u0131n\u0131n&hellip;","_links":{"self":[{"href":"https:\/\/arantv.az\/index.php?rest_route=\/wp\/v2\/posts\/358092"}],"collection":[{"href":"https:\/\/arantv.az\/index.php?rest_route=\/wp\/v2\/posts"}],"about":[{"href":"https:\/\/arantv.az\/index.php?rest_route=\/wp\/v2\/types\/post"}],"author":[{"embeddable":true,"href":"https:\/\/arantv.az\/index.php?rest_route=\/wp\/v2\/users\/2"}],"replies":[{"embeddable":true,"href":"https:\/\/arantv.az\/index.php?rest_route=%2Fwp%2Fv2%2Fcomments&post=358092"}],"version-history":[{"count":0,"href":"https:\/\/arantv.az\/index.php?rest_route=\/wp\/v2\/posts\/358092\/revisions"}],"wp:featuredmedia":[{"embeddable":true,"href":"https:\/\/arantv.az\/index.php?rest_route=\/wp\/v2\/media\/358093"}],"wp:attachment":[{"href":"https:\/\/arantv.az\/index.php?rest_route=%2Fwp%2Fv2%2Fmedia&parent=358092"}],"wp:term":[{"taxonomy":"category","embeddable":true,"href":"https:\/\/arantv.az\/index.php?rest_route=%2Fwp%2Fv2%2Fcategories&post=358092"},{"taxonomy":"post_tag","embeddable":true,"href":"https:\/\/arantv.az\/index.php?rest_route=%2Fwp%2Fv2%2Ftags&post=358092"}],"curies":[{"name":"wp","href":"https:\/\/api.w.org\/{rel}","templated":true}]}}