{"id":358095,"date":"2021-07-17T12:05:15","date_gmt":"2021-07-17T09:05:15","guid":{"rendered":"http:\/\/arantv.az\/?p=358095"},"modified":"2021-07-17T12:05:15","modified_gmt":"2021-07-17T09:05:15","slug":"b%c9%99rd%c9%99-rayonunda-s%c9%99hidin-dogum-gunu-qeyd-olunub","status":"publish","type":"post","link":"https:\/\/arantv.az\/?p=358095","title":{"rendered":"B\u0259rd\u0259 rayonunda \u015e\u0259hidin do\u011fum g\u00fcn\u00fc qeyd olunub."},"content":{"rendered":"<div class=\"content_wrapper\">\n<div class=\"content_info\">\n<p>15 iyul 2021-ci il tarixd\u0259 B\u0259rd\u0259 rayonunda \u015f\u0259hid Yusifzad\u0259 Xudayar M\u00fcsl\u00fcm o\u011flunun ad g\u00fcn\u00fc m\u00fcnasib\u0259ti il\u0259 \u015f\u0259hidin ail\u0259si ziyar\u0259t olunmu\u015f, m\u0259zar\u0131 \u00fcz\u0259rin\u0259 t\u0259r g\u00fcl d\u0259st\u0259l\u0259ri qoyularaq yad edilmi\u015fdir.\u00a0 T\u0259dbird\u0259 B\u0259rd\u0259 rayon \u0130cra Hakimiyy\u0259ti aparat\u0131n\u0131n V\u0259t\u0259n m\u00fcharib\u0259si i\u015ftirak\u00e7\u0131lar\u0131 v\u0259 \u015f\u0259hid ail\u0259l\u0259ri il\u0259 i\u015fin t\u0259\u015fkili \u015f\u00f6b\u0259sinin m\u00fcdiri Samir S\u0259f\u0259rov v\u0259 b\u00f6y\u00fck m\u0259sl\u0259h\u0259t\u00e7isi Ziya \u0130smay\u0131lzad\u0259, mill\u0259t v\u0259kili Fatma Y\u0131ld\u0131r\u0131m\u0131n k\u00f6m\u0259k\u00e7isi Fuad A\u011fayev, B\u0259rd\u0259 D\u00f6vl\u0259t \u0130dar\u0259etm\u0259 v\u0259 Texnologiya kollecinin direktoru Xosrov Musayev, B\u0259rd\u0259 rayon G\u0259ncl\u0259r v\u0259 \u0130dman \u0130dar\u0259sinin r\u0259isi Hikm\u0259t \u018fl\u0259kb\u0259rov, \u201cQaraba\u011f m\u00fcharib\u0259si \u0259lill\u0259ri, veteranlar\u0131 v\u0259 \u015f\u0259hid ail\u0259l\u0259ri\u201d \u0130ctimai Birliyinin B\u0259rd\u0259 filial\u0131n\u0131n s\u0259dri Etibar H\u00fcseynova, \u201cQaraba\u011f qazil\u0259ri\u201d ictimai birliyinin s\u0259rdi S\u00fcr\u0259ddin S\u0259f\u0259rov, \u015f\u0259hidin qulluq etdiyi N sayl\u0131 h\u0259rbi hiss\u0259nin n\u00fcmay\u0259nd\u0259l\u0259ri i\u015ftirak etmi\u015fl\u0259r. T\u0259dbird\u0259 i\u015ftirak ed\u0259nl\u0259r Ali Ba\u015f Komandan \u0130lham \u018fliyevin r\u0259hb\u0259rliyi il\u0259 m\u00fcz\u0259ff\u0259r Az\u0259rbaycan Ordusunun \u0259sg\u0259r v\u0259 zabitl\u0259rinin \u015f\u00fcca\u0259tind\u0259n, qanlar\u0131 il\u0259 tarix yazan q\u0259hr\u0259manl\u0131qlar\u0131ndan s\u00f6z a\u00e7m\u0131\u015flar. \u015e\u0259hidin ail\u0259si onlara g\u00f6st\u0259ril\u0259n diqq\u0259t v\u0259 qay\u011f\u0131ya g\u00f6r\u0259 Az\u0259rbaycan Respublikas\u0131n\u0131n Prezidentin\u0259 minn\u0259tdarl\u0131qlar\u0131n\u0131 bildirmi\u015fl\u0259r. Uca Allahdan b\u00fct\u00fcn \u015f\u0259hidl\u0259rimiz\u0259 r\u0259hm\u0259t dil\u0259yirik.<\/p>\n<p><img loading=\"lazy\" class=\"alignnone size-medium wp-image-358096\" src=\"https:\/\/arantv.az\/wp-content\/uploads\/2021\/07\/00c1f628c3beae4301ba43b2cc2e098c-243x365.jpg\" alt=\"\" width=\"243\" height=\"365\" \/><img loading=\"lazy\" class=\"alignnone size-medium wp-image-358097\" src=\"https:\/\/arantv.az\/wp-content\/uploads\/2021\/07\/6664ae5fc22ebb24e57473a1fab76a72-547x365.jpg\" alt=\"\" width=\"547\" height=\"365\" \/><img loading=\"lazy\" class=\"alignnone size-medium wp-image-358098\" src=\"https:\/\/arantv.az\/wp-content\/uploads\/2021\/07\/2722a3bea5fd7d5ac6c1cc83c88ab868-243x365.jpg\" alt=\"\" width=\"243\" height=\"365\" \/><img loading=\"lazy\" class=\"alignnone size-medium wp-image-358099\" src=\"https:\/\/arantv.az\/wp-content\/uploads\/2021\/07\/998ac47bf167dd81677944283d224b96-547x365.jpg\" alt=\"\" width=\"547\" height=\"365\" \/><img loading=\"lazy\" class=\"alignnone size-medium wp-image-358100\" src=\"https:\/\/arantv.az\/wp-content\/uploads\/2021\/07\/eaf69070a1ae41f3f24ad88b043133f5-547x365.jpg\" alt=\"\" width=\"547\" height=\"365\" \/><\/p>\n<\/div>\n<\/div>\n","protected":false},"excerpt":{"rendered":"<p>15 iyul 2021-ci il tarixd\u0259 B\u0259rd\u0259 rayonunda \u015f\u0259hid Yusifzad\u0259 Xudayar M\u00fcsl\u00fcm o\u011flunun ad g\u00fcn\u00fc m\u00fcnasib\u0259ti il\u0259 \u015f\u0259hidin ail\u0259si ziyar\u0259t olunmu\u015f, m\u0259zar\u0131 \u00fcz\u0259rin\u0259 t\u0259r g\u00fcl d\u0259st\u0259l\u0259ri qoyularaq yad edilmi\u015fdir.\u00a0 T\u0259dbird\u0259 B\u0259rd\u0259 rayon \u0130cra Hakimiyy\u0259ti aparat\u0131n\u0131n V\u0259t\u0259n m\u00fcharib\u0259si i\u015ftirak\u00e7\u0131lar\u0131 v\u0259 \u015f\u0259hid ail\u0259l\u0259ri il\u0259 i\u015fin t\u0259\u015fkili \u015f\u00f6b\u0259sinin m\u00fcdiri Samir S\u0259f\u0259rov v\u0259 b\u00f6y\u00fck m\u0259sl\u0259h\u0259t\u00e7isi Ziya \u0130smay\u0131lzad\u0259, mill\u0259t v\u0259kili Fatma Y\u0131ld\u0131r\u0131m\u0131n k\u00f6m\u0259k\u00e7isi Fuad A\u011fayev, B\u0259rd\u0259 D\u00f6vl\u0259t \u0130dar\u0259etm\u0259 v\u0259 Texnologiya kollecinin direktoru Xosrov Musayev, B\u0259rd\u0259 rayon G\u0259ncl\u0259r v\u0259 \u0130dman \u0130dar\u0259sinin r\u0259isi Hikm\u0259t \u018fl\u0259kb\u0259rov, \u201cQaraba\u011f m\u00fcharib\u0259si \u0259lill\u0259ri, veteranlar\u0131 v\u0259 \u015f\u0259hid ail\u0259l\u0259ri\u201d \u0130ctimai Birliyinin B\u0259rd\u0259 filial\u0131n\u0131n s\u0259dri Etibar&hellip;<\/p>\n","protected":false},"author":2,"featured_media":358099,"comment_status":"closed","ping_status":"closed","sticky":false,"template":"","format":"standard","meta":{"om_disable_all_campaigns":false,"_monsterinsights_skip_tracking":false,"_monsterinsights_sitenote_active":false,"_monsterinsights_sitenote_note":"","_monsterinsights_sitenote_category":0},"categories":[2],"tags":[],"aioseo_notices":[],"gutentor_comment":0,"rttpg_featured_image_url":{"full":["https:\/\/arantv.az\/wp-content\/uploads\/2021\/07\/998ac47bf167dd81677944283d224b96.jpg",665,444,false],"landscape":["https:\/\/arantv.az\/wp-content\/uploads\/2021\/07\/998ac47bf167dd81677944283d224b96.jpg",665,444,false],"portraits":["https:\/\/arantv.az\/wp-content\/uploads\/2021\/07\/998ac47bf167dd81677944283d224b96.jpg",665,444,false],"thumbnail":["https:\/\/arantv.az\/wp-content\/uploads\/2021\/07\/998ac47bf167dd81677944283d224b96-500x280.jpg",500,280,true],"medium":["https:\/\/arantv.az\/wp-content\/uploads\/2021\/07\/998ac47bf167dd81677944283d224b96-547x365.jpg",547,365,true],"large":["https:\/\/arantv.az\/wp-content\/uploads\/2021\/07\/998ac47bf167dd81677944283d224b96.jpg",640,427,false],"1536x1536":["https:\/\/arantv.az\/wp-content\/uploads\/2021\/07\/998ac47bf167dd81677944283d224b96.jpg",665,444,false],"2048x2048":["https:\/\/arantv.az\/wp-content\/uploads\/2021\/07\/998ac47bf167dd81677944283d224b96.jpg",665,444,false],"post-thumbnail":["https:\/\/arantv.az\/wp-content\/uploads\/2021\/07\/998ac47bf167dd81677944283d224b96-240x172.jpg",240,172,true],"advps-thumb-one":["https:\/\/arantv.az\/wp-content\/uploads\/2021\/07\/998ac47bf167dd81677944283d224b96.jpg",665,444,false]},"rttpg_author":{"display_name":"V\u00fcsal Rafiqo\u011flu","author_link":"https:\/\/arantv.az\/?author=2"},"rttpg_comment":0,"rttpg_category":"<a href=\"https:\/\/arantv.az\/?cat=2\" rel=\"category\">Region X\u0259b\u0259rl\u0259ri<\/a>","rttpg_excerpt":"15 iyul 2021-ci il tarixd\u0259 B\u0259rd\u0259 rayonunda \u015f\u0259hid Yusifzad\u0259 Xudayar M\u00fcsl\u00fcm o\u011flunun ad g\u00fcn\u00fc m\u00fcnasib\u0259ti il\u0259 \u015f\u0259hidin ail\u0259si ziyar\u0259t olunmu\u015f, m\u0259zar\u0131 \u00fcz\u0259rin\u0259 t\u0259r g\u00fcl d\u0259st\u0259l\u0259ri qoyularaq yad edilmi\u015fdir.\u00a0 T\u0259dbird\u0259 B\u0259rd\u0259 rayon \u0130cra Hakimiyy\u0259ti aparat\u0131n\u0131n V\u0259t\u0259n m\u00fcharib\u0259si i\u015ftirak\u00e7\u0131lar\u0131 v\u0259 \u015f\u0259hid ail\u0259l\u0259ri il\u0259 i\u015fin t\u0259\u015fkili \u015f\u00f6b\u0259sinin m\u00fcdiri Samir S\u0259f\u0259rov v\u0259 b\u00f6y\u00fck m\u0259sl\u0259h\u0259t\u00e7isi Ziya \u0130smay\u0131lzad\u0259, mill\u0259t v\u0259kili Fatma&hellip;","_links":{"self":[{"href":"https:\/\/arantv.az\/index.php?rest_route=\/wp\/v2\/posts\/358095"}],"collection":[{"href":"https:\/\/arantv.az\/index.php?rest_route=\/wp\/v2\/posts"}],"about":[{"href":"https:\/\/arantv.az\/index.php?rest_route=\/wp\/v2\/types\/post"}],"author":[{"embeddable":true,"href":"https:\/\/arantv.az\/index.php?rest_route=\/wp\/v2\/users\/2"}],"replies":[{"embeddable":true,"href":"https:\/\/arantv.az\/index.php?rest_route=%2Fwp%2Fv2%2Fcomments&post=358095"}],"version-history":[{"count":0,"href":"https:\/\/arantv.az\/index.php?rest_route=\/wp\/v2\/posts\/358095\/revisions"}],"wp:featuredmedia":[{"embeddable":true,"href":"https:\/\/arantv.az\/index.php?rest_route=\/wp\/v2\/media\/358099"}],"wp:attachment":[{"href":"https:\/\/arantv.az\/index.php?rest_route=%2Fwp%2Fv2%2Fmedia&parent=358095"}],"wp:term":[{"taxonomy":"category","embeddable":true,"href":"https:\/\/arantv.az\/index.php?rest_route=%2Fwp%2Fv2%2Fcategories&post=358095"},{"taxonomy":"post_tag","embeddable":true,"href":"https:\/\/arantv.az\/index.php?rest_route=%2Fwp%2Fv2%2Ftags&post=358095"}],"curies":[{"name":"wp","href":"https:\/\/api.w.org\/{rel}","templated":true}]}}