{"id":358106,"date":"2021-07-17T12:10:19","date_gmt":"2021-07-17T09:10:19","guid":{"rendered":"http:\/\/arantv.az\/?p=358106"},"modified":"2021-07-17T12:10:19","modified_gmt":"2021-07-17T09:10:19","slug":"seyxulislam-qurban-bayrami-munasib%c9%99til%c9%99-az%c9%99rbaycan-xalqini-t%c9%99brik-edib","status":"publish","type":"post","link":"https:\/\/arantv.az\/?p=358106","title":{"rendered":"\u015eeyx\u00fclislam Qurban bayram\u0131 m\u00fcnasib\u0259til\u0259 Az\u0259rbaycan xalq\u0131n\u0131 t\u0259brik edib"},"content":{"rendered":"<p>Qafqaz M\u00fcs\u0259lmanlar\u0131 \u0130dar\u0259sinin s\u0259dri, \u015eeyx\u00fclislam Allah\u015f\u00fck\u00fcr Pa\u015fazad\u0259 Qurban bayram\u0131 m\u00fcnasib\u0259til\u0259 Az\u0259rbaycan xalq\u0131n\u0131 t\u0259brik edib.<\/p>\n<p><strong>ARANTV.AZ<\/strong> h\u0259min t\u0259brik m\u0259tnini t\u0259qdim edir:<\/p>\n<p>&#8220;Bismillahir-r\u0259hmanir-r\u0259him!<\/p>\n<p>M\u00f6ht\u0259r\u0259m h\u0259mv\u0259t\u0259nl\u0259rim!<br \/>\n\u200b\u0130slam al\u0259minin \u0259n \u0259ziz v\u0259 m\u00fcq\u0259dd\u0259s g\u00fcn\u00fc, Uca Yaradana s\u0259daq\u0259tin v\u0259 \u0130lahi L\u00fctf\u00fcn t\u0259c\u0259llisi olan m\u00fcbar\u0259k Qurban bayram\u0131 m\u00fcnasib\u0259til\u0259 sizi \u00fcr\u0259kd\u0259n t\u0259brik edir, ham\u0131n\u0131za Allah-taaladan s\u0259ad\u0259t v\u0259 rifah, xeyirli v\u0259 b\u0259r\u0259k\u0259tli \u00f6m\u00fcr arzulay\u0131ram.<\/p>\n<p>\u200bAllaha \u015f\u00fck\u00fcrl\u0259r olsun ki, bu ilki Qurban bayram\u0131n\u0131 30 illik Qaraba\u011f h\u0259sr\u0259tinin sonu, ill\u0259r boyu etdiyimiz dualar\u0131n q\u0259bul oldu\u011funu bildir\u0259n Z\u0259f\u0259r m\u00fcjd\u0259si kimi qar\u015f\u0131lay\u0131r\u0131q. Art\u0131q ne\u00e7\u0259 m\u00fcdd\u0259tdir ki, xalq\u0131m\u0131z \u00f6z tarixinin \u0259n m\u00f6ht\u0259\u015f\u0259m bayram sevincini \u2013 V\u0259t\u0259n m\u00fcharib\u0259sind\u0259ki Q\u0259l\u0259b\u0259nin q\u00fcrurunu ya\u015fay\u0131r. Q\u0259hr\u0259man Az\u0259rbaycan \u0259sg\u0259rinin i\u015f\u011faldan azad olmu\u015f \u0259razil\u0259rd\u0259 d\u00f6vl\u0259timizin \u00fc\u00e7r\u0259ngli bayra\u011f\u0131n\u0131 ucaltmas\u0131, \u015eu\u015fa v\u0259 A\u011fdam m\u0259scidl\u0259rinin minar\u0259l\u0259rind\u0259n azanlar\u0131n s\u0259sl\u0259nm\u0259si \u0130lahi \u0259dal\u0259tin b\u0259rpas\u0131 dem\u0259kdir. Bu m\u00fcbar\u0259k g\u00fcnl\u0259ri biz\u0259, b\u00fct\u00fcn xalq\u0131m\u0131za ya\u015fatd\u0131\u011f\u0131 \u00fc\u00e7\u00fcn Uca Yaradana v\u0259 d\u00f6vl\u0259timiz\u0259 sonsuz h\u0259md-s\u0259nalar edirik!<\/p>\n<p>\u200bBiz f\u0259xr edirik ki, bu Q\u0259l\u0259b\u0259nin m\u00fc\u0259llifi v\u0259 s\u0259rk\u0259rd\u0259si Az\u0259rbaycan xalq\u0131n\u0131n b\u00f6y\u00fck o\u011flu, ad\u0131 tarixin q\u0131z\u0131l s\u0259hif\u0259sin\u0259 Qaraba\u011f Fatehi kimi yaz\u0131lan Zati-alil\u0259ri Ali Ba\u015f komandan \u0130lham \u018fliyev c\u0259nablar\u0131d\u0131r. V\u0259t\u0259n m\u00fcharib\u0259si \u0259rzind\u0259 onun liderlik \u0259zmi, q\u0259tiyy\u0259tli siyas\u0259ti, m\u0259rdliyi, c\u0259sar\u0259ti h\u0259r k\u0259s\u0259 &#8211; ordumuzun \u0259sg\u0259rin\u0259, xalq\u0131m\u0131z\u0131n \u00f6vladlar\u0131na, dinind\u0259n v\u0259 mill\u0259tind\u0259n as\u0131l\u0131 olmayaraq \u00f6lk\u0259mizin b\u00fct\u00fcn v\u0259t\u0259nda\u015flar\u0131na unudulmaz anlar ya\u015fatd\u0131, d\u00fcnya ictimaiyy\u0259ti Az\u0259rbaycan\u0131n siyasi liderinin q\u00fcdr\u0259tinin v\u0259 \u00f6lk\u0259mizd\u0259ki sars\u0131lmaz xalq-d\u00f6vl\u0259t birliyinin \u015fahidi oldu. Buna g\u00f6r\u0259 d\u0259 biz Az\u0259rbaycan d\u00f6vl\u0259tinin g\u0259l\u0259c\u0259yin\u0259 b\u00f6y\u00fck inam v\u0259 \u00fcmidl\u0259 bax\u0131r\u0131q v\u0259 inan\u0131r\u0131q ki, Allah\u0131n k\u00f6m\u0259yi il\u0259 xalq\u0131m\u0131z \u00f6z m\u00fcz\u0259ff\u0259r lideri \u0130lham \u018fliyev c\u0259nablar\u0131 v\u0259 onun silahda\u015f\u0131 Mehriban xan\u0131m il\u0259 birlikd\u0259 daha b\u00f6y\u00fck z\u0259f\u0259rl\u0259r\u0259 imza atacaqd\u0131r, in\u015fallah.<\/p>\n<p>Bu ilki bayram, Qaz\u0131lar \u015euras\u0131n\u0131n f\u0259tvas\u0131nda qeyd olundu\u011fu kimi, q\u0259m\u0259ri t\u0259qviml\u0259 zilhicc\u0259 ay\u0131n\u0131n 10-na, miladi tarixl\u0259 20-21 iyul tarixin\u0259 t\u0259sad\u00fcf edir. H\u0259mi\u015f\u0259 xaql\u0131n dini inanclar\u0131n\u0131n qay\u011f\u0131s\u0131na qalan d\u00f6vl\u0259timiz iki g\u00fcn\u00fc \u2013 18-19 iyul tarixl\u0259rini qeyri-i\u015f g\u00fcn\u00fc elan etmi\u015fdir v\u0259 bu \u00f6z\u0259l m\u00fcnasib\u0259tin\u0259 g\u00f6r\u0259 biz m\u00fcs\u0259lmanlar d\u00f6vl\u0259t r\u0259hb\u0259rimiz\u0259 minn\u0259tdarl\u0131\u011f\u0131m\u0131z\u0131 bildiririk. \u015e\u0259ri h\u00f6kml\u0259r\u0259 \u0259sas\u0259n, Qurban k\u0259simi 3 g\u00fcn \u0259rzind\u0259, 20-22 iyul tarixl\u0259rind\u0259 icra oluna bil\u0259r. H\u0259disl\u0259rd\u0259 qeyd olundu\u011fu kimi, Qurban bayram\u0131n\u0131n gec\u0259si v\u0259 g\u00fcn\u00fc dualar\u0131n q\u0259bul olundu\u011fu zamand\u0131r. H\u0259mr\u0259ylik, yard\u0131mla\u015fma v\u0259 m\u0259n\u0259vi t\u0259mizl\u0259nm\u0259 r\u0259mzi olan bu m\u00fcq\u0259dd\u0259s g\u00fcnd\u0259 V\u0259t\u0259n u\u011frunda \u015f\u0259hid olan q\u0259hr\u0259man \u00f6vladlar\u0131m\u0131z\u0131 r\u0259hm\u0259t dualar\u0131yla yad etm\u0259k, qazil\u0259rimiz\u0259, yaral\u0131lar\u0131m\u0131za Allah-t\u0259aladan \u015f\u0259fa\u0259t v\u0259 s\u0259ad\u0259t dil\u0259m\u0259k bizim v\u0259fa borcumuzdur.<\/p>\n<p>Biz Qaraba\u011fda dal\u011falanan Az\u0259rbaycan bayra\u011f\u0131 namin\u0259 can\u0131ndan ke\u00e7\u0259n h\u0259r bir \u015f\u0259hidimiz\u0259 Allahdan r\u0259hm\u0259t dil\u0259yir, qazil\u0259rimiz\u0259 \u015f\u0259falar arzulay\u0131r\u0131q. \u200b\u018fziz h\u0259mv\u0259t\u0259nl\u0259rim! Bir daha bu \u0259ziz bayram m\u00fcnasib\u0259til\u0259 Az\u0259rbaycan xalq\u0131n\u0131 v\u0259 d\u00fcnya m\u00fcs\u0259lmanlar\u0131n\u0131 t\u0259brik edir, Qurban bayram\u0131n\u0131n da\u015f\u0131d\u0131\u011f\u0131 m\u0259n\u0259vi d\u0259y\u0259rl\u0259r\u0259 h\u0259mi\u015f\u0259 sadiq qalma\u011f\u0131 Uca Yaradandan t\u0259m\u0259nna edirik. Allah-T\u0259ala b\u00fct\u00fcn m\u00fcs\u0259lman \u00fcmm\u0259tinin ibad\u0259tl\u0259rini q\u0259bul etsin, Az\u0259rbaycan d\u00f6vl\u0259tini v\u0259 d\u00f6vl\u0259t r\u0259hb\u0259rimizi qorusun, Allah\u0131n m\u0259rh\u0259m\u0259t n\u0259z\u0259ri daim V\u0259t\u0259nimizin v\u0259 xalq\u0131m\u0131z\u0131n \u00fcz\u0259rind\u0259 olsun! Qurban bayram\u0131m\u0131z m\u00fcbar\u0259k olsun!&#8221;<\/p>\n","protected":false},"excerpt":{"rendered":"<p>Qafqaz M\u00fcs\u0259lmanlar\u0131 \u0130dar\u0259sinin s\u0259dri, \u015eeyx\u00fclislam Allah\u015f\u00fck\u00fcr Pa\u015fazad\u0259 Qurban bayram\u0131 m\u00fcnasib\u0259til\u0259 Az\u0259rbaycan xalq\u0131n\u0131 t\u0259brik edib. ARANTV.AZ h\u0259min t\u0259brik m\u0259tnini t\u0259qdim edir: &#8220;Bismillahir-r\u0259hmanir-r\u0259him! M\u00f6ht\u0259r\u0259m h\u0259mv\u0259t\u0259nl\u0259rim! \u200b\u0130slam al\u0259minin \u0259n \u0259ziz v\u0259 m\u00fcq\u0259dd\u0259s g\u00fcn\u00fc, Uca Yaradana s\u0259daq\u0259tin v\u0259 \u0130lahi L\u00fctf\u00fcn t\u0259c\u0259llisi olan m\u00fcbar\u0259k Qurban bayram\u0131 m\u00fcnasib\u0259til\u0259 sizi \u00fcr\u0259kd\u0259n t\u0259brik edir, ham\u0131n\u0131za Allah-taaladan s\u0259ad\u0259t v\u0259 rifah, xeyirli v\u0259 b\u0259r\u0259k\u0259tli \u00f6m\u00fcr arzulay\u0131ram. \u200bAllaha \u015f\u00fck\u00fcrl\u0259r olsun ki, bu ilki Qurban bayram\u0131n\u0131 30 illik Qaraba\u011f h\u0259sr\u0259tinin sonu, ill\u0259r boyu etdiyimiz dualar\u0131n q\u0259bul oldu\u011funu bildir\u0259n Z\u0259f\u0259r m\u00fcjd\u0259si kimi qar\u015f\u0131lay\u0131r\u0131q. Art\u0131q ne\u00e7\u0259 m\u00fcdd\u0259tdir ki, xalq\u0131m\u0131z \u00f6z tarixinin \u0259n m\u00f6ht\u0259\u015f\u0259m bayram&hellip;<\/p>\n","protected":false},"author":2,"featured_media":358107,"comment_status":"closed","ping_status":"closed","sticky":false,"template":"","format":"standard","meta":{"om_disable_all_campaigns":false,"_monsterinsights_skip_tracking":false,"_monsterinsights_sitenote_active":false,"_monsterinsights_sitenote_note":"","_monsterinsights_sitenote_category":0},"categories":[27],"tags":[],"aioseo_notices":[],"gutentor_comment":0,"rttpg_featured_image_url":{"full":["https:\/\/arantv.az\/wp-content\/uploads\/2021\/07\/426ea289158953201032625743810916110.jpg",975,540,false],"landscape":["https:\/\/arantv.az\/wp-content\/uploads\/2021\/07\/426ea289158953201032625743810916110.jpg",975,540,false],"portraits":["https:\/\/arantv.az\/wp-content\/uploads\/2021\/07\/426ea289158953201032625743810916110.jpg",975,540,false],"thumbnail":["https:\/\/arantv.az\/wp-content\/uploads\/2021\/07\/426ea289158953201032625743810916110-500x280.jpg",500,280,true],"medium":["https:\/\/arantv.az\/wp-content\/uploads\/2021\/07\/426ea289158953201032625743810916110-660x365.jpg",660,365,true],"large":["https:\/\/arantv.az\/wp-content\/uploads\/2021\/07\/426ea289158953201032625743810916110-840x465.jpg",640,354,true],"1536x1536":["https:\/\/arantv.az\/wp-content\/uploads\/2021\/07\/426ea289158953201032625743810916110.jpg",975,540,false],"2048x2048":["https:\/\/arantv.az\/wp-content\/uploads\/2021\/07\/426ea289158953201032625743810916110.jpg",975,540,false],"post-thumbnail":["https:\/\/arantv.az\/wp-content\/uploads\/2021\/07\/426ea289158953201032625743810916110-240x172.jpg",240,172,true],"advps-thumb-one":["https:\/\/arantv.az\/wp-content\/uploads\/2021\/07\/426ea289158953201032625743810916110.jpg",975,540,false]},"rttpg_author":{"display_name":"V\u00fcsal Rafiqo\u011flu","author_link":"https:\/\/arantv.az\/?author=2"},"rttpg_comment":0,"rttpg_category":"<a href=\"https:\/\/arantv.az\/?cat=27\" rel=\"category\">\u0130SLAM<\/a>","rttpg_excerpt":"Qafqaz M\u00fcs\u0259lmanlar\u0131 \u0130dar\u0259sinin s\u0259dri, \u015eeyx\u00fclislam Allah\u015f\u00fck\u00fcr Pa\u015fazad\u0259 Qurban bayram\u0131 m\u00fcnasib\u0259til\u0259 Az\u0259rbaycan xalq\u0131n\u0131 t\u0259brik edib. ARANTV.AZ h\u0259min t\u0259brik m\u0259tnini t\u0259qdim edir: &#8220;Bismillahir-r\u0259hmanir-r\u0259him! M\u00f6ht\u0259r\u0259m h\u0259mv\u0259t\u0259nl\u0259rim! \u200b\u0130slam al\u0259minin \u0259n \u0259ziz v\u0259 m\u00fcq\u0259dd\u0259s g\u00fcn\u00fc, Uca Yaradana s\u0259daq\u0259tin v\u0259 \u0130lahi L\u00fctf\u00fcn t\u0259c\u0259llisi olan m\u00fcbar\u0259k Qurban bayram\u0131 m\u00fcnasib\u0259til\u0259 sizi \u00fcr\u0259kd\u0259n t\u0259brik edir, ham\u0131n\u0131za Allah-taaladan s\u0259ad\u0259t v\u0259 rifah, xeyirli v\u0259 b\u0259r\u0259k\u0259tli \u00f6m\u00fcr&hellip;","_links":{"self":[{"href":"https:\/\/arantv.az\/index.php?rest_route=\/wp\/v2\/posts\/358106"}],"collection":[{"href":"https:\/\/arantv.az\/index.php?rest_route=\/wp\/v2\/posts"}],"about":[{"href":"https:\/\/arantv.az\/index.php?rest_route=\/wp\/v2\/types\/post"}],"author":[{"embeddable":true,"href":"https:\/\/arantv.az\/index.php?rest_route=\/wp\/v2\/users\/2"}],"replies":[{"embeddable":true,"href":"https:\/\/arantv.az\/index.php?rest_route=%2Fwp%2Fv2%2Fcomments&post=358106"}],"version-history":[{"count":0,"href":"https:\/\/arantv.az\/index.php?rest_route=\/wp\/v2\/posts\/358106\/revisions"}],"wp:featuredmedia":[{"embeddable":true,"href":"https:\/\/arantv.az\/index.php?rest_route=\/wp\/v2\/media\/358107"}],"wp:attachment":[{"href":"https:\/\/arantv.az\/index.php?rest_route=%2Fwp%2Fv2%2Fmedia&parent=358106"}],"wp:term":[{"taxonomy":"category","embeddable":true,"href":"https:\/\/arantv.az\/index.php?rest_route=%2Fwp%2Fv2%2Fcategories&post=358106"},{"taxonomy":"post_tag","embeddable":true,"href":"https:\/\/arantv.az\/index.php?rest_route=%2Fwp%2Fv2%2Ftags&post=358106"}],"curies":[{"name":"wp","href":"https:\/\/api.w.org\/{rel}","templated":true}]}}