{"id":358267,"date":"2021-07-19T08:29:07","date_gmt":"2021-07-19T05:29:07","guid":{"rendered":"http:\/\/arantv.az\/?p=358267"},"modified":"2021-07-19T08:29:07","modified_gmt":"2021-07-19T05:29:07","slug":"az%c9%99rbaycan-prezidenti-%c9%99dal%c9%99tli-v%c9%99-sulhsev%c9%99r-siyas%c9%99t-yurudur-stepan-mesic","status":"publish","type":"post","link":"https:\/\/arantv.az\/?p=358267","title":{"rendered":"Az\u0259rbaycan Prezidenti \u0259dal\u0259tli v\u0259 s\u00fclhsev\u0259r siyas\u0259t y\u00fcr\u00fcd\u00fcr- Stepan Mesi\u00e7"},"content":{"rendered":"<p>Az\u0259rbaycanla Xorvatiya aras\u0131nda b\u00fct\u00fcn istiqam\u0259tl\u0259r \u00fczr\u0259 \u0259m\u0259kda\u015fl\u0131\u011f\u0131n geni\u015fl\u0259ndirilm\u0259si \u00fc\u00e7\u00fcn b\u00f6y\u00fck potensial var.<br \/>\n<strong>ARANTV.AZ\u00a0 x\u0259b\u0259r verir ki,<\/strong>\u00a0bunu Trend-\u0259 Xorvatiyan\u0131n sabiq prezidenti, Nizami G\u0259nc\u0259vi Beyn\u0259lxalq M\u0259rk\u0259zinin \u00fczv\u00fc Stepan Mesi\u00e7 deyib.<\/p>\n<p>O bildirib ki, bu, ilk n\u00f6vb\u0259d\u0259 \u00f6lk\u0259l\u0259rin siyasi irad\u0259sind\u0259n as\u0131l\u0131d\u0131r: &#8220;\u00d6lk\u0259l\u0259rimizin siyasi irad\u0259si var v\u0259 bu, d\u00f6vl\u0259t ba\u015f\u00e7\u0131lar\u0131 s\u0259viyy\u0259sind\u0259 \u0259ks olunur. Az\u0259rbaycan v\u0259 Xorvatiya strateji t\u0259r\u0259fda\u015fd\u0131r, bu da xalqlar aras\u0131nda etibarl\u0131 v\u0259 uzunm\u00fcdd\u0259tli m\u00fcnasib\u0259tl\u0259r qurma\u011fa imkan yarad\u0131r&#8221;.<\/p>\n<p>Sabiq prezident, h\u0259m\u00e7inin C\u0259nubi Qafqazda m\u00fcnaqi\u015f\u0259d\u0259n sonrak\u0131 v\u0259ziyy\u0259t\u0259 toxunub:<\/p>\n<p>&#8220;Az\u0259rbaycan \u00f6z \u0259razi b\u00fct\u00f6vl\u00fcy\u00fcn\u00fcn b\u0259rpa edib v\u0259 m\u00fcharib\u0259d\u0259n sonra \u0259sas m\u0259s\u0259l\u0259 xalqlar aras\u0131nda nifr\u0259t amilini aradan qald\u0131rmaqd\u0131r. D\u00f6vl\u0259tl\u0259rin siyas\u0259ti el\u0259 qurulmal\u0131d\u0131r ki, bu amil aradan qalxs\u0131n. Tarix\u0259n m\u00fc\u0259yy\u0259n \u00f6lk\u0259l\u0259r aras\u0131nda fikir ayr\u0131l\u0131qlar\u0131 m\u00f6vcud ola bil\u0259r, amma d\u00fczg\u00fcn d\u00f6vl\u0259t siyas\u0259ti s\u00fclh\u0259 g\u0259tirib \u00e7\u0131xara bil\u0259r. Az\u0259rbaycan Prezidenti \u0259dal\u0259tli v\u0259 s\u00fclhsev\u0259r siyas\u0259t y\u00fcr\u00fcd\u00fcr\u201d.<\/p>\n","protected":false},"excerpt":{"rendered":"<p>Az\u0259rbaycanla Xorvatiya aras\u0131nda b\u00fct\u00fcn istiqam\u0259tl\u0259r \u00fczr\u0259 \u0259m\u0259kda\u015fl\u0131\u011f\u0131n geni\u015fl\u0259ndirilm\u0259si \u00fc\u00e7\u00fcn b\u00f6y\u00fck potensial var. ARANTV.AZ\u00a0 x\u0259b\u0259r verir ki,\u00a0bunu Trend-\u0259 Xorvatiyan\u0131n sabiq prezidenti, Nizami G\u0259nc\u0259vi Beyn\u0259lxalq M\u0259rk\u0259zinin \u00fczv\u00fc Stepan Mesi\u00e7 deyib. O bildirib ki, bu, ilk n\u00f6vb\u0259d\u0259 \u00f6lk\u0259l\u0259rin siyasi irad\u0259sind\u0259n as\u0131l\u0131d\u0131r: &#8220;\u00d6lk\u0259l\u0259rimizin siyasi irad\u0259si var v\u0259 bu, d\u00f6vl\u0259t ba\u015f\u00e7\u0131lar\u0131 s\u0259viyy\u0259sind\u0259 \u0259ks olunur. Az\u0259rbaycan v\u0259 Xorvatiya strateji t\u0259r\u0259fda\u015fd\u0131r, bu da xalqlar aras\u0131nda etibarl\u0131 v\u0259 uzunm\u00fcdd\u0259tli m\u00fcnasib\u0259tl\u0259r qurma\u011fa imkan yarad\u0131r&#8221;. Sabiq prezident, h\u0259m\u00e7inin C\u0259nubi Qafqazda m\u00fcnaqi\u015f\u0259d\u0259n sonrak\u0131 v\u0259ziyy\u0259t\u0259 toxunub: &#8220;Az\u0259rbaycan \u00f6z \u0259razi b\u00fct\u00f6vl\u00fcy\u00fcn\u00fcn b\u0259rpa edib v\u0259 m\u00fcharib\u0259d\u0259n sonra \u0259sas m\u0259s\u0259l\u0259 xalqlar aras\u0131nda nifr\u0259t amilini aradan&hellip;<\/p>\n","protected":false},"author":2,"featured_media":358268,"comment_status":"closed","ping_status":"closed","sticky":false,"template":"","format":"standard","meta":{"om_disable_all_campaigns":false,"_monsterinsights_skip_tracking":false,"_monsterinsights_sitenote_active":false,"_monsterinsights_sitenote_note":"","_monsterinsights_sitenote_category":0},"categories":[4],"tags":[],"aioseo_notices":[],"gutentor_comment":0,"rttpg_featured_image_url":{"full":["https:\/\/arantv.az\/wp-content\/uploads\/2021\/07\/c480540d162666843374623711910767667.jpg",975,540,false],"landscape":["https:\/\/arantv.az\/wp-content\/uploads\/2021\/07\/c480540d162666843374623711910767667.jpg",975,540,false],"portraits":["https:\/\/arantv.az\/wp-content\/uploads\/2021\/07\/c480540d162666843374623711910767667.jpg",975,540,false],"thumbnail":["https:\/\/arantv.az\/wp-content\/uploads\/2021\/07\/c480540d162666843374623711910767667-500x280.jpg",500,280,true],"medium":["https:\/\/arantv.az\/wp-content\/uploads\/2021\/07\/c480540d162666843374623711910767667-660x365.jpg",660,365,true],"large":["https:\/\/arantv.az\/wp-content\/uploads\/2021\/07\/c480540d162666843374623711910767667-840x465.jpg",640,354,true],"1536x1536":["https:\/\/arantv.az\/wp-content\/uploads\/2021\/07\/c480540d162666843374623711910767667.jpg",975,540,false],"2048x2048":["https:\/\/arantv.az\/wp-content\/uploads\/2021\/07\/c480540d162666843374623711910767667.jpg",975,540,false],"post-thumbnail":["https:\/\/arantv.az\/wp-content\/uploads\/2021\/07\/c480540d162666843374623711910767667-240x172.jpg",240,172,true],"advps-thumb-one":["https:\/\/arantv.az\/wp-content\/uploads\/2021\/07\/c480540d162666843374623711910767667.jpg",975,540,false]},"rttpg_author":{"display_name":"V\u00fcsal Rafiqo\u011flu","author_link":"https:\/\/arantv.az\/?author=2"},"rttpg_comment":0,"rttpg_category":"<a href=\"https:\/\/arantv.az\/?cat=4\" rel=\"category\">Siyas\u0259t<\/a>","rttpg_excerpt":"Az\u0259rbaycanla Xorvatiya aras\u0131nda b\u00fct\u00fcn istiqam\u0259tl\u0259r \u00fczr\u0259 \u0259m\u0259kda\u015fl\u0131\u011f\u0131n geni\u015fl\u0259ndirilm\u0259si \u00fc\u00e7\u00fcn b\u00f6y\u00fck potensial var. ARANTV.AZ\u00a0 x\u0259b\u0259r verir ki,\u00a0bunu Trend-\u0259 Xorvatiyan\u0131n sabiq prezidenti, Nizami G\u0259nc\u0259vi Beyn\u0259lxalq M\u0259rk\u0259zinin \u00fczv\u00fc Stepan Mesi\u00e7 deyib. O bildirib ki, bu, ilk n\u00f6vb\u0259d\u0259 \u00f6lk\u0259l\u0259rin siyasi irad\u0259sind\u0259n as\u0131l\u0131d\u0131r: &#8220;\u00d6lk\u0259l\u0259rimizin siyasi irad\u0259si var v\u0259 bu, d\u00f6vl\u0259t ba\u015f\u00e7\u0131lar\u0131 s\u0259viyy\u0259sind\u0259 \u0259ks olunur. Az\u0259rbaycan v\u0259 Xorvatiya strateji t\u0259r\u0259fda\u015fd\u0131r, bu&hellip;","_links":{"self":[{"href":"https:\/\/arantv.az\/index.php?rest_route=\/wp\/v2\/posts\/358267"}],"collection":[{"href":"https:\/\/arantv.az\/index.php?rest_route=\/wp\/v2\/posts"}],"about":[{"href":"https:\/\/arantv.az\/index.php?rest_route=\/wp\/v2\/types\/post"}],"author":[{"embeddable":true,"href":"https:\/\/arantv.az\/index.php?rest_route=\/wp\/v2\/users\/2"}],"replies":[{"embeddable":true,"href":"https:\/\/arantv.az\/index.php?rest_route=%2Fwp%2Fv2%2Fcomments&post=358267"}],"version-history":[{"count":0,"href":"https:\/\/arantv.az\/index.php?rest_route=\/wp\/v2\/posts\/358267\/revisions"}],"wp:featuredmedia":[{"embeddable":true,"href":"https:\/\/arantv.az\/index.php?rest_route=\/wp\/v2\/media\/358268"}],"wp:attachment":[{"href":"https:\/\/arantv.az\/index.php?rest_route=%2Fwp%2Fv2%2Fmedia&parent=358267"}],"wp:term":[{"taxonomy":"category","embeddable":true,"href":"https:\/\/arantv.az\/index.php?rest_route=%2Fwp%2Fv2%2Fcategories&post=358267"},{"taxonomy":"post_tag","embeddable":true,"href":"https:\/\/arantv.az\/index.php?rest_route=%2Fwp%2Fv2%2Ftags&post=358267"}],"curies":[{"name":"wp","href":"https:\/\/api.w.org\/{rel}","templated":true}]}}