{"id":358289,"date":"2021-07-19T09:03:22","date_gmt":"2021-07-19T06:03:22","guid":{"rendered":"http:\/\/arantv.az\/?p=358289"},"modified":"2021-07-19T09:03:22","modified_gmt":"2021-07-19T06:03:22","slug":"kamal%c9%99ddin-qafarov-qurban-bayrami-f%c9%99ls%c9%99f%c9%99si-f%c9%99dakarliq-v%c9%99-insana-sevgi-orn%c9%99yidir","status":"publish","type":"post","link":"https:\/\/arantv.az\/?p=358289","title":{"rendered":"Kamal\u0259ddin Qafarov: \u201c Qurban bayram\u0131 f\u0259ls\u0259f\u0259si f\u0259dakarl\u0131q v\u0259 insana sevgi \u00f6rn\u0259yidir\u201d"},"content":{"rendered":"<p>&#8220;Qurban bayram\u0131 b\u00fct\u00fcn \u0130slam d\u00fcnyas\u0131n\u0131n \u0259n m\u00fcq\u0259dd\u0259s iki bayram\u0131ndan biridir. Buna g\u00f6r\u0259 d\u0259 bu bayram art\u0131q bir ne\u00e7\u0259 \u0259srdir ki, b\u00fct\u00fcn m\u00fcs\u0259lman \u00f6lk\u0259l\u0259rind\u0259 b\u00f6y\u00fck co\u015fqu il\u0259 qeyd olunur. Az\u0259rbaycan m\u00fcst\u0259qillik \u0259ld\u0259 etdikd\u0259n sonra Qurban bayram\u0131 \u00f6lk\u0259mizd\u0259 d\u0259 d\u00f6vl\u0259t s\u0259viyy\u0259sind\u0259 qeyd edilir. H\u0259r il Az\u0259rbaycan xalq\u0131n\u0131 Qurban bayram\u0131 m\u00fcnasib\u0259til\u0259 t\u0259brik ed\u0259n \u00f6lk\u0259 Prezidenti c\u0259nab \u0130lham \u018fliyev bu m\u00fcraci\u0259tl\u0259rind\u0259n birind\u0259 bel\u0259 demi\u015fdir: &#8220;Qurban m\u0259rasimi Uca Yaradana m\u0259h\u0259bb\u0259t v\u0259 ita\u0259t, y\u00fcks\u0259k m\u0259n\u0259vi-\u0259xlaqi d\u0259y\u0259rl\u0259r\u0259 h\u00f6rm\u0259t, h\u0259r bir b\u0259\u015f\u0259r \u00f6vlad\u0131na m\u0259rh\u0259m\u0259t v\u0259 d\u00f6z\u00fcml\u00fcl\u00fck t\u0259lqin ed\u0259n \u0130slam dininin insanlar \u00fc\u00e7\u00fcn hiday\u0259t yolu se\u00e7ilm\u0259si il\u0259 \u0259lam\u0259tdard\u0131r. Bu m\u00fcbar\u0259k bayram b\u00fct\u00fcn d\u00fcnya m\u00fcs\u0259lmanlar\u0131n\u0131n m\u0259n\u0259vi-ruhi birliyini, \u0259m\u0259lisaleh insanlar\u0131n Tanr\u0131 sevgisini v\u0259 haqq-\u0259dal\u0259t namin\u0259 h\u0259r c\u00fcr f\u0259dakarl\u0131\u011fa haz\u0131r olmalar\u0131n\u0131 t\u0259c\u0259ss\u00fcm etdirir.&#8221;<\/p>\n<p>M\u00fct\u0259r\u0259qqi islami d\u0259y\u0259rl\u0259r\u0259 ba\u011fl\u0131l\u0131\u011f\u0131 il\u0259 se\u00e7il\u0259n Az\u0259rbaycan xalq\u0131 \u0259srl\u0259r boyu, h\u0259tta \u0259n m\u00fcr\u0259kk\u0259b d\u00f6vrl\u0259rd\u0259 Qurban bayram\u0131n\u0131 \u00f6z\u00fcn\u00fcn \u0259n \u0259ziz g\u00fcnl\u0259rind\u0259n biri kimi qoruyub saxlay\u0131b v\u0259 bu g\u00fcn\u00fcm\u00fcz\u0259 g\u0259tirib.&#8221; Bu s\u00f6zl\u0259ri m\u0259tbuata verdiyi a\u00e7\u0131qlamas\u0131nda Az\u0259rbaycan Respublikas\u0131 Milli M\u0259clisinin deputat\u0131 Kamal\u0259ddin Qafarov deyib.<\/p>\n<p>Mill\u0259t v\u0259kili bildirib ki, b\u00fct\u00fcn d\u00fcnya m\u00fcs\u0259lmanlar\u0131n\u0131n h\u0259mr\u0259ylik v\u0259 qarda\u015fl\u0131q r\u0259mzi olan Qurban bayram\u0131n\u0131n \u00f6lk\u0259mizd\u0259 d\u00f6vl\u0259t s\u0259viyy\u0259sind\u0259 qeyd olunmas\u0131 xalqla d\u00f6vl\u0259tin birliyini, Az\u0259rbaycan xalq\u0131n\u0131n \u00f6z milli v\u0259 dini \u0259n\u0259n\u0259l\u0259rin\u0259 sadiq oldu\u011funu d\u00fcnyaya n\u00fcmayi\u015f etdirir: &#8220;Az\u0259rbaycan xalq\u0131 m\u00fcq\u0259dd\u0259s dinimizin humanizm, b\u0259rab\u0259rlik v\u0259 qarda\u015fl\u0131q prinsipl\u0259rin\u0259 s\u0259daq\u0259tini h\u0259mi\u015f\u0259 n\u00fcmayi\u015f etdirib. H\u0259l\u0259 sovet d\u00f6n\u0259mind\u0259, ist\u0259nil\u0259n dini m\u0259rasiml\u0259r\u0259 qar\u015f\u0131 \u0259n a\u011f\u0131r qada\u011falar\u0131n h\u00f6km s\u00fcrd\u00fcy\u00fc bir d\u00f6vrd\u0259 d\u0259 xalq\u0131m\u0131z Qurban bayram\u0131n\u0131 qeyd etmi\u015fdir. Az\u0259rbaycan \u00f6z\u00fcn\u00fcn d\u00f6vl\u0259t m\u00fcst\u0259qilliyini b\u0259rpa etdikd\u0259n sonra bu g\u00fcn\u00fcn m\u00fcs\u0259lman \u0259hali t\u0259r\u0259find\u0259n layiqinc\u0259 bayram edilm\u0259si \u00fc\u00e7\u00fcn \u0259lveri\u015fli \u015f\u0259rait yaranm\u0131\u015fd\u0131r. Bu bayram Az\u0259rbaycanda tolerantl\u0131\u011f\u0131n t\u0259nt\u0259n\u0259sin\u0259 \u00e7evrilmi\u015fdir. Son d\u0259r\u0259c\u0259 t\u0259qdir\u0259layiq bir hald\u0131r ki, m\u00fcxt\u0259lif dini konfessiyalar\u0131n n\u00fcmay\u0259nd\u0259l\u0259ri d\u0259 bu bayram g\u00fcn\u00fcnd\u0259 vahid Az\u0259rbaycan xalq\u0131n\u0131n birlik v\u0259 qarda\u015fl\u0131\u011f\u0131n\u0131 n\u00fcmayi\u015f etdirir, m\u00fcs\u0259lman dostlar\u0131n\u0131 t\u0259brik edirl\u0259r. Bu, Az\u0259rbaycan xalq\u0131n\u0131n m\u0259n\u0259vi birliyinin \u0259n ali t\u0259zah\u00fcrl\u0259rind\u0259n biridir.<\/p>\n<p>Y\u00fcz ill\u0259rdir ki, ayr\u0131-ayr\u0131 xalqlar\u0131n v\u0259 dinl\u0259rin m\u0259nsublar\u0131 Az\u0259rbaycanda mehriban ail\u0259 kimi ya\u015fay\u0131rlar. Bu g\u00fcn is\u0259 \u00f6lk\u0259mizd\u0259 tarix\u0259n m\u00f6vcud olan v\u0259 qar\u015f\u0131l\u0131ql\u0131 h\u00f6rm\u0259t v\u0259 etimad prinsipl\u0259rin\u0259 \u0259saslanan n\u00fcmun\u0259vi birg\u0259ya\u015fay\u0131\u015f m\u00fchiti Az\u0259rbaycan d\u00f6vl\u0259ti t\u0259r\u0259find\u0259n h\u0259yata ke\u00e7iril\u0259n milli siyas\u0259t say\u0259sind\u0259 daha da geni\u015fl\u0259nir, inki\u015faf edir v\u0259 m\u00f6hk\u0259ml\u0259nir. \u00d6lk\u0259mizd\u0259 ya\u015fayan \u00e7oxsayl\u0131 mill\u0259tl\u0259rin etnik-m\u0259d\u0259ni m\u00fcxt\u0259lifliyinin qorunub saxlanmas\u0131na xidm\u0259t ed\u0259n bu siyas\u0259t eyni zamanda da milli h\u0259mr\u0259yliyin v\u0259 birliyimizin \u0259n y\u00fcks\u0259k s\u0259viyy\u0259d\u0259 m\u00f6vcudlu\u011funu t\u0259min edir. H\u0259r il \u00f6lk\u0259mizd\u0259 r\u0259smi \u015f\u0259kild\u0259 qeyd edil\u0259n dini bayramlar m\u00fct\u0259r\u0259qqi milli-m\u0259n\u0259vi d\u0259y\u0259rl\u0259rin, sosial yard\u0131mla\u015fman\u0131n v\u0259 xeyirxahl\u0131q duy\u011fular\u0131n\u0131n t\u0259nt\u0259n\u0259sin\u0259 \u00e7evrilir, c\u0259miyy\u0259timizd\u0259 birlik v\u0259 b\u0259rab\u0259rlik ovqat\u0131n\u0131 daha da g\u00fccl\u0259ndirir. \u00d6z \u00e7\u0131x\u0131\u015flar\u0131n\u0131n birind\u0259 \u00d6lk\u0259 Prezidenti c\u0259nab \u0130lham \u018fliyev demi\u015fdir: &#8220;Az\u0259rbaycanda multikulturalizm d\u00f6vl\u0259t siyas\u0259tinin prioritetl\u0259rind\u0259n biridir, milli v\u0259 dini tolerantl\u0131q y\u00fcks\u0259k d\u0259r\u0259c\u0259d\u0259 t\u0259min edilir&#8221;. H\u0259qiq\u0259t\u0259n d\u0259 \u00f6lk\u0259mizd\u0259 b\u00fct\u00fcn xalqlar\u0131n v\u0259 dini icmalar\u0131n n\u00fcmay\u0259nd\u0259l\u0259ri tarix\u0259n dinc yana\u015f\u0131 ya\u015fay\u0131blar v\u0259 bu \u0259n\u0259n\u0259l\u0259r \u00e7ox\u0259srlik tarix\u0259 malikdir. Bu g\u00fcn d\u0259 bu tendensiya u\u011furla davam etdirilir.&#8221;<\/p>\n<p>Mill\u0259t v\u0259kili Kamal\u0259ddin Qafarov qeyd edib ki, bu g\u00fcn \u00f6lk\u0259mizd\u0259 dini bayramlarla ba\u011fl\u0131 \u0259n\u0259n\u0259l\u0259rin davaml\u0131l\u0131\u011f\u0131 v\u0259 inki\u015faf\u0131 birba\u015fa siyasi varislik xarakteri da\u015f\u0131y\u0131r: &#8220;M\u00fcst\u0259qil Az\u0259rbaycana \u0259hb\u0259rlik etdiyi ill\u0259rd\u0259 \u00fcmummilli lider Heyd\u0259r \u018fliyev h\u0259r il \u00f6lk\u0259mizd\u0259 qeyd edil\u0259n dini bayramlar m\u00fcnasib\u0259til\u0259 xalq\u0131m\u0131z\u0131 t\u0259brik edir, o c\u00fcml\u0259d\u0259n Qurban bayram\u0131n\u0131 tez-tez m\u0259cburi k\u00f6\u00e7k\u00fcn soyda\u015flar\u0131m\u0131zla birg\u0259 ke\u00e7irirdi. Bu g\u00fcn Az\u0259rbaycan art\u0131q \u00f6z v\u0259t\u0259nda\u015flar\u0131n\u0131n k\u00f6\u00e7k\u00fcn statusuna son qoymu\u015fdur. Lakin xalq\u0131 bayram m\u00fcnasib\u0259til\u0259 t\u0259brik etm\u0259k \u0259n\u0259n\u0259si \u00d6lk\u0259 Prezidenti c\u0259nab \u0130lham \u018fliyev t\u0259r\u0259find\u0259n layiqinc\u0259 davam etdirilir. H\u0259r il Prezident \u0130lham \u018fliyevin Az\u0259rbaycan xalq\u0131na bayram t\u0259briki \u00fcnvanlan\u0131r v\u0259 xo\u015f arzular\u0131 \u00e7atd\u0131r\u0131l\u0131r. Az\u0259rbaycan xalq\u0131n\u0131n dini d\u0259y\u0259rl\u0259rin\u0259 b\u00f6y\u00fck ehtiram g\u00f6st\u0259r\u0259n Prezident \u0130lham \u018fliyev 2017-ci ili Az\u0259rbaycan Respublikas\u0131nda &#8220;\u0130slam H\u0259mr\u0259yliyi \u0130li&#8221; elan etmi\u015fdi.<\/p>\n<p>Qeyd etm\u0259k laz\u0131md\u0131r ki, Az\u0259rbaycan m\u00fcs\u0259lman d\u00fcnyas\u0131n\u0131n ayr\u0131lmaz par\u00e7as\u0131 kimi tarix boyu \u0130slam m\u0259d\u0259niyy\u0259tinin inki\u015faf\u0131na, tolerantl\u0131q m\u00fchitinin t\u0259\u015f\u0259kk\u00fcl tapmas\u0131na, multikulturalizmin, m\u0259d\u0259niyy\u0259tl\u0259raras\u0131 v\u0259 sivilizasiyalararas\u0131 dialoqun qurulmas\u0131na, islam d\u0259y\u0259rl\u0259rinin d\u00fcnyada t\u0259bli\u011fin\u0259 misilsiz t\u00f6hf\u0259l\u0259r b\u0259x\u015f etmi\u015fdir. Az\u0259rbaycan\u0131n \u0130slam al\u0259mind\u0259 qazand\u0131\u011f\u0131 n\u00fcfuz 2009-cu ild\u0259 Bak\u0131 v\u0259 2018-ci ild\u0259 Nax\u00e7\u0131van \u015f\u0259h\u0259rl\u0259rinin \u0130slam m\u0259d\u0259niyy\u0259tinin paytaxt\u0131 elan olunmas\u0131nda \u00f6z ifad\u0259sini tapm\u0131\u015fd\u0131r. IV \u0130slam H\u0259mr\u0259yliyi Oyunlar\u0131n\u0131n 2017-ci ild\u0259 Bak\u0131 \u015f\u0259h\u0259rind\u0259 ke\u00e7irilm\u0259si is\u0259 \u00f6lk\u0259mizin \u0130slam h\u0259mr\u0259yliyinin m\u00f6hk\u0259ml\u0259ndirilm\u0259si sah\u0259sind\u0259 atd\u0131\u011f\u0131 n\u00f6vb\u0259ti \u0259m\u0259li add\u0131mlardan biri olmu\u015fdur.&#8221;<\/p>\n<p>Kamal\u0259ddin Qafarov Az\u0259rbaycan\u0131n tarixi Z\u0259f\u0259rl\u0259 ba\u015fa vurdu\u011fu V\u0259t\u0259n m\u00fcharib\u0259sinin mahiyy\u0259tind\u0259 m\u0259hz Qurban bayram\u0131 f\u0259ls\u0259f\u0259sinin d\u0259 apar\u0131c\u0131 yerl\u0259rd\u0259n birini tutdu\u011funu vur\u011fulayaraq bunlar\u0131 deyib: &#8220;Qurban bayram\u0131n\u0131n f\u0259ls\u0259f\u0259sinin \u0259sas\u0131nda m\u00fcs\u0259lmanlar\u0131n Allah yolunda h\u0259r bir f\u0259dakarl\u0131\u011fa haz\u0131r olmalar\u0131n\u0131n n\u00fcmayi\u015fi durur. M\u00fcz\u0259ff\u0259r Ali Ba\u015f Komandan c\u0259nab \u0130lham \u018fliyevin r\u0259hb\u0259rliyi alt\u0131nda Az\u0259rbaycan xalq\u0131n\u0131n tarixi z\u0259f\u0259rl\u0259 ba\u015fa vurdu\u011fu V\u0259t\u0259n m\u00fcharib\u0259sinin mahiyy\u0259tind\u0259 d\u0259 bu f\u0259ls\u0259f\u0259 \u00f6z\u00fcn\u00fc \u0259n qabar\u0131q \u015f\u0259kild\u0259 b\u00fcruz\u0259 vermi\u015fdir&#8221;.<\/p>\n","protected":false},"excerpt":{"rendered":"<p>&#8220;Qurban bayram\u0131 b\u00fct\u00fcn \u0130slam d\u00fcnyas\u0131n\u0131n \u0259n m\u00fcq\u0259dd\u0259s iki bayram\u0131ndan biridir. Buna g\u00f6r\u0259 d\u0259 bu bayram art\u0131q bir ne\u00e7\u0259 \u0259srdir ki, b\u00fct\u00fcn m\u00fcs\u0259lman \u00f6lk\u0259l\u0259rind\u0259 b\u00f6y\u00fck co\u015fqu il\u0259 qeyd olunur. Az\u0259rbaycan m\u00fcst\u0259qillik \u0259ld\u0259 etdikd\u0259n sonra Qurban bayram\u0131 \u00f6lk\u0259mizd\u0259 d\u0259 d\u00f6vl\u0259t s\u0259viyy\u0259sind\u0259 qeyd edilir. H\u0259r il Az\u0259rbaycan xalq\u0131n\u0131 Qurban bayram\u0131 m\u00fcnasib\u0259til\u0259 t\u0259brik ed\u0259n \u00f6lk\u0259 Prezidenti c\u0259nab \u0130lham \u018fliyev bu m\u00fcraci\u0259tl\u0259rind\u0259n birind\u0259 bel\u0259 demi\u015fdir: &#8220;Qurban m\u0259rasimi Uca Yaradana m\u0259h\u0259bb\u0259t v\u0259 ita\u0259t, y\u00fcks\u0259k m\u0259n\u0259vi-\u0259xlaqi d\u0259y\u0259rl\u0259r\u0259 h\u00f6rm\u0259t, h\u0259r bir b\u0259\u015f\u0259r \u00f6vlad\u0131na m\u0259rh\u0259m\u0259t v\u0259 d\u00f6z\u00fcml\u00fcl\u00fck t\u0259lqin ed\u0259n \u0130slam dininin insanlar \u00fc\u00e7\u00fcn hiday\u0259t yolu se\u00e7ilm\u0259si il\u0259 \u0259lam\u0259tdard\u0131r. Bu&hellip;<\/p>\n","protected":false},"author":2,"featured_media":358290,"comment_status":"closed","ping_status":"closed","sticky":false,"template":"","format":"standard","meta":{"om_disable_all_campaigns":false,"_monsterinsights_skip_tracking":false,"_monsterinsights_sitenote_active":false,"_monsterinsights_sitenote_note":"","_monsterinsights_sitenote_category":0},"categories":[26],"tags":[],"aioseo_notices":[],"gutentor_comment":0,"rttpg_featured_image_url":{"full":["https:\/\/arantv.az\/wp-content\/uploads\/2021\/07\/926764.jpg",800,600,false],"landscape":["https:\/\/arantv.az\/wp-content\/uploads\/2021\/07\/926764.jpg",800,600,false],"portraits":["https:\/\/arantv.az\/wp-content\/uploads\/2021\/07\/926764.jpg",800,600,false],"thumbnail":["https:\/\/arantv.az\/wp-content\/uploads\/2021\/07\/926764-500x280.jpg",500,280,true],"medium":["https:\/\/arantv.az\/wp-content\/uploads\/2021\/07\/926764-487x365.jpg",487,365,true],"large":["https:\/\/arantv.az\/wp-content\/uploads\/2021\/07\/926764.jpg",640,480,false],"1536x1536":["https:\/\/arantv.az\/wp-content\/uploads\/2021\/07\/926764.jpg",800,600,false],"2048x2048":["https:\/\/arantv.az\/wp-content\/uploads\/2021\/07\/926764.jpg",800,600,false],"post-thumbnail":["https:\/\/arantv.az\/wp-content\/uploads\/2021\/07\/926764-240x172.jpg",240,172,true],"advps-thumb-one":["https:\/\/arantv.az\/wp-content\/uploads\/2021\/07\/926764.jpg",800,600,false]},"rttpg_author":{"display_name":"V\u00fcsal Rafiqo\u011flu","author_link":"https:\/\/arantv.az\/?author=2"},"rttpg_comment":0,"rttpg_category":"<a href=\"https:\/\/arantv.az\/?cat=26\" rel=\"category\">Sosial<\/a>","rttpg_excerpt":"&#8220;Qurban bayram\u0131 b\u00fct\u00fcn \u0130slam d\u00fcnyas\u0131n\u0131n \u0259n m\u00fcq\u0259dd\u0259s iki bayram\u0131ndan biridir. Buna g\u00f6r\u0259 d\u0259 bu bayram art\u0131q bir ne\u00e7\u0259 \u0259srdir ki, b\u00fct\u00fcn m\u00fcs\u0259lman \u00f6lk\u0259l\u0259rind\u0259 b\u00f6y\u00fck co\u015fqu il\u0259 qeyd olunur. Az\u0259rbaycan m\u00fcst\u0259qillik \u0259ld\u0259 etdikd\u0259n sonra Qurban bayram\u0131 \u00f6lk\u0259mizd\u0259 d\u0259 d\u00f6vl\u0259t s\u0259viyy\u0259sind\u0259 qeyd edilir. H\u0259r il Az\u0259rbaycan xalq\u0131n\u0131 Qurban bayram\u0131 m\u00fcnasib\u0259til\u0259 t\u0259brik ed\u0259n \u00f6lk\u0259 Prezidenti c\u0259nab \u0130lham \u018fliyev&hellip;","_links":{"self":[{"href":"https:\/\/arantv.az\/index.php?rest_route=\/wp\/v2\/posts\/358289"}],"collection":[{"href":"https:\/\/arantv.az\/index.php?rest_route=\/wp\/v2\/posts"}],"about":[{"href":"https:\/\/arantv.az\/index.php?rest_route=\/wp\/v2\/types\/post"}],"author":[{"embeddable":true,"href":"https:\/\/arantv.az\/index.php?rest_route=\/wp\/v2\/users\/2"}],"replies":[{"embeddable":true,"href":"https:\/\/arantv.az\/index.php?rest_route=%2Fwp%2Fv2%2Fcomments&post=358289"}],"version-history":[{"count":0,"href":"https:\/\/arantv.az\/index.php?rest_route=\/wp\/v2\/posts\/358289\/revisions"}],"wp:featuredmedia":[{"embeddable":true,"href":"https:\/\/arantv.az\/index.php?rest_route=\/wp\/v2\/media\/358290"}],"wp:attachment":[{"href":"https:\/\/arantv.az\/index.php?rest_route=%2Fwp%2Fv2%2Fmedia&parent=358289"}],"wp:term":[{"taxonomy":"category","embeddable":true,"href":"https:\/\/arantv.az\/index.php?rest_route=%2Fwp%2Fv2%2Fcategories&post=358289"},{"taxonomy":"post_tag","embeddable":true,"href":"https:\/\/arantv.az\/index.php?rest_route=%2Fwp%2Fv2%2Ftags&post=358289"}],"curies":[{"name":"wp","href":"https:\/\/api.w.org\/{rel}","templated":true}]}}