{"id":358296,"date":"2021-07-19T09:10:15","date_gmt":"2021-07-19T06:10:15","guid":{"rendered":"http:\/\/arantv.az\/?p=358296"},"modified":"2021-07-19T09:10:15","modified_gmt":"2021-07-19T06:10:15","slug":"sarl-misel-gurcustana-getdi","status":"publish","type":"post","link":"https:\/\/arantv.az\/?p=358296","title":{"rendered":"\u015earl Mi\u015fel G\u00fcrc\u00fcstana getdi"},"content":{"rendered":"<p>Avropa \u0130ttifaq\u0131 (A\u0130) \u015euras\u0131n\u0131n Prezidenti \u015earl Mi\u015fel G\u00fcrc\u00fcstana s\u0259f\u0259r edib.<\/p>\n<p><strong>ARANTV.AZ x\u0259b\u0259r verir ki,<\/strong>\u00a0\u015e. Mi\u015felin t\u0259yyar\u0259si Batumi Beyn\u0259lxalq hava liman\u0131nda yer\u0259 enib.<\/p>\n<p>M\u0259lumata \u0259sas\u0259n, \u015earl Mi\u015feli hava liman\u0131nda bir ne\u00e7\u0259 g\u00fcrc\u00fc jurnalist qar\u015f\u0131lay\u0131b. Jurnalistl\u0259r hava liman\u0131na \u00fcz\u0259rind\u0259 bu yax\u0131nlarda d\u00fcnyas\u0131n\u0131n d\u0259yi\u015fmi\u015f operator Lekso La\u015fkaravan\u0131n \u015f\u0259kili oldu\u011fu plakatlarla g\u0259libl\u0259r.<\/p>\n<p>Bildirilir ki, onlar\u0131n m\u0259qs\u0259di \u015earl Mi\u015felin diqq\u0259tini G\u00fcrc\u00fcstanda m\u00fcxalif K\u0130V-\u0259 qar\u015f\u0131 t\u0259zyiql\u0259r\u0259 v\u0259 Tbilisid\u0259 iyulun 5\u2013i ba\u015f ver\u0259n hadis\u0259l\u0259r\u0259 \u00e7\u0259km\u0259k olub.<\/p>\n<p>Qeyd ed\u0259k ki, bu \u015earl Mi\u015felin bu il G\u00fcrc\u00fcstana etdiyi \u00fc\u00e7\u00fcnc\u00fc s\u0259f\u0259rdir. Mi\u015fel G\u00fcrc\u00fcstana s\u0259f\u0259rd\u0259n \u0259vv\u0259l Erm\u0259nistan v\u0259 Az\u0259rbaycana da s\u0259f\u0259r edib.<\/p>\n","protected":false},"excerpt":{"rendered":"<p>Avropa \u0130ttifaq\u0131 (A\u0130) \u015euras\u0131n\u0131n Prezidenti \u015earl Mi\u015fel G\u00fcrc\u00fcstana s\u0259f\u0259r edib. ARANTV.AZ x\u0259b\u0259r verir ki,\u00a0\u015e. Mi\u015felin t\u0259yyar\u0259si Batumi Beyn\u0259lxalq hava liman\u0131nda yer\u0259 enib. M\u0259lumata \u0259sas\u0259n, \u015earl Mi\u015feli hava liman\u0131nda bir ne\u00e7\u0259 g\u00fcrc\u00fc jurnalist qar\u015f\u0131lay\u0131b. Jurnalistl\u0259r hava liman\u0131na \u00fcz\u0259rind\u0259 bu yax\u0131nlarda d\u00fcnyas\u0131n\u0131n d\u0259yi\u015fmi\u015f operator Lekso La\u015fkaravan\u0131n \u015f\u0259kili oldu\u011fu plakatlarla g\u0259libl\u0259r. Bildirilir ki, onlar\u0131n m\u0259qs\u0259di \u015earl Mi\u015felin diqq\u0259tini G\u00fcrc\u00fcstanda m\u00fcxalif K\u0130V-\u0259 qar\u015f\u0131 t\u0259zyiql\u0259r\u0259 v\u0259 Tbilisid\u0259 iyulun 5\u2013i ba\u015f ver\u0259n hadis\u0259l\u0259r\u0259 \u00e7\u0259km\u0259k olub. Qeyd ed\u0259k ki, bu \u015earl Mi\u015felin bu il G\u00fcrc\u00fcstana etdiyi \u00fc\u00e7\u00fcnc\u00fc s\u0259f\u0259rdir. Mi\u015fel G\u00fcrc\u00fcstana s\u0259f\u0259rd\u0259n \u0259vv\u0259l Erm\u0259nistan v\u0259 Az\u0259rbaycana da s\u0259f\u0259r&hellip;<\/p>\n","protected":false},"author":2,"featured_media":358297,"comment_status":"closed","ping_status":"closed","sticky":false,"template":"","format":"standard","meta":{"om_disable_all_campaigns":false,"_monsterinsights_skip_tracking":false,"_monsterinsights_sitenote_active":false,"_monsterinsights_sitenote_note":"","_monsterinsights_sitenote_category":0},"categories":[4],"tags":[],"aioseo_notices":[],"gutentor_comment":0,"rttpg_featured_image_url":{"full":["https:\/\/arantv.az\/wp-content\/uploads\/2021\/07\/162d1815162667447171455553610027983.jpg",975,540,false],"landscape":["https:\/\/arantv.az\/wp-content\/uploads\/2021\/07\/162d1815162667447171455553610027983.jpg",975,540,false],"portraits":["https:\/\/arantv.az\/wp-content\/uploads\/2021\/07\/162d1815162667447171455553610027983.jpg",975,540,false],"thumbnail":["https:\/\/arantv.az\/wp-content\/uploads\/2021\/07\/162d1815162667447171455553610027983-500x280.jpg",500,280,true],"medium":["https:\/\/arantv.az\/wp-content\/uploads\/2021\/07\/162d1815162667447171455553610027983-660x365.jpg",660,365,true],"large":["https:\/\/arantv.az\/wp-content\/uploads\/2021\/07\/162d1815162667447171455553610027983-840x465.jpg",640,354,true],"1536x1536":["https:\/\/arantv.az\/wp-content\/uploads\/2021\/07\/162d1815162667447171455553610027983.jpg",975,540,false],"2048x2048":["https:\/\/arantv.az\/wp-content\/uploads\/2021\/07\/162d1815162667447171455553610027983.jpg",975,540,false],"post-thumbnail":["https:\/\/arantv.az\/wp-content\/uploads\/2021\/07\/162d1815162667447171455553610027983-240x172.jpg",240,172,true],"advps-thumb-one":["https:\/\/arantv.az\/wp-content\/uploads\/2021\/07\/162d1815162667447171455553610027983.jpg",975,540,false]},"rttpg_author":{"display_name":"V\u00fcsal Rafiqo\u011flu","author_link":"https:\/\/arantv.az\/?author=2"},"rttpg_comment":0,"rttpg_category":"<a href=\"https:\/\/arantv.az\/?cat=4\" rel=\"category\">Siyas\u0259t<\/a>","rttpg_excerpt":"Avropa \u0130ttifaq\u0131 (A\u0130) \u015euras\u0131n\u0131n Prezidenti \u015earl Mi\u015fel G\u00fcrc\u00fcstana s\u0259f\u0259r edib. ARANTV.AZ x\u0259b\u0259r verir ki,\u00a0\u015e. Mi\u015felin t\u0259yyar\u0259si Batumi Beyn\u0259lxalq hava liman\u0131nda yer\u0259 enib. M\u0259lumata \u0259sas\u0259n, \u015earl Mi\u015feli hava liman\u0131nda bir ne\u00e7\u0259 g\u00fcrc\u00fc jurnalist qar\u015f\u0131lay\u0131b. Jurnalistl\u0259r hava liman\u0131na \u00fcz\u0259rind\u0259 bu yax\u0131nlarda d\u00fcnyas\u0131n\u0131n d\u0259yi\u015fmi\u015f operator Lekso La\u015fkaravan\u0131n \u015f\u0259kili oldu\u011fu plakatlarla g\u0259libl\u0259r. Bildirilir ki, onlar\u0131n m\u0259qs\u0259di \u015earl Mi\u015felin diqq\u0259tini&hellip;","_links":{"self":[{"href":"https:\/\/arantv.az\/index.php?rest_route=\/wp\/v2\/posts\/358296"}],"collection":[{"href":"https:\/\/arantv.az\/index.php?rest_route=\/wp\/v2\/posts"}],"about":[{"href":"https:\/\/arantv.az\/index.php?rest_route=\/wp\/v2\/types\/post"}],"author":[{"embeddable":true,"href":"https:\/\/arantv.az\/index.php?rest_route=\/wp\/v2\/users\/2"}],"replies":[{"embeddable":true,"href":"https:\/\/arantv.az\/index.php?rest_route=%2Fwp%2Fv2%2Fcomments&post=358296"}],"version-history":[{"count":0,"href":"https:\/\/arantv.az\/index.php?rest_route=\/wp\/v2\/posts\/358296\/revisions"}],"wp:featuredmedia":[{"embeddable":true,"href":"https:\/\/arantv.az\/index.php?rest_route=\/wp\/v2\/media\/358297"}],"wp:attachment":[{"href":"https:\/\/arantv.az\/index.php?rest_route=%2Fwp%2Fv2%2Fmedia&parent=358296"}],"wp:term":[{"taxonomy":"category","embeddable":true,"href":"https:\/\/arantv.az\/index.php?rest_route=%2Fwp%2Fv2%2Fcategories&post=358296"},{"taxonomy":"post_tag","embeddable":true,"href":"https:\/\/arantv.az\/index.php?rest_route=%2Fwp%2Fv2%2Ftags&post=358296"}],"curies":[{"name":"wp","href":"https:\/\/api.w.org\/{rel}","templated":true}]}}