{"id":358302,"date":"2021-07-19T09:30:55","date_gmt":"2021-07-19T06:30:55","guid":{"rendered":"http:\/\/arantv.az\/?p=358302"},"modified":"2021-07-19T09:30:55","modified_gmt":"2021-07-19T06:30:55","slug":"mudafi%c9%99-naziri-xidm%c9%99ti-musavir%c9%99-kecirib","status":"publish","type":"post","link":"https:\/\/arantv.az\/?p=358302","title":{"rendered":"M\u00fcdafi\u0259 naziri xidm\u0259ti m\u00fc\u015favir\u0259 ke\u00e7irib"},"content":{"rendered":"<p>\u0130yulun 19-da M\u00fcdafi\u0259 naziri general-polkovnik Zakir H\u0259s\u0259novun r\u0259hb\u0259rliyi il\u0259 M\u0259rk\u0259zi Komanda M\u0259nt\u0259q\u0259sind\u0259 xidm\u0259ti m\u00fc\u015favir\u0259 ke\u00e7irilib. M\u00fc\u015favir\u0259y\u0259 nazir m\u00fcavinl\u0259ri, qo\u015fun n\u00f6vl\u0259ri komandanlar\u0131, nazirliyin ba\u015f idar\u0259, idar\u0259 v\u0259 xidm\u0259t r\u0259isl\u0259ri, el\u0259c\u0259 d\u0259 videoba\u011flant\u0131 vasit\u0259sil\u0259 azad edilmi\u015f \u0259razil\u0259rd\u0259 dislokasiya olunan h\u0259rbi birlik v\u0259 birl\u0259\u015fm\u0259 komandirl\u0259ri, o c\u00fcml\u0259d\u0259n dig\u0259r m\u0259sul zabitl\u0259r d\u0259 c\u0259lb olunub.<\/p>\n<p>Bu bar\u0259d\u0259 M\u00fcdafi\u0259 Nazirliyi m\u0259lumat yay\u0131b.<\/p>\n<div id=\"AdviadNativeVideo0\" class=\"AdviadNativeVideo\"><\/div>\n<p>Az\u0259rbaycan Respublikas\u0131n\u0131n Prezidenti, Silahl\u0131 Q\u00fcvv\u0259l\u0259rin Ali Ba\u015f Komandan\u0131\u00a0\u0130lham \u018fliyevin s\u0259sl\u0259ndirdiyi &#8220;Art\u0131q m\u00fcharib\u0259 d\u00f6vr\u00fc arxada qal\u0131b. Amma buna baxmayaraq, biz m\u00fcharib\u0259y\u0259 h\u0259r an haz\u0131r\u0131q v\u0259 haz\u0131r olmal\u0131y\u0131q\u201d fikirl\u0259rini m\u00fc\u015favir\u0259 i\u015ftirak\u00e7\u0131lar\u0131na \u00e7atd\u0131ran M\u00fcdafi\u0259 naziri \u015f\u0259xsi hey\u0259tin m\u0259n\u0259vi-psixoloji v\u0259 d\u00f6y\u00fc\u015f haz\u0131rl\u0131\u011f\u0131 s\u0259viyy\u0259sinin y\u00fcks\u0259ldilm\u0259sinin vacibliyini qeyd edib. Nazir d\u00f6y\u00fc\u015f n\u00f6vb\u0259t\u00e7iliyin\u0259 c\u0259lb edil\u0259n h\u0259rbi qulluq\u00e7ular\u0131n say\u0131ql\u0131\u011f\u0131n\u0131n art\u0131r\u0131lmas\u0131, h\u0259m\u00e7inin b\u00f6lm\u0259l\u0259rin maddi-texniki t\u0259minat imkanlar\u0131n\u0131n daha da geni\u015fl\u0259ndirilm\u0259sini tap\u015f\u0131r\u0131b.<\/p>\n<p>Azad edilmi\u015f \u0259razil\u0259rd\u0259, o c\u00fcml\u0259d\u0259n Erm\u0259nistan-Az\u0259rbaycan d\u00f6vl\u0259t s\u0259rh\u0259dind\u0259ki son v\u0259ziyy\u0259ti t\u0259hlil ed\u0259n M\u00fcdafi\u0259 naziri g\u0259rginliyin art\u0131r\u0131lmas\u0131na g\u00f6r\u0259 m\u0259suliyy\u0259tin Erm\u0259nistan\u0131n \u00fcz\u0259rin\u0259 d\u00fc\u015fd\u00fcy\u00fcn\u00fc bildirib. Nazir Erm\u0259nistan silahl\u0131 q\u00fcvv\u0259l\u0259rinin ehtimal olunan t\u0259xribatlar\u0131n\u0131n qar\u015f\u0131s\u0131n\u0131n al\u0131nmas\u0131 il\u0259 \u0259laq\u0259dar komandir-r\u0259is hey\u0259tin\u0259 g\u00f6st\u0259ri\u015fl\u0259r verib.<\/p>\n<p>M\u00fch\u0259ndis-istehkam i\u015fl\u0259ri v\u0259 qo\u015funlar\u0131n m\u00fch\u0259ndis t\u0259minat\u0131 t\u0259dbirl\u0259ri il\u0259 maraqlanan general-polkovnik Z.H\u0259s\u0259nov xidm\u0259ti-d\u00f6y\u00fc\u015f f\u0259aliyy\u0259tinin t\u0259kmill\u0259\u015fdirilm\u0259si il\u0259 ba\u011fl\u0131 m\u00fcvafiq tap\u015f\u0131r\u0131qlar verib.<\/p>\n","protected":false},"excerpt":{"rendered":"<p>\u0130yulun 19-da M\u00fcdafi\u0259 naziri general-polkovnik Zakir H\u0259s\u0259novun r\u0259hb\u0259rliyi il\u0259 M\u0259rk\u0259zi Komanda M\u0259nt\u0259q\u0259sind\u0259 xidm\u0259ti m\u00fc\u015favir\u0259 ke\u00e7irilib. M\u00fc\u015favir\u0259y\u0259 nazir m\u00fcavinl\u0259ri, qo\u015fun n\u00f6vl\u0259ri komandanlar\u0131, nazirliyin ba\u015f idar\u0259, idar\u0259 v\u0259 xidm\u0259t r\u0259isl\u0259ri, el\u0259c\u0259 d\u0259 videoba\u011flant\u0131 vasit\u0259sil\u0259 azad edilmi\u015f \u0259razil\u0259rd\u0259 dislokasiya olunan h\u0259rbi birlik v\u0259 birl\u0259\u015fm\u0259 komandirl\u0259ri, o c\u00fcml\u0259d\u0259n dig\u0259r m\u0259sul zabitl\u0259r d\u0259 c\u0259lb olunub. Bu bar\u0259d\u0259 M\u00fcdafi\u0259 Nazirliyi m\u0259lumat yay\u0131b. Az\u0259rbaycan Respublikas\u0131n\u0131n Prezidenti, Silahl\u0131 Q\u00fcvv\u0259l\u0259rin Ali Ba\u015f Komandan\u0131\u00a0\u0130lham \u018fliyevin s\u0259sl\u0259ndirdiyi &#8220;Art\u0131q m\u00fcharib\u0259 d\u00f6vr\u00fc arxada qal\u0131b. Amma buna baxmayaraq, biz m\u00fcharib\u0259y\u0259 h\u0259r an haz\u0131r\u0131q v\u0259 haz\u0131r olmal\u0131y\u0131q\u201d fikirl\u0259rini m\u00fc\u015favir\u0259 i\u015ftirak\u00e7\u0131lar\u0131na \u00e7atd\u0131ran M\u00fcdafi\u0259 naziri \u015f\u0259xsi hey\u0259tin&hellip;<\/p>\n","protected":false},"author":2,"featured_media":358303,"comment_status":"closed","ping_status":"closed","sticky":false,"template":"","format":"standard","meta":{"om_disable_all_campaigns":false,"_monsterinsights_skip_tracking":false,"_monsterinsights_sitenote_active":false,"_monsterinsights_sitenote_note":"","_monsterinsights_sitenote_category":0},"categories":[10],"tags":[],"aioseo_notices":[],"gutentor_comment":0,"rttpg_featured_image_url":{"full":["https:\/\/arantv.az\/wp-content\/uploads\/2021\/07\/49849879.jpg",518,465,false],"landscape":["https:\/\/arantv.az\/wp-content\/uploads\/2021\/07\/49849879.jpg",518,465,false],"portraits":["https:\/\/arantv.az\/wp-content\/uploads\/2021\/07\/49849879.jpg",518,465,false],"thumbnail":["https:\/\/arantv.az\/wp-content\/uploads\/2021\/07\/49849879-500x280.jpg",500,280,true],"medium":["https:\/\/arantv.az\/wp-content\/uploads\/2021\/07\/49849879-407x365.jpg",407,365,true],"large":["https:\/\/arantv.az\/wp-content\/uploads\/2021\/07\/49849879.jpg",518,465,false],"1536x1536":["https:\/\/arantv.az\/wp-content\/uploads\/2021\/07\/49849879.jpg",518,465,false],"2048x2048":["https:\/\/arantv.az\/wp-content\/uploads\/2021\/07\/49849879.jpg",518,465,false],"post-thumbnail":["https:\/\/arantv.az\/wp-content\/uploads\/2021\/07\/49849879-240x172.jpg",240,172,true],"advps-thumb-one":["https:\/\/arantv.az\/wp-content\/uploads\/2021\/07\/49849879.jpg",518,465,false]},"rttpg_author":{"display_name":"V\u00fcsal Rafiqo\u011flu","author_link":"https:\/\/arantv.az\/?author=2"},"rttpg_comment":0,"rttpg_category":"<a href=\"https:\/\/arantv.az\/?cat=10\" rel=\"category\">C\u0259bh\u0259d\u0259n X\u0259b\u0259r<\/a>","rttpg_excerpt":"\u0130yulun 19-da M\u00fcdafi\u0259 naziri general-polkovnik Zakir H\u0259s\u0259novun r\u0259hb\u0259rliyi il\u0259 M\u0259rk\u0259zi Komanda M\u0259nt\u0259q\u0259sind\u0259 xidm\u0259ti m\u00fc\u015favir\u0259 ke\u00e7irilib. M\u00fc\u015favir\u0259y\u0259 nazir m\u00fcavinl\u0259ri, qo\u015fun n\u00f6vl\u0259ri komandanlar\u0131, nazirliyin ba\u015f idar\u0259, idar\u0259 v\u0259 xidm\u0259t r\u0259isl\u0259ri, el\u0259c\u0259 d\u0259 videoba\u011flant\u0131 vasit\u0259sil\u0259 azad edilmi\u015f \u0259razil\u0259rd\u0259 dislokasiya olunan h\u0259rbi birlik v\u0259 birl\u0259\u015fm\u0259 komandirl\u0259ri, o c\u00fcml\u0259d\u0259n dig\u0259r m\u0259sul zabitl\u0259r d\u0259 c\u0259lb olunub. Bu bar\u0259d\u0259 M\u00fcdafi\u0259 Nazirliyi m\u0259lumat&hellip;","_links":{"self":[{"href":"https:\/\/arantv.az\/index.php?rest_route=\/wp\/v2\/posts\/358302"}],"collection":[{"href":"https:\/\/arantv.az\/index.php?rest_route=\/wp\/v2\/posts"}],"about":[{"href":"https:\/\/arantv.az\/index.php?rest_route=\/wp\/v2\/types\/post"}],"author":[{"embeddable":true,"href":"https:\/\/arantv.az\/index.php?rest_route=\/wp\/v2\/users\/2"}],"replies":[{"embeddable":true,"href":"https:\/\/arantv.az\/index.php?rest_route=%2Fwp%2Fv2%2Fcomments&post=358302"}],"version-history":[{"count":0,"href":"https:\/\/arantv.az\/index.php?rest_route=\/wp\/v2\/posts\/358302\/revisions"}],"wp:featuredmedia":[{"embeddable":true,"href":"https:\/\/arantv.az\/index.php?rest_route=\/wp\/v2\/media\/358303"}],"wp:attachment":[{"href":"https:\/\/arantv.az\/index.php?rest_route=%2Fwp%2Fv2%2Fmedia&parent=358302"}],"wp:term":[{"taxonomy":"category","embeddable":true,"href":"https:\/\/arantv.az\/index.php?rest_route=%2Fwp%2Fv2%2Fcategories&post=358302"},{"taxonomy":"post_tag","embeddable":true,"href":"https:\/\/arantv.az\/index.php?rest_route=%2Fwp%2Fv2%2Ftags&post=358302"}],"curies":[{"name":"wp","href":"https:\/\/api.w.org\/{rel}","templated":true}]}}