{"id":358305,"date":"2021-07-19T09:31:55","date_gmt":"2021-07-19T06:31:55","guid":{"rendered":"http:\/\/arantv.az\/?p=358305"},"modified":"2021-07-19T09:31:55","modified_gmt":"2021-07-19T06:31:55","slug":"avropa-ittifaqinin-bakiya-q%c9%99r%c9%99zi-%c9%99lind%c9%99ki-kartlar-niy%c9%99-d%c9%99yisdi-t%c9%99hlil","status":"publish","type":"post","link":"https:\/\/arantv.az\/?p=358305","title":{"rendered":"Avropa \u0130ttifaq\u0131n\u0131n Bak\u0131ya q\u0259r\u0259zi: \u018flind\u0259ki kartlar niy\u0259 d\u0259yi\u015fdi? \u2013 T\u018fHL\u0130L"},"content":{"rendered":"<p>Erm\u0259nistandak\u0131 parlament se\u00e7kil\u0259rind\u0259n\u00a0sonra r\u0259smi \u0130r\u0259van\u00a0v\u0259 Avropa \u0130ttifaq\u0131 \u0259lind\u0259ki kartlar\u0131 d\u0259yi\u015fdirdi, halbuki bundan \u0259vv\u0259l Avropa \u0130ttifaq\u0131 postm\u00fcharib\u0259 d\u00f6vr\u00fcn\u00fcn t\u0259l\u0259bl\u0259ri \u00e7\u0259r\u00e7iv\u0259sind\u0259 Az\u0259rbaycanla \u0259m\u0259kda\u015fl\u0131\u011f\u0131n d\u0259rinl\u0259\u015fdirilm\u0259sind\u0259 maraql\u0131 idi.<\/p>\n<p>Avropa \u0130ttifaq\u0131 indi d\u0259 Bak\u0131 il\u0259 m\u00fcnasib\u0259tl\u0259rin t\u0259m\u0259ll\u0259rini m\u00f6hk\u0259m z\u0259minl\u0259r \u00fcz\u0259rind\u0259 qarantiyaya almaq ist\u0259yir, lakin ikili oyun oynamaqla beyn\u0259lxalq yana\u015fmalarda q\u0259r\u0259z n\u00fcmayi\u015f etdirir.<\/p>\n<p><strong>Bunun s\u0259b\u0259bi kimi iki versiyan\u0131 ir\u0259li s\u00fcr\u0259 bil\u0259rik:<\/strong><\/p>\n<div id=\"AdviadNativeVideo0\" class=\"AdviadNativeVideo\"><\/div>\n<p><em>1. Bu, Qaraba\u011f \u00fcz\u0259rind\u0259 beyn\u0259lxalq g\u00fccl\u0259rin geosiyasi r\u0259qab\u0259tinin t\u0259zah\u00fcr\u00fcd\u00fcr,<\/em><\/p>\n<p><em>2. Avropa \u0130ttifaq\u0131 Rusiyan\u0131 yeni geosiyas\u0131 reall\u0131qda k\u0259nara s\u0131x\u0131\u015fd\u0131rmaq ist\u0259yir v\u0259 buna g\u00f6r\u0259 Erm\u0259nistan kart\u0131ndan istifad\u0259 edir.<\/em><\/p>\n<p>Az\u0259rbaycan is\u0259 \u0130r\u0259vandan f\u0259rqli olaraq d\u00f6vl\u0259tl\u0259raras\u0131 m\u00fcnasib\u0259tl\u0259rd\u0259 b\u0259rab\u0259rh\u00fcquqlu prinsipl\u0259rl\u0259 \u00e7\u0131x\u0131\u015f edir. Ancaq g\u00f6r\u00fcn\u00fcr ki, Bak\u0131n\u0131n balansl\u0131 m\u00f6vqeyi Avropa \u0130ttifaq\u0131na s\u0259rf etmir, ona g\u00f6r\u0259 d\u0259 verdiyi b\u0259yanatlar diplomatik v\u0259 iqtisadi m\u00fcnasib\u0259tl\u0259rin t\u0259zah\u00fcrl\u0259ri kimi s\u0259sl\u0259ns\u0259 d\u0259, onlarda q\u0131z\u0131\u015fd\u0131r\u0131c\u0131 motivl\u0259r \u00e7oxdur.<\/p>\n<p>Avropa \u0130ttifaq\u0131 \u015euras\u0131n\u0131n Prezidenti \u015earl Mi\u015felin \u0130r\u0259vana s\u0259f\u0259ri zaman\u0131 s\u0259sl\u0259ndirdiyi bir r\u0259q\u0259m\u00a0postm\u00fcharib\u0259 d\u00f6vr\u00fcnd\u0259 Erm\u0259nistan\u0131n xeyrin\u0259 y\u00f6n\u0259lmi\u015f add\u0131m\u0131n ifad\u0259si kimi xarakteriz\u0259 oluna bil\u0259r.<\/p>\n<p>S\u00f6hb\u0259t\u00a0ondan gedir ki, \u015earl Mi\u015fel Avropa \u0130ttifaq\u0131n\u0131n Erm\u0259nistana 2.6 milyard avro ay\u0131raca\u011f\u0131n\u0131 bildirib.<\/p>\n<p>Bunu geosiyasi r\u0259qab\u0259td\u0259 Rusiya \u0259leyhin\u0259 i\u015f\u0259 sal\u0131nm\u0131\u015f t\u0259sir mexanizminin bir par\u00e7as\u0131 kimi qiym\u0259tl\u0259ndirm\u0259k olar, bununla ba\u011fl\u0131 fikrimizi izah ed\u0259c\u0259yik.<\/p>\n<p>H\u0259l\u0259lik is\u0259, s\u0259b\u0259b n\u0259 olursa olsun, Avropa \u0130ttifaq\u0131n\u0131n Az\u0259rbaycan v\u0259 Erm\u0259nistana m\u00fcnasib\u0259td\u0259 maliyy\u0259 balans\u0131n\u0131 pozmas\u0131n\u0131 Bak\u0131ya q\u0259r\u0259zli siyas\u0259tin g\u00f6st\u0259ricisi kimi d\u0259y\u0259rl\u0259ndirm\u0259k laz\u0131md\u0131r.<\/p>\n<p>Birincisi, Erm\u0259nistan m\u00fcharib\u0259d\u0259 m\u0259\u011flub olsa da, i\u015f\u011fal\u00e7\u0131 ritorikas\u0131na son qoymay\u0131b v\u0259 yekun s\u00fclh\u0259 \u0259ng\u0259l t\u00f6r\u0259d\u0259n davran\u0131\u015flar s\u0259rgil\u0259yir.<\/p>\n<p>\u0130kincisi, Az\u0259rbaycan\u0131n i\u015f\u011faldan azad etdiyi \u0259razil\u0259r erm\u0259ni vandalizminin qurban\u0131na \u00e7evrilib v\u0259 xarabal\u0131\u011f\u0131 xat\u0131rlad\u0131r, yenid\u0259nqurma i\u015fl\u0259ri \u00fc\u00e7\u00fcn daha \u00e7ox pul Bak\u0131ya ayr\u0131lmal\u0131 idi.<\/p>\n<p>Lakin Avropa \u0130ttifaq\u0131 Az\u0259rbaycana 150 milyon avroluq paket n\u0259z\u0259rd\u0259 tutub, bu is\u0259 ikili standart\u0131n n\u00f6vb\u0259ti t\u0259zah\u00fcr\u00fcd\u00fcr.<\/p>\n<p>Halbuki, Avropa \u0130ttifaq\u0131 Erm\u0259nistana b\u00f6y\u00fck m\u0259bl\u0259\u011fd\u0259 h\u0259cmi o zaman ay\u0131rmal\u0131 idi ki, \u0130r\u0259van revan\u015fist ritorikaya son qoysun v\u0259 s\u00fclh\u0259 qeyd-\u015f\u0259rtsiz t\u00f6hf\u0259l\u0259r versin.<\/p>\n<p>Rusiya amilin\u0259\u00a0g\u0259linc\u0259, Erm\u0259nistanda se\u00e7kid\u0259n sonra Nikol Pa\u015finyan\u0131 ayaqda saxlayan q\u00fcvv\u0259l\u0259r s\u0131ras\u0131nda Kreml ba\u015fda g\u0259lirdi.<\/p>\n<p>Bel\u0259 ki, Rusiya ist\u0259s\u0259 idi, Erm\u0259nistandak\u0131 b\u00fct\u00fcn t\u0259sir r\u0131\u00e7aqlar\u0131n\u0131 i\u015f\u0259 salar v\u0259 Pa\u015finyan\u0131n devrilm\u0259si \u00fc\u00e7\u00fcn h\u0259rbi \u00e7evrili\u015f c\u0259hdl\u0259rin\u0259 yard\u0131m ed\u0259rdi.<\/p>\n<p><strong>Bunun \u00fc\u00e7\u00fcn Kremlin \u0259lind\u0259 g\u00fccl\u00fc vasit\u0259l\u0259r m\u00f6vcud idi:<\/strong><\/p>\n<p><em>1. Erm\u0259nistanda Rusiyan\u0131n h\u0259rbi bazas\u0131,<\/em><\/p>\n<p><em>2. Erm\u0259nistan enerji bazarlar\u0131 da daxil olmaqla iqtisadiyyat\u0131n \u0259ks\u0259r sah\u0259l\u0259rini \u0259l\u0259 alan Rusiyaya ba\u011fl\u0131 \u015f\u0259xsl\u0259r.<\/em><\/p>\n<p>Bununla bel\u0259, Rusiya konfrontasiyaya getm\u0259di, Kreml\u0259 bu s\u0259rf d\u0259 etmirdi, lakin indi \u0130r\u0259van bunu d\u0259y\u0259rl\u0259ndirm\u0259k \u0259v\u0259zin\u0259 yenid\u0259n ikili oyun oynay\u0131r.<\/p>\n<p>Pa\u015finyan\u0131n Q\u0259rb dair\u0259l\u0259ri il\u0259 i\u015fbirliyini inki\u015faf etdirm\u0259si h\u0259m d\u0259 Rusiyan\u0131n \u0259leyhin\u0259 i\u015fl\u0259n\u0259n siyasi layih\u0259l\u0259rin t\u0259rkib hiss\u0259sidir.<\/p>\n<p>\u0130ndi Pa\u015finyan\u0131n Q\u0259rb\u0259 qucaq a\u00e7mas\u0131 Avropa \u0130ttifaq\u0131n\u0131 da \u015firnikl\u0259ndirir v\u0259 2.6 milyard avroluq yard\u0131m Erm\u0259nistan\u0131 Rusiyan\u0131n t\u0259sir dair\u0259sind\u0259n tamamil\u0259 \u00e7\u0131xarma\u011fa hesablan\u0131b.<\/p>\n<p>Ona g\u00f6r\u0259 d\u0259, bunun elementl\u0259ri Qaraba\u011f m\u0259s\u0259l\u0259sin\u0259 m\u00fcnasib\u0259td\u0259 d\u0259 \u00f6z\u00fcn\u00fc g\u00f6st\u0259rir, t\u0259sad\u00fcfi deyil ki, \u015earl Mi\u015fel \u0130r\u0259vanda olark\u0259n gorbagor olmu\u015f \u201cstatus\u201d amilini yenid\u0259n g\u00fcnd\u0259m\u0259 g\u0259tirib.<\/p>\n<p>Pa\u015finyan m\u00f6vqeyind\u0259ki ikili \u00e7alarlar\u0131 g\u00fccl\u0259ndir\u0259rs\u0259, Moskva Erm\u0259nistanla m\u00fcnasib\u0259tl\u0259rd\u0259 redakt\u0259l\u0259r etm\u0259k m\u0259cburiyy\u0259tind\u0259 qala bil\u0259r.<\/p>\n<p><strong>B\u0259s Kremlin hans\u0131 ssenaril\u0259ri h\u0259yata ke\u00e7irm\u0259si m\u00fcmk\u00fcnd\u00fcr?<\/strong><\/p>\n<p><em>1. Erm\u0259nistandak\u0131 h\u0259rbi bazas\u0131n\u0131 \u00e7\u0131xarmaq. Burada\u00a0mesaj ondan ibar\u0259tdir ki, h\u0259rbi baza olmad\u0131\u011f\u0131 t\u0259qdird\u0259, s\u0259nin suverenliyin t\u0259hl\u00fck\u0259 alt\u0131ndad\u0131r,<\/em><\/p>\n<p><em>2. Erm\u0259nistana satd\u0131\u011f\u0131 t\u0259bii qaz\u0131n qiym\u0259tl\u0259ri il\u0259 ba\u011fl\u0131 \u015fantajlar\u0131n davam etdirilm\u0259si, bununla da Erm\u0259nistan\u0131n enerji bazar\u0131n\u0131 m\u0259hv\u0259 s\u00fcr\u00fckl\u0259m\u0259k.<\/em><\/p>\n<p>Avropa \u0130ttifaq\u0131n\u0131n kursundak\u0131 d\u0259yi\u015fiklikl\u0259rin bir s\u0259b\u0259bi d\u0259 T\u00fcrkiy\u0259 amili il\u0259 ba\u011fl\u0131d\u0131r.<\/p>\n<p>Fikir verirsinizs\u0259, Avropa \u0130ttifaq\u0131 \u015eu\u015fa B\u0259yannam\u0259sind\u0259n sonra m\u00f6vqeyini Erm\u0259nistan\u0131n xeyrin\u0259\u00a0d\u0259yi\u015fdirm\u0259k niyy\u0259tl\u0259rini dil\u0259 g\u0259tirib.<\/p>\n<p>S\u0259b\u0259b\u0259 g\u0259linc\u0259: Avropa \u0130ttifaq\u0131 T\u00fcrkiy\u0259nin C\u0259nubi Qafqazda h\u0259rbi i\u015ftirak\u0131n\u0131n v\u0259 siyasi irad\u0259sinin m\u00f6hk\u0259ml\u0259nm\u0259sini ist\u0259mir. Bu m\u0259s\u0259l\u0259d\u0259 Fransa Prezidenti Emmanuel Makronla eyni ideoloji platformadan \u00e7\u0131x\u0131\u015f edir.<\/p>\n<p>\u015earl Mi\u015felin Bak\u0131 s\u0259f\u0259ri v\u0259 Prezident \u0130lham \u018fliyevl\u0259 g\u00f6r\u00fc\u015f\u00fcn\u0259 g\u0259linc\u0259, bununla ba\u011fl\u0131 ayr\u0131ca yaz\u0131m\u0131z olacaq.<\/p>\n<p>Q\u0131sa onu dey\u0259 bil\u0259rik ki, \u015earl Mi\u015fel \u0130r\u0259vandak\u0131 \u201cstatus\u201d b\u0259yanat\u0131n\u0131 Bak\u0131da t\u0259krarlamad\u0131, he\u00e7 \u0130lham \u018fliyev buna imkan da verm\u0259zdi.<\/p>\n","protected":false},"excerpt":{"rendered":"<p>Erm\u0259nistandak\u0131 parlament se\u00e7kil\u0259rind\u0259n\u00a0sonra r\u0259smi \u0130r\u0259van\u00a0v\u0259 Avropa \u0130ttifaq\u0131 \u0259lind\u0259ki kartlar\u0131 d\u0259yi\u015fdirdi, halbuki bundan \u0259vv\u0259l Avropa \u0130ttifaq\u0131 postm\u00fcharib\u0259 d\u00f6vr\u00fcn\u00fcn t\u0259l\u0259bl\u0259ri \u00e7\u0259r\u00e7iv\u0259sind\u0259 Az\u0259rbaycanla \u0259m\u0259kda\u015fl\u0131\u011f\u0131n d\u0259rinl\u0259\u015fdirilm\u0259sind\u0259 maraql\u0131 idi. Avropa \u0130ttifaq\u0131 indi d\u0259 Bak\u0131 il\u0259 m\u00fcnasib\u0259tl\u0259rin t\u0259m\u0259ll\u0259rini m\u00f6hk\u0259m z\u0259minl\u0259r \u00fcz\u0259rind\u0259 qarantiyaya almaq ist\u0259yir, lakin ikili oyun oynamaqla beyn\u0259lxalq yana\u015fmalarda q\u0259r\u0259z n\u00fcmayi\u015f etdirir. Bunun s\u0259b\u0259bi kimi iki versiyan\u0131 ir\u0259li s\u00fcr\u0259 bil\u0259rik: 1. Bu, Qaraba\u011f \u00fcz\u0259rind\u0259 beyn\u0259lxalq g\u00fccl\u0259rin geosiyasi r\u0259qab\u0259tinin t\u0259zah\u00fcr\u00fcd\u00fcr, 2. Avropa \u0130ttifaq\u0131 Rusiyan\u0131 yeni geosiyas\u0131 reall\u0131qda k\u0259nara s\u0131x\u0131\u015fd\u0131rmaq ist\u0259yir v\u0259 buna g\u00f6r\u0259 Erm\u0259nistan kart\u0131ndan istifad\u0259 edir. Az\u0259rbaycan is\u0259 \u0130r\u0259vandan f\u0259rqli olaraq d\u00f6vl\u0259tl\u0259raras\u0131 m\u00fcnasib\u0259tl\u0259rd\u0259 b\u0259rab\u0259rh\u00fcquqlu prinsipl\u0259rl\u0259&hellip;<\/p>\n","protected":false},"author":2,"featured_media":358306,"comment_status":"closed","ping_status":"closed","sticky":false,"template":"","format":"standard","meta":{"om_disable_all_campaigns":false,"_monsterinsights_skip_tracking":false,"_monsterinsights_sitenote_active":false,"_monsterinsights_sitenote_note":"","_monsterinsights_sitenote_category":0},"categories":[4],"tags":[],"aioseo_notices":[],"gutentor_comment":0,"rttpg_featured_image_url":{"full":["https:\/\/arantv.az\/wp-content\/uploads\/2021\/07\/low-angle-view-of-european-union-flags-561141419-58d6afdb3df78c5162f18088.jpg",620,465,false],"landscape":["https:\/\/arantv.az\/wp-content\/uploads\/2021\/07\/low-angle-view-of-european-union-flags-561141419-58d6afdb3df78c5162f18088.jpg",620,465,false],"portraits":["https:\/\/arantv.az\/wp-content\/uploads\/2021\/07\/low-angle-view-of-european-union-flags-561141419-58d6afdb3df78c5162f18088.jpg",620,465,false],"thumbnail":["https:\/\/arantv.az\/wp-content\/uploads\/2021\/07\/low-angle-view-of-european-union-flags-561141419-58d6afdb3df78c5162f18088-500x280.jpg",500,280,true],"medium":["https:\/\/arantv.az\/wp-content\/uploads\/2021\/07\/low-angle-view-of-european-union-flags-561141419-58d6afdb3df78c5162f18088-487x365.jpg",487,365,true],"large":["https:\/\/arantv.az\/wp-content\/uploads\/2021\/07\/low-angle-view-of-european-union-flags-561141419-58d6afdb3df78c5162f18088.jpg",620,465,false],"1536x1536":["https:\/\/arantv.az\/wp-content\/uploads\/2021\/07\/low-angle-view-of-european-union-flags-561141419-58d6afdb3df78c5162f18088.jpg",620,465,false],"2048x2048":["https:\/\/arantv.az\/wp-content\/uploads\/2021\/07\/low-angle-view-of-european-union-flags-561141419-58d6afdb3df78c5162f18088.jpg",620,465,false],"post-thumbnail":["https:\/\/arantv.az\/wp-content\/uploads\/2021\/07\/low-angle-view-of-european-union-flags-561141419-58d6afdb3df78c5162f18088-240x172.jpg",240,172,true],"advps-thumb-one":["https:\/\/arantv.az\/wp-content\/uploads\/2021\/07\/low-angle-view-of-european-union-flags-561141419-58d6afdb3df78c5162f18088.jpg",620,465,false]},"rttpg_author":{"display_name":"V\u00fcsal Rafiqo\u011flu","author_link":"https:\/\/arantv.az\/?author=2"},"rttpg_comment":0,"rttpg_category":"<a href=\"https:\/\/arantv.az\/?cat=4\" rel=\"category\">Siyas\u0259t<\/a>","rttpg_excerpt":"Erm\u0259nistandak\u0131 parlament se\u00e7kil\u0259rind\u0259n\u00a0sonra r\u0259smi \u0130r\u0259van\u00a0v\u0259 Avropa \u0130ttifaq\u0131 \u0259lind\u0259ki kartlar\u0131 d\u0259yi\u015fdirdi, halbuki bundan \u0259vv\u0259l Avropa \u0130ttifaq\u0131 postm\u00fcharib\u0259 d\u00f6vr\u00fcn\u00fcn t\u0259l\u0259bl\u0259ri \u00e7\u0259r\u00e7iv\u0259sind\u0259 Az\u0259rbaycanla \u0259m\u0259kda\u015fl\u0131\u011f\u0131n d\u0259rinl\u0259\u015fdirilm\u0259sind\u0259 maraql\u0131 idi. Avropa \u0130ttifaq\u0131 indi d\u0259 Bak\u0131 il\u0259 m\u00fcnasib\u0259tl\u0259rin t\u0259m\u0259ll\u0259rini m\u00f6hk\u0259m z\u0259minl\u0259r \u00fcz\u0259rind\u0259 qarantiyaya almaq ist\u0259yir, lakin ikili oyun oynamaqla beyn\u0259lxalq yana\u015fmalarda q\u0259r\u0259z n\u00fcmayi\u015f etdirir. Bunun s\u0259b\u0259bi kimi iki versiyan\u0131 ir\u0259li s\u00fcr\u0259 bil\u0259rik:&hellip;","_links":{"self":[{"href":"https:\/\/arantv.az\/index.php?rest_route=\/wp\/v2\/posts\/358305"}],"collection":[{"href":"https:\/\/arantv.az\/index.php?rest_route=\/wp\/v2\/posts"}],"about":[{"href":"https:\/\/arantv.az\/index.php?rest_route=\/wp\/v2\/types\/post"}],"author":[{"embeddable":true,"href":"https:\/\/arantv.az\/index.php?rest_route=\/wp\/v2\/users\/2"}],"replies":[{"embeddable":true,"href":"https:\/\/arantv.az\/index.php?rest_route=%2Fwp%2Fv2%2Fcomments&post=358305"}],"version-history":[{"count":0,"href":"https:\/\/arantv.az\/index.php?rest_route=\/wp\/v2\/posts\/358305\/revisions"}],"wp:featuredmedia":[{"embeddable":true,"href":"https:\/\/arantv.az\/index.php?rest_route=\/wp\/v2\/media\/358306"}],"wp:attachment":[{"href":"https:\/\/arantv.az\/index.php?rest_route=%2Fwp%2Fv2%2Fmedia&parent=358305"}],"wp:term":[{"taxonomy":"category","embeddable":true,"href":"https:\/\/arantv.az\/index.php?rest_route=%2Fwp%2Fv2%2Fcategories&post=358305"},{"taxonomy":"post_tag","embeddable":true,"href":"https:\/\/arantv.az\/index.php?rest_route=%2Fwp%2Fv2%2Ftags&post=358305"}],"curies":[{"name":"wp","href":"https:\/\/api.w.org\/{rel}","templated":true}]}}