{"id":35842,"date":"2019-01-30T13:08:44","date_gmt":"2019-01-30T10:08:44","guid":{"rendered":"http:\/\/arantv.az\/?p=35842"},"modified":"2019-01-30T13:08:44","modified_gmt":"2019-01-30T10:08:44","slug":"az%c9%99rbaycanda-issizl%c9%99r%c9%99-sad-x%c9%99b%c9%99r-minl%c9%99rl%c9%99-s%c9%99xs%c9%99-%c9%99m%c9%99k-haqqi-veril%c9%99c%c9%99k","status":"publish","type":"post","link":"https:\/\/arantv.az\/?p=35842","title":{"rendered":"Az\u0259rbaycanda i\u015fsizl\u0259r\u0259 \u015eAD X\u018fB\u018fR &#8211; Minl\u0259rl\u0259 \u015f\u0259xs\u0259 \u0259m\u0259k haqq\u0131 veril\u0259c\u0259k"},"content":{"rendered":"<p><strong>\u201cAz\u0259rbaycanda yanvar ay\u0131ndan 16 min i\u015fsiz sosial i\u015fl\u0259r\u0259 c\u0259lb edilib, onlarla m\u00fcvafiq m\u00fcqavil\u0259l\u0259r imzalan\u0131b\u201d.<\/p>\n<p><\/strong><b>ARANTV.AZ\u00a0\u00a0<\/b>x\u0259b\u0259r verir ki, bu s\u00f6zl\u0259ri DOST \u0130\u015f M\u0259rk\u0259zinin direktoru Niyazi R\u0259himov \u201c\u0130\u015fsizin DOST\u201du proqram\u0131n\u0131n icras\u0131na h\u0259sr olunmu\u015f t\u0259dbird\u0259 \u00e7\u0131x\u0131\u015f\u0131 zaman\u0131 deyib.<\/p>\n<p>Onun s\u00f6zl\u0259rin\u0259 g\u00f6r\u0259, yax\u0131n zamanda \u0259m\u0259k haqlar\u0131n\u0131n \u00f6d\u0259nilm\u0259sin\u0259 ba\u015flan\u0131lacaq:<\/p>\n<p>\u201cBu i\u015f\u00e7il\u0259rin say\u0131n\u0131n 2019-cu ild\u0259 30 min\u0259 \u00e7atd\u0131r\u0131lmas\u0131 n\u0259z\u0259rd\u0259 tutulur. Layih\u0259 \u00e7\u0259r\u00e7iv\u0259sind\u0259 i\u015f axtaran v\u0259t\u0259nda\u015flar i\u015fl\u0259 t\u0259min edilir. \u0130\u015fsizlikl\u0259 m\u00fcbariz\u0259 \u00e7\u0259r\u00e7iv\u0259sind\u0259 bir \u00e7ox layih\u0259 h\u0259yata ke\u00e7irilir v\u0259 bu da onlardan biridir. \u0130\u015f axtaran \u0259m\u0259kda\u015flar yerli icra orqanlar\u0131na m\u00fcraci\u0259t edir v\u0259 orada n\u00f6vb\u0259y\u0259 dururlar\u201d.<\/p>\n<p>N.R\u0259himov qeyd edib ki, DOST \u0130\u015f M\u0259rk\u0259zinin m\u0259qs\u0259di \u00f6lk\u0259 \u0259razisind\u0259, x\u00fcsusil\u0259 regionlarda i\u015f axtaran v\u0259t\u0259nda\u015flar\u0131n ictimai i\u015fl\u0259r\u0259 c\u0259lb olunmas\u0131d\u0131r:<\/p>\n<p>&#8220;\u0130ctimai i\u015fl\u0259r \u0259sas\u0259n x\u00fcsusi bacar\u0131q t\u0259l\u0259b etmir. Buraya sosial y\u00f6n\u00fcml\u00fc, ictimai t\u0259dbirl\u0259rd\u0259 i\u015ftirak, abadl\u0131q i\u015fl\u0259rin\u0259 c\u0259lb edilm\u0259 daxildir. Bu i\u015fl\u0259r\u0259 c\u0259lb edil\u0259n \u015f\u0259xsl\u0259r\u0259 \u0259m\u0259k haqq\u0131 \u00f6d\u0259nil\u0259c\u0259k. DOST \u0130\u015f m\u0259rk\u0259zl\u0259rind\u0259 i\u015f axtaran insanlar m\u00fcv\u0259qq\u0259ti i\u015fl\u0259 t\u0259min olunur. Bu, i\u015fsizlikl\u0259 m\u00fcbariz\u0259dir, dig\u0259r t\u0259r\u0259fd\u0259n ictimai faydas\u0131 olan t\u0259dbirdir&#8221;.publika.az<\/p>\n","protected":false},"excerpt":{"rendered":"<p>\u201cAz\u0259rbaycanda yanvar ay\u0131ndan 16 min i\u015fsiz sosial i\u015fl\u0259r\u0259 c\u0259lb edilib, onlarla m\u00fcvafiq m\u00fcqavil\u0259l\u0259r imzalan\u0131b\u201d. ARANTV.AZ\u00a0\u00a0x\u0259b\u0259r verir ki, bu s\u00f6zl\u0259ri DOST \u0130\u015f M\u0259rk\u0259zinin direktoru Niyazi R\u0259himov \u201c\u0130\u015fsizin DOST\u201du proqram\u0131n\u0131n icras\u0131na h\u0259sr olunmu\u015f t\u0259dbird\u0259 \u00e7\u0131x\u0131\u015f\u0131 zaman\u0131 deyib. Onun s\u00f6zl\u0259rin\u0259 g\u00f6r\u0259, yax\u0131n zamanda \u0259m\u0259k haqlar\u0131n\u0131n \u00f6d\u0259nilm\u0259sin\u0259 ba\u015flan\u0131lacaq: \u201cBu i\u015f\u00e7il\u0259rin say\u0131n\u0131n 2019-cu ild\u0259 30 min\u0259 \u00e7atd\u0131r\u0131lmas\u0131 n\u0259z\u0259rd\u0259 tutulur. Layih\u0259 \u00e7\u0259r\u00e7iv\u0259sind\u0259 i\u015f axtaran v\u0259t\u0259nda\u015flar i\u015fl\u0259 t\u0259min edilir. \u0130\u015fsizlikl\u0259 m\u00fcbariz\u0259 \u00e7\u0259r\u00e7iv\u0259sind\u0259 bir \u00e7ox layih\u0259 h\u0259yata ke\u00e7irilir v\u0259 bu da onlardan biridir. \u0130\u015f axtaran \u0259m\u0259kda\u015flar yerli icra orqanlar\u0131na m\u00fcraci\u0259t edir v\u0259 orada n\u00f6vb\u0259y\u0259 dururlar\u201d. N.R\u0259himov qeyd edib&hellip;<\/p>\n","protected":false},"author":2,"featured_media":35843,"comment_status":"closed","ping_status":"closed","sticky":false,"template":"","format":"standard","meta":{"om_disable_all_campaigns":false,"_monsterinsights_skip_tracking":false,"_monsterinsights_sitenote_active":false,"_monsterinsights_sitenote_note":"","_monsterinsights_sitenote_category":0},"categories":[1],"tags":[],"aioseo_notices":[],"gutentor_comment":0,"rttpg_featured_image_url":{"full":["https:\/\/arantv.az\/wp-content\/uploads\/2019\/01\/1480585875_manat_274767.jpg",800,450,false],"landscape":["https:\/\/arantv.az\/wp-content\/uploads\/2019\/01\/1480585875_manat_274767.jpg",800,450,false],"portraits":["https:\/\/arantv.az\/wp-content\/uploads\/2019\/01\/1480585875_manat_274767.jpg",800,450,false],"thumbnail":["https:\/\/arantv.az\/wp-content\/uploads\/2019\/01\/1480585875_manat_274767-150x150.jpg",150,150,true],"medium":["https:\/\/arantv.az\/wp-content\/uploads\/2019\/01\/1480585875_manat_274767-300x169.jpg",300,169,true],"large":["https:\/\/arantv.az\/wp-content\/uploads\/2019\/01\/1480585875_manat_274767.jpg",640,360,false],"1536x1536":["https:\/\/arantv.az\/wp-content\/uploads\/2019\/01\/1480585875_manat_274767.jpg",800,450,false],"2048x2048":["https:\/\/arantv.az\/wp-content\/uploads\/2019\/01\/1480585875_manat_274767.jpg",800,450,false],"post-thumbnail":["https:\/\/arantv.az\/wp-content\/uploads\/2019\/01\/1480585875_manat_274767-240x172.jpg",240,172,true],"advps-thumb-one":["https:\/\/arantv.az\/wp-content\/uploads\/2019\/01\/1480585875_manat_274767.jpg",800,450,false]},"rttpg_author":{"display_name":"V\u00fcsal Rafiqo\u011flu","author_link":"https:\/\/arantv.az\/?author=2"},"rttpg_comment":0,"rttpg_category":"<a href=\"https:\/\/arantv.az\/?cat=1\" rel=\"category\">C\u0259miyy\u0259t<\/a>","rttpg_excerpt":"\u201cAz\u0259rbaycanda yanvar ay\u0131ndan 16 min i\u015fsiz sosial i\u015fl\u0259r\u0259 c\u0259lb edilib, onlarla m\u00fcvafiq m\u00fcqavil\u0259l\u0259r imzalan\u0131b\u201d. ARANTV.AZ\u00a0\u00a0x\u0259b\u0259r verir ki, bu s\u00f6zl\u0259ri DOST \u0130\u015f M\u0259rk\u0259zinin direktoru Niyazi R\u0259himov \u201c\u0130\u015fsizin DOST\u201du proqram\u0131n\u0131n icras\u0131na h\u0259sr olunmu\u015f t\u0259dbird\u0259 \u00e7\u0131x\u0131\u015f\u0131 zaman\u0131 deyib. Onun s\u00f6zl\u0259rin\u0259 g\u00f6r\u0259, yax\u0131n zamanda \u0259m\u0259k haqlar\u0131n\u0131n \u00f6d\u0259nilm\u0259sin\u0259 ba\u015flan\u0131lacaq: \u201cBu i\u015f\u00e7il\u0259rin say\u0131n\u0131n 2019-cu ild\u0259 30 min\u0259 \u00e7atd\u0131r\u0131lmas\u0131 n\u0259z\u0259rd\u0259 tutulur. Layih\u0259&hellip;","_links":{"self":[{"href":"https:\/\/arantv.az\/index.php?rest_route=\/wp\/v2\/posts\/35842"}],"collection":[{"href":"https:\/\/arantv.az\/index.php?rest_route=\/wp\/v2\/posts"}],"about":[{"href":"https:\/\/arantv.az\/index.php?rest_route=\/wp\/v2\/types\/post"}],"author":[{"embeddable":true,"href":"https:\/\/arantv.az\/index.php?rest_route=\/wp\/v2\/users\/2"}],"replies":[{"embeddable":true,"href":"https:\/\/arantv.az\/index.php?rest_route=%2Fwp%2Fv2%2Fcomments&post=35842"}],"version-history":[{"count":0,"href":"https:\/\/arantv.az\/index.php?rest_route=\/wp\/v2\/posts\/35842\/revisions"}],"wp:featuredmedia":[{"embeddable":true,"href":"https:\/\/arantv.az\/index.php?rest_route=\/wp\/v2\/media\/35843"}],"wp:attachment":[{"href":"https:\/\/arantv.az\/index.php?rest_route=%2Fwp%2Fv2%2Fmedia&parent=35842"}],"wp:term":[{"taxonomy":"category","embeddable":true,"href":"https:\/\/arantv.az\/index.php?rest_route=%2Fwp%2Fv2%2Fcategories&post=35842"},{"taxonomy":"post_tag","embeddable":true,"href":"https:\/\/arantv.az\/index.php?rest_route=%2Fwp%2Fv2%2Ftags&post=35842"}],"curies":[{"name":"wp","href":"https:\/\/api.w.org\/{rel}","templated":true}]}}