{"id":35862,"date":"2019-01-30T13:57:43","date_gmt":"2019-01-30T10:57:43","guid":{"rendered":"http:\/\/arantv.az\/?p=35862"},"modified":"2019-01-30T13:57:43","modified_gmt":"2019-01-30T10:57:43","slug":"surusm%c9%99-zonasindaki-son-v%c9%99ziyy%c9%99t-yaponiyalilar-h%c9%99l%c9%99-d%c9%99-arasdirirlar","status":"publish","type":"post","link":"https:\/\/arantv.az\/?p=35862","title":{"rendered":"S\u00fcr\u00fc\u015fm\u0259 zonas\u0131ndak\u0131 son v\u0259ziyy\u0259t &#8211; Yaponiyal\u0131lar h\u0259l\u0259 d\u0259 ara\u015fd\u0131r\u0131rlar"},"content":{"rendered":"<blockquote><p><em><strong>Badamdar s\u00fcr\u00fc\u015fm\u0259 sah\u0259sind\u0259 t\u0259dqiqat i\u015fl\u0259ri t\u0259rtib olunmu\u015f x\u00fcsusi qrafik\u0259 uy\u011fun davam edir.\u00a0<\/strong><\/em><\/p><\/blockquote>\n<p><strong>ARANTV.AZ<\/strong>\u00a0 x\u0259b\u0259r verir ki, bu bar\u0259d\u0259 azvision.az-a a\u00e7\u0131qlamas\u0131nda F\u00f6vq\u0259lad\u0259 Hallar Nazirliyinin (FHN) Tikintid\u0259 T\u0259hl\u00fck\u0259sizliy\u0259 N\u0259zar\u0259t D\u00f6vl\u0259t Agentliyinin r\u0259is m\u00fcavini T\u0259yyar H\u00fcseynli bildirib.<\/p>\n<p>FHN r\u0259smisi deyib ki, qrafik\u0259 \u0259sas\u0259n, iyun ay\u0131na q\u0259d\u0259r t\u0259dqiqat i\u015fl\u0259ri ba\u015fa \u00e7atd\u0131r\u0131lmal\u0131 v\u0259 t\u0259dbirl\u0259r plan\u0131 h\u0259yata ke\u00e7irilm\u0259lidir.<\/p>\n<div id=\"AdributorNativeVideo0\" class=\"AdributorNativeVideo\"><\/div>\n<p>&#8220;S\u00fcr\u00fc\u015fm\u0259 sah\u0259sind\u0259 haz\u0131rda v\u0259ziyy\u0259t stabildir. Son g\u00fcnl\u0259r m\u00fc\u015fahid\u0259 edil\u0259n ya\u011f\u0131nt\u0131lara baxmayaraq, s\u00fcr\u00fc\u015fm\u0259 sah\u0259sind\u0259 h\u0259r hans\u0131 art\u0131m yoxdur. T\u0259dqiqat i\u015fl\u0259ri apar\u0131l\u0131r ki, layih\u0259 t\u0259dbirl\u0259ri h\u0259yata ke\u00e7irilsin. Bunun \u00fc\u00e7\u00fcn m\u00fc\u0259yy\u0259n q\u0259d\u0259r vaxt laz\u0131md\u0131r&#8221;.<\/p>\n<p>T.H\u00fcseynlinin s\u00f6zl\u0259rin\u0259 g\u00f6r\u0259, \u0259razid\u0259 yaponl\u0131 v\u0259 yerli m\u00fct\u0259x\u0259ssisl\u0259r t\u0259r\u0259find\u0259n i\u015fl\u0259r davam etdirilir. Haz\u0131rda \u0259razid\u0259 n\u0259zar\u0259td\u0259 saxlan\u0131l\u0131r.<\/p>\n","protected":false},"excerpt":{"rendered":"<p>Badamdar s\u00fcr\u00fc\u015fm\u0259 sah\u0259sind\u0259 t\u0259dqiqat i\u015fl\u0259ri t\u0259rtib olunmu\u015f x\u00fcsusi qrafik\u0259 uy\u011fun davam edir.\u00a0 ARANTV.AZ\u00a0 x\u0259b\u0259r verir ki, bu bar\u0259d\u0259 azvision.az-a a\u00e7\u0131qlamas\u0131nda F\u00f6vq\u0259lad\u0259 Hallar Nazirliyinin (FHN) Tikintid\u0259 T\u0259hl\u00fck\u0259sizliy\u0259 N\u0259zar\u0259t D\u00f6vl\u0259t Agentliyinin r\u0259is m\u00fcavini T\u0259yyar H\u00fcseynli bildirib. FHN r\u0259smisi deyib ki, qrafik\u0259 \u0259sas\u0259n, iyun ay\u0131na q\u0259d\u0259r t\u0259dqiqat i\u015fl\u0259ri ba\u015fa \u00e7atd\u0131r\u0131lmal\u0131 v\u0259 t\u0259dbirl\u0259r plan\u0131 h\u0259yata ke\u00e7irilm\u0259lidir. &#8220;S\u00fcr\u00fc\u015fm\u0259 sah\u0259sind\u0259 haz\u0131rda v\u0259ziyy\u0259t stabildir. Son g\u00fcnl\u0259r m\u00fc\u015fahid\u0259 edil\u0259n ya\u011f\u0131nt\u0131lara baxmayaraq, s\u00fcr\u00fc\u015fm\u0259 sah\u0259sind\u0259 h\u0259r hans\u0131 art\u0131m yoxdur. T\u0259dqiqat i\u015fl\u0259ri apar\u0131l\u0131r ki, layih\u0259 t\u0259dbirl\u0259ri h\u0259yata ke\u00e7irilsin. Bunun \u00fc\u00e7\u00fcn m\u00fc\u0259yy\u0259n q\u0259d\u0259r vaxt laz\u0131md\u0131r&#8221;. T.H\u00fcseynlinin s\u00f6zl\u0259rin\u0259 g\u00f6r\u0259, \u0259razid\u0259 yaponl\u0131 v\u0259 yerli&hellip;<\/p>\n","protected":false},"author":2,"featured_media":35863,"comment_status":"closed","ping_status":"closed","sticky":false,"template":"","format":"standard","meta":{"om_disable_all_campaigns":false,"_monsterinsights_skip_tracking":false,"_monsterinsights_sitenote_active":false,"_monsterinsights_sitenote_note":"","_monsterinsights_sitenote_category":0},"categories":[1],"tags":[],"aioseo_notices":[],"gutentor_comment":0,"rttpg_featured_image_url":{"full":["https:\/\/arantv.az\/wp-content\/uploads\/2019\/01\/badamdar_surusme_0652.jpg",800,600,false],"landscape":["https:\/\/arantv.az\/wp-content\/uploads\/2019\/01\/badamdar_surusme_0652.jpg",800,600,false],"portraits":["https:\/\/arantv.az\/wp-content\/uploads\/2019\/01\/badamdar_surusme_0652.jpg",800,600,false],"thumbnail":["https:\/\/arantv.az\/wp-content\/uploads\/2019\/01\/badamdar_surusme_0652-150x150.jpg",150,150,true],"medium":["https:\/\/arantv.az\/wp-content\/uploads\/2019\/01\/badamdar_surusme_0652-300x225.jpg",300,225,true],"large":["https:\/\/arantv.az\/wp-content\/uploads\/2019\/01\/badamdar_surusme_0652.jpg",640,480,false],"1536x1536":["https:\/\/arantv.az\/wp-content\/uploads\/2019\/01\/badamdar_surusme_0652.jpg",800,600,false],"2048x2048":["https:\/\/arantv.az\/wp-content\/uploads\/2019\/01\/badamdar_surusme_0652.jpg",800,600,false],"post-thumbnail":["https:\/\/arantv.az\/wp-content\/uploads\/2019\/01\/badamdar_surusme_0652-240x172.jpg",240,172,true],"advps-thumb-one":["https:\/\/arantv.az\/wp-content\/uploads\/2019\/01\/badamdar_surusme_0652.jpg",800,600,false]},"rttpg_author":{"display_name":"V\u00fcsal Rafiqo\u011flu","author_link":"https:\/\/arantv.az\/?author=2"},"rttpg_comment":0,"rttpg_category":"<a href=\"https:\/\/arantv.az\/?cat=1\" rel=\"category\">C\u0259miyy\u0259t<\/a>","rttpg_excerpt":"Badamdar s\u00fcr\u00fc\u015fm\u0259 sah\u0259sind\u0259 t\u0259dqiqat i\u015fl\u0259ri t\u0259rtib olunmu\u015f x\u00fcsusi qrafik\u0259 uy\u011fun davam edir.\u00a0 ARANTV.AZ\u00a0 x\u0259b\u0259r verir ki, bu bar\u0259d\u0259 azvision.az-a a\u00e7\u0131qlamas\u0131nda F\u00f6vq\u0259lad\u0259 Hallar Nazirliyinin (FHN) Tikintid\u0259 T\u0259hl\u00fck\u0259sizliy\u0259 N\u0259zar\u0259t D\u00f6vl\u0259t Agentliyinin r\u0259is m\u00fcavini T\u0259yyar H\u00fcseynli bildirib. FHN r\u0259smisi deyib ki, qrafik\u0259 \u0259sas\u0259n, iyun ay\u0131na q\u0259d\u0259r t\u0259dqiqat i\u015fl\u0259ri ba\u015fa \u00e7atd\u0131r\u0131lmal\u0131 v\u0259 t\u0259dbirl\u0259r plan\u0131 h\u0259yata ke\u00e7irilm\u0259lidir. &#8220;S\u00fcr\u00fc\u015fm\u0259 sah\u0259sind\u0259 haz\u0131rda&hellip;","_links":{"self":[{"href":"https:\/\/arantv.az\/index.php?rest_route=\/wp\/v2\/posts\/35862"}],"collection":[{"href":"https:\/\/arantv.az\/index.php?rest_route=\/wp\/v2\/posts"}],"about":[{"href":"https:\/\/arantv.az\/index.php?rest_route=\/wp\/v2\/types\/post"}],"author":[{"embeddable":true,"href":"https:\/\/arantv.az\/index.php?rest_route=\/wp\/v2\/users\/2"}],"replies":[{"embeddable":true,"href":"https:\/\/arantv.az\/index.php?rest_route=%2Fwp%2Fv2%2Fcomments&post=35862"}],"version-history":[{"count":0,"href":"https:\/\/arantv.az\/index.php?rest_route=\/wp\/v2\/posts\/35862\/revisions"}],"wp:featuredmedia":[{"embeddable":true,"href":"https:\/\/arantv.az\/index.php?rest_route=\/wp\/v2\/media\/35863"}],"wp:attachment":[{"href":"https:\/\/arantv.az\/index.php?rest_route=%2Fwp%2Fv2%2Fmedia&parent=35862"}],"wp:term":[{"taxonomy":"category","embeddable":true,"href":"https:\/\/arantv.az\/index.php?rest_route=%2Fwp%2Fv2%2Fcategories&post=35862"},{"taxonomy":"post_tag","embeddable":true,"href":"https:\/\/arantv.az\/index.php?rest_route=%2Fwp%2Fv2%2Ftags&post=35862"}],"curies":[{"name":"wp","href":"https:\/\/api.w.org\/{rel}","templated":true}]}}