{"id":35878,"date":"2019-01-30T15:22:44","date_gmt":"2019-01-30T12:22:44","guid":{"rendered":"http:\/\/arantv.az\/?p=35878"},"modified":"2019-01-30T15:22:44","modified_gmt":"2019-01-30T12:22:44","slug":"kreml-rusiya-v%c9%99-ukrayna-arasinda-hec-bir-muharib%c9%99-yoxdur","status":"publish","type":"post","link":"https:\/\/arantv.az\/?p=35878","title":{"rendered":"Kreml: Rusiya v\u0259 Ukrayna aras\u0131nda he\u00e7 bir m\u00fcharib\u0259 yoxdur"},"content":{"rendered":"<p>Rusiya v\u0259 Ukrayna aras\u0131nda he\u00e7 bir m\u00fcharib\u0259 yoxdur, yaln\u0131z Kiyevin t\u0259xribatlar\u0131 var.<\/p>\n<p><strong>ARANTV.AZ\u00a0<\/strong>x\u0259b\u0259r verir ki, bu s\u00f6zl\u0259ri RF prezidentinin m\u0259tbuat katibi Dmitri Peskov\u00a0Ukrayna lideri Pyotr Poro\u015fenkonun b\u0259yanat\u0131n\u0131 \u015f\u0259rh ed\u0259rk\u0259n bildirib.<\/p>\n<p>Xat\u0131rladaq ki, Poro\u015fenko bir m\u00fcdd\u0259t \u0259vv\u0259l verdiyi b\u0259yanatda ukraynal\u0131lar\u0131n m\u00fcharib\u0259d\u0259n cana g\u0259ldiyini v\u0259 Ukrayna il\u0259 Rusiya aras\u0131nda soyuq m\u00fcharib\u0259y\u0259 ehtiyac oldu\u011funu bildirmi\u015fdi.<\/p>\n<div id=\"AdributorNativeVideo0\" class=\"AdributorNativeVideo\"><\/div>\n<p>\u201cBirincisi, Rusiya v\u0259 Ukrayna aras\u0131nda he\u00e7 bir m\u00fcharib\u0259 yoxdur. Ukraynada v\u0259t\u0259nda\u015f m\u00fcharib\u0259si var, Ukraynada Kiyevd\u0259ki hakimiyy\u0259tin t\u0259hriki il\u0259 ba\u015f ver\u0259n hadis\u0259l\u0259r var\u201d, &#8211; dey\u0259 Peskov jurnalistl\u0259r\u0259 verdiyi a\u00e7\u0131qlamada qeyd edib.<\/p>\n<p>Peskov t\u0259mas x\u0259ttind\u0259 bir s\u0131ra t\u0259xribatlar\u0131n v\u0259 Kiyevd\u0259 g\u00fcc yolu il\u0259 h\u0259yata ke\u00e7iril\u0259n hakimiyy\u0259t d\u0259yi\u015fikliyinin f\u0259sad\u0131 olaraq ba\u015f ver\u0259n bir s\u0131ra hadis\u0259l\u0259r m\u00fc\u015fahid\u0259 olundu\u011funu \u0259lav\u0259 edib.<\/p>\n<p>\u201cOna g\u00f6r\u0259 Rusiya v\u0259 Ukrayna aras\u0131nda he\u00e7 bir m\u00fcharib\u0259 yoxdur, iki qon\u015fu \u00f6lk\u0259, iki qarda\u015f xalq var. Ancaq \u0259lb\u0259tt\u0259 ki, biz bayaq qeyd etdiyim hallara m\u00fcsb\u0259t qiym\u0259t ver\u0259 bilm\u0259rik\u201d, &#8211; dey\u0259 Peskov vur\u011fulay\u0131b.oxu.az<\/p>\n","protected":false},"excerpt":{"rendered":"<p>Rusiya v\u0259 Ukrayna aras\u0131nda he\u00e7 bir m\u00fcharib\u0259 yoxdur, yaln\u0131z Kiyevin t\u0259xribatlar\u0131 var. ARANTV.AZ\u00a0x\u0259b\u0259r verir ki, bu s\u00f6zl\u0259ri RF prezidentinin m\u0259tbuat katibi Dmitri Peskov\u00a0Ukrayna lideri Pyotr Poro\u015fenkonun b\u0259yanat\u0131n\u0131 \u015f\u0259rh ed\u0259rk\u0259n bildirib. Xat\u0131rladaq ki, Poro\u015fenko bir m\u00fcdd\u0259t \u0259vv\u0259l verdiyi b\u0259yanatda ukraynal\u0131lar\u0131n m\u00fcharib\u0259d\u0259n cana g\u0259ldiyini v\u0259 Ukrayna il\u0259 Rusiya aras\u0131nda soyuq m\u00fcharib\u0259y\u0259 ehtiyac oldu\u011funu bildirmi\u015fdi. \u201cBirincisi, Rusiya v\u0259 Ukrayna aras\u0131nda he\u00e7 bir m\u00fcharib\u0259 yoxdur. Ukraynada v\u0259t\u0259nda\u015f m\u00fcharib\u0259si var, Ukraynada Kiyevd\u0259ki hakimiyy\u0259tin t\u0259hriki il\u0259 ba\u015f ver\u0259n hadis\u0259l\u0259r var\u201d, &#8211; dey\u0259 Peskov jurnalistl\u0259r\u0259 verdiyi a\u00e7\u0131qlamada qeyd edib. Peskov t\u0259mas x\u0259ttind\u0259 bir s\u0131ra t\u0259xribatlar\u0131n v\u0259 Kiyevd\u0259&hellip;<\/p>\n","protected":false},"author":2,"featured_media":35879,"comment_status":"closed","ping_status":"closed","sticky":false,"template":"","format":"standard","meta":{"om_disable_all_campaigns":false,"_monsterinsights_skip_tracking":false,"_monsterinsights_sitenote_active":false,"_monsterinsights_sitenote_note":"","_monsterinsights_sitenote_category":0},"categories":[7],"tags":[],"aioseo_notices":[],"gutentor_comment":0,"rttpg_featured_image_url":{"full":["https:\/\/arantv.az\/wp-content\/uploads\/2019\/01\/840e3cf6882834ac2658d10091105fca__1440x.jpg",620,413,false],"landscape":["https:\/\/arantv.az\/wp-content\/uploads\/2019\/01\/840e3cf6882834ac2658d10091105fca__1440x.jpg",620,413,false],"portraits":["https:\/\/arantv.az\/wp-content\/uploads\/2019\/01\/840e3cf6882834ac2658d10091105fca__1440x.jpg",620,413,false],"thumbnail":["https:\/\/arantv.az\/wp-content\/uploads\/2019\/01\/840e3cf6882834ac2658d10091105fca__1440x-150x150.jpg",150,150,true],"medium":["https:\/\/arantv.az\/wp-content\/uploads\/2019\/01\/840e3cf6882834ac2658d10091105fca__1440x-300x200.jpg",300,200,true],"large":["https:\/\/arantv.az\/wp-content\/uploads\/2019\/01\/840e3cf6882834ac2658d10091105fca__1440x.jpg",620,413,false],"1536x1536":["https:\/\/arantv.az\/wp-content\/uploads\/2019\/01\/840e3cf6882834ac2658d10091105fca__1440x.jpg",620,413,false],"2048x2048":["https:\/\/arantv.az\/wp-content\/uploads\/2019\/01\/840e3cf6882834ac2658d10091105fca__1440x.jpg",620,413,false],"post-thumbnail":["https:\/\/arantv.az\/wp-content\/uploads\/2019\/01\/840e3cf6882834ac2658d10091105fca__1440x-240x172.jpg",240,172,true],"advps-thumb-one":["https:\/\/arantv.az\/wp-content\/uploads\/2019\/01\/840e3cf6882834ac2658d10091105fca__1440x.jpg",620,413,false]},"rttpg_author":{"display_name":"V\u00fcsal Rafiqo\u011flu","author_link":"https:\/\/arantv.az\/?author=2"},"rttpg_comment":0,"rttpg_category":"<a href=\"https:\/\/arantv.az\/?cat=7\" rel=\"category\">D\u00fcnya<\/a>","rttpg_excerpt":"Rusiya v\u0259 Ukrayna aras\u0131nda he\u00e7 bir m\u00fcharib\u0259 yoxdur, yaln\u0131z Kiyevin t\u0259xribatlar\u0131 var. ARANTV.AZ\u00a0x\u0259b\u0259r verir ki, bu s\u00f6zl\u0259ri RF prezidentinin m\u0259tbuat katibi Dmitri Peskov\u00a0Ukrayna lideri Pyotr Poro\u015fenkonun b\u0259yanat\u0131n\u0131 \u015f\u0259rh ed\u0259rk\u0259n bildirib. Xat\u0131rladaq ki, Poro\u015fenko bir m\u00fcdd\u0259t \u0259vv\u0259l verdiyi b\u0259yanatda ukraynal\u0131lar\u0131n m\u00fcharib\u0259d\u0259n cana g\u0259ldiyini v\u0259 Ukrayna il\u0259 Rusiya aras\u0131nda soyuq m\u00fcharib\u0259y\u0259 ehtiyac oldu\u011funu bildirmi\u015fdi. \u201cBirincisi, Rusiya v\u0259&hellip;","_links":{"self":[{"href":"https:\/\/arantv.az\/index.php?rest_route=\/wp\/v2\/posts\/35878"}],"collection":[{"href":"https:\/\/arantv.az\/index.php?rest_route=\/wp\/v2\/posts"}],"about":[{"href":"https:\/\/arantv.az\/index.php?rest_route=\/wp\/v2\/types\/post"}],"author":[{"embeddable":true,"href":"https:\/\/arantv.az\/index.php?rest_route=\/wp\/v2\/users\/2"}],"replies":[{"embeddable":true,"href":"https:\/\/arantv.az\/index.php?rest_route=%2Fwp%2Fv2%2Fcomments&post=35878"}],"version-history":[{"count":0,"href":"https:\/\/arantv.az\/index.php?rest_route=\/wp\/v2\/posts\/35878\/revisions"}],"wp:featuredmedia":[{"embeddable":true,"href":"https:\/\/arantv.az\/index.php?rest_route=\/wp\/v2\/media\/35879"}],"wp:attachment":[{"href":"https:\/\/arantv.az\/index.php?rest_route=%2Fwp%2Fv2%2Fmedia&parent=35878"}],"wp:term":[{"taxonomy":"category","embeddable":true,"href":"https:\/\/arantv.az\/index.php?rest_route=%2Fwp%2Fv2%2Fcategories&post=35878"},{"taxonomy":"post_tag","embeddable":true,"href":"https:\/\/arantv.az\/index.php?rest_route=%2Fwp%2Fv2%2Ftags&post=35878"}],"curies":[{"name":"wp","href":"https:\/\/api.w.org\/{rel}","templated":true}]}}