{"id":35884,"date":"2019-01-30T15:25:17","date_gmt":"2019-01-30T12:25:17","guid":{"rendered":"http:\/\/arantv.az\/?p=35884"},"modified":"2019-01-30T15:25:17","modified_gmt":"2019-01-30T12:25:17","slug":"novruz-bayraminin-qeyri-is-gunl%c9%99ri-aciqlandi","status":"publish","type":"post","link":"https:\/\/arantv.az\/?p=35884","title":{"rendered":"Novruz bayram\u0131n\u0131n qeyri-i\u015f g\u00fcnl\u0259ri A\u00c7IQLANDI"},"content":{"rendered":"<p>Az\u0259rbaycanda bu il Novruz \u00e7\u0259r\u015f\u0259nb\u0259l\u0259rinin qeyd olunaca\u011f\u0131 tarixl\u0259r a\u00e7\u0131qlan\u0131b.<\/p>\n<p><strong>ARANTV.AZ<\/strong> x\u0259b\u0259r verir ki, AMEA-n\u0131n \u015eamax\u0131 Astrofizika R\u0259s\u0259dxanas\u0131n\u0131n elmi i\u015fl\u0259r \u00fczr\u0259 direktor m\u00fcavini, fizika \u00fczr\u0259 f\u0259ls\u0259f\u0259 doktoru X\u0131d\u0131r Mikay\u0131lov \u00f6z\u0259l olaraq\u00a0<a href=\"https:\/\/az.trend.az\/\" target=\"_blank\" rel=\"noopener\">Trend<\/a>-\u0259 bildirib ki, bu il ilk &#8211; Su \u00e7\u0259r\u015f\u0259nb\u0259si fevral\u0131n 26-na t\u0259sad\u00fcf ed\u0259c\u0259k.<\/p>\n<p>X.Mikaylovun s\u00f6zl\u0259rin\u0259 g\u00f6r\u0259, mart\u0131n 5-d\u0259 Od, mart\u0131n 12-d\u0259 Yel \u00e7\u0259r\u015f\u0259nb\u0259si olacaq.<\/p>\n<p>Novruzun ilax\u0131r &#8211; Torpaq \u00e7\u0259r\u015f\u0259nb\u0259si is\u0259 mart\u0131n 19-da qeyd edil\u0259c\u0259k.<\/p>\n<div id=\"AdributorNativeVideo0\" class=\"AdributorNativeVideo\"><\/div>\n<p>Bu il yaz f\u0259sli \u00f6lk\u0259y\u0259 mart\u0131n 20-d\u0259n 21-n\u0259 ke\u00e7\u0259n gec\u0259 saat 01:58-d\u0259 g\u0259l\u0259c\u0259k.<\/p>\n<p>X.Mikay\u0131lov qeyd edib ki, mart\u0131n 20-si \u00f6lk\u0259mizd\u0259 bayram ax\u015fam\u0131, 21-i is\u0259 bayram g\u00fcn\u00fc kimi qeyd edil\u0259c\u0259k.<\/p>\n<p>Xat\u0131rladaq ki, bu il Novruz bayram\u0131 il\u0259 \u0259laq\u0259dar 20, 21, 22, 23, 24 mart qeyri-i\u015f g\u00fcnl\u0259ri olacaq. Bu il bayram g\u00fcn\u00fc hesab edil\u0259n 23 v\u0259 24 mart h\u0259ft\u0259l\u0259raras\u0131 istirah\u0259t g\u00fcnl\u0259ri il\u0259 \u00fcst-\u00fcst\u0259 d\u00fc\u015fd\u00fcy\u00fcnd\u0259n 25, 26 mart da qeyri-i\u015f g\u00fcn\u00fc hesab edil\u0259c\u0259k. Bel\u0259likl\u0259, Novruz bayram\u0131 g\u00fcnl\u0259rind\u0259 20-26 mart tarixl\u0259ri qeyri-i\u015f g\u00fcnl\u0259ri olacaq.<\/p>\n","protected":false},"excerpt":{"rendered":"<p>Az\u0259rbaycanda bu il Novruz \u00e7\u0259r\u015f\u0259nb\u0259l\u0259rinin qeyd olunaca\u011f\u0131 tarixl\u0259r a\u00e7\u0131qlan\u0131b. ARANTV.AZ x\u0259b\u0259r verir ki, AMEA-n\u0131n \u015eamax\u0131 Astrofizika R\u0259s\u0259dxanas\u0131n\u0131n elmi i\u015fl\u0259r \u00fczr\u0259 direktor m\u00fcavini, fizika \u00fczr\u0259 f\u0259ls\u0259f\u0259 doktoru X\u0131d\u0131r Mikay\u0131lov \u00f6z\u0259l olaraq\u00a0Trend-\u0259 bildirib ki, bu il ilk &#8211; Su \u00e7\u0259r\u015f\u0259nb\u0259si fevral\u0131n 26-na t\u0259sad\u00fcf ed\u0259c\u0259k. X.Mikaylovun s\u00f6zl\u0259rin\u0259 g\u00f6r\u0259, mart\u0131n 5-d\u0259 Od, mart\u0131n 12-d\u0259 Yel \u00e7\u0259r\u015f\u0259nb\u0259si olacaq. Novruzun ilax\u0131r &#8211; Torpaq \u00e7\u0259r\u015f\u0259nb\u0259si is\u0259 mart\u0131n 19-da qeyd edil\u0259c\u0259k. Bu il yaz f\u0259sli \u00f6lk\u0259y\u0259 mart\u0131n 20-d\u0259n 21-n\u0259 ke\u00e7\u0259n gec\u0259 saat 01:58-d\u0259 g\u0259l\u0259c\u0259k. X.Mikay\u0131lov qeyd edib ki, mart\u0131n 20-si \u00f6lk\u0259mizd\u0259 bayram ax\u015fam\u0131, 21-i is\u0259 bayram g\u00fcn\u00fc kimi&hellip;<\/p>\n","protected":false},"author":2,"featured_media":35885,"comment_status":"closed","ping_status":"closed","sticky":false,"template":"","format":"standard","meta":{"om_disable_all_campaigns":false,"_monsterinsights_skip_tracking":false,"_monsterinsights_sitenote_active":false,"_monsterinsights_sitenote_note":"","_monsterinsights_sitenote_category":0},"categories":[1],"tags":[],"aioseo_notices":[],"gutentor_comment":0,"rttpg_featured_image_url":{"full":["https:\/\/arantv.az\/wp-content\/uploads\/2019\/01\/teqvim_0654-1.jpg",800,600,false],"landscape":["https:\/\/arantv.az\/wp-content\/uploads\/2019\/01\/teqvim_0654-1.jpg",800,600,false],"portraits":["https:\/\/arantv.az\/wp-content\/uploads\/2019\/01\/teqvim_0654-1.jpg",800,600,false],"thumbnail":["https:\/\/arantv.az\/wp-content\/uploads\/2019\/01\/teqvim_0654-1-150x150.jpg",150,150,true],"medium":["https:\/\/arantv.az\/wp-content\/uploads\/2019\/01\/teqvim_0654-1-300x225.jpg",300,225,true],"large":["https:\/\/arantv.az\/wp-content\/uploads\/2019\/01\/teqvim_0654-1.jpg",640,480,false],"1536x1536":["https:\/\/arantv.az\/wp-content\/uploads\/2019\/01\/teqvim_0654-1.jpg",800,600,false],"2048x2048":["https:\/\/arantv.az\/wp-content\/uploads\/2019\/01\/teqvim_0654-1.jpg",800,600,false],"post-thumbnail":["https:\/\/arantv.az\/wp-content\/uploads\/2019\/01\/teqvim_0654-1-240x172.jpg",240,172,true],"advps-thumb-one":["https:\/\/arantv.az\/wp-content\/uploads\/2019\/01\/teqvim_0654-1.jpg",800,600,false]},"rttpg_author":{"display_name":"V\u00fcsal Rafiqo\u011flu","author_link":"https:\/\/arantv.az\/?author=2"},"rttpg_comment":0,"rttpg_category":"<a href=\"https:\/\/arantv.az\/?cat=1\" rel=\"category\">C\u0259miyy\u0259t<\/a>","rttpg_excerpt":"Az\u0259rbaycanda bu il Novruz \u00e7\u0259r\u015f\u0259nb\u0259l\u0259rinin qeyd olunaca\u011f\u0131 tarixl\u0259r a\u00e7\u0131qlan\u0131b. ARANTV.AZ x\u0259b\u0259r verir ki, AMEA-n\u0131n \u015eamax\u0131 Astrofizika R\u0259s\u0259dxanas\u0131n\u0131n elmi i\u015fl\u0259r \u00fczr\u0259 direktor m\u00fcavini, fizika \u00fczr\u0259 f\u0259ls\u0259f\u0259 doktoru X\u0131d\u0131r Mikay\u0131lov \u00f6z\u0259l olaraq\u00a0Trend-\u0259 bildirib ki, bu il ilk &#8211; Su \u00e7\u0259r\u015f\u0259nb\u0259si fevral\u0131n 26-na t\u0259sad\u00fcf ed\u0259c\u0259k. X.Mikaylovun s\u00f6zl\u0259rin\u0259 g\u00f6r\u0259, mart\u0131n 5-d\u0259 Od, mart\u0131n 12-d\u0259 Yel \u00e7\u0259r\u015f\u0259nb\u0259si olacaq. Novruzun ilax\u0131r&hellip;","_links":{"self":[{"href":"https:\/\/arantv.az\/index.php?rest_route=\/wp\/v2\/posts\/35884"}],"collection":[{"href":"https:\/\/arantv.az\/index.php?rest_route=\/wp\/v2\/posts"}],"about":[{"href":"https:\/\/arantv.az\/index.php?rest_route=\/wp\/v2\/types\/post"}],"author":[{"embeddable":true,"href":"https:\/\/arantv.az\/index.php?rest_route=\/wp\/v2\/users\/2"}],"replies":[{"embeddable":true,"href":"https:\/\/arantv.az\/index.php?rest_route=%2Fwp%2Fv2%2Fcomments&post=35884"}],"version-history":[{"count":0,"href":"https:\/\/arantv.az\/index.php?rest_route=\/wp\/v2\/posts\/35884\/revisions"}],"wp:featuredmedia":[{"embeddable":true,"href":"https:\/\/arantv.az\/index.php?rest_route=\/wp\/v2\/media\/35885"}],"wp:attachment":[{"href":"https:\/\/arantv.az\/index.php?rest_route=%2Fwp%2Fv2%2Fmedia&parent=35884"}],"wp:term":[{"taxonomy":"category","embeddable":true,"href":"https:\/\/arantv.az\/index.php?rest_route=%2Fwp%2Fv2%2Fcategories&post=35884"},{"taxonomy":"post_tag","embeddable":true,"href":"https:\/\/arantv.az\/index.php?rest_route=%2Fwp%2Fv2%2Ftags&post=35884"}],"curies":[{"name":"wp","href":"https:\/\/api.w.org\/{rel}","templated":true}]}}