{"id":35887,"date":"2019-01-30T15:26:09","date_gmt":"2019-01-30T12:26:09","guid":{"rendered":"http:\/\/arantv.az\/?p=35887"},"modified":"2019-01-30T15:26:09","modified_gmt":"2019-01-30T12:26:09","slug":"con-boltonun-az%c9%99rbaycan-prezidenti-il%c9%99-telefon-danisigi-bir-daha-gost%c9%99rir-ki-abs-dagliq-qarabag-munaqis%c9%99sinin-h%c9%99llind%c9%99-maraqli-t%c9%99r%c9%99fdir","status":"publish","type":"post","link":"https:\/\/arantv.az\/?p=35887","title":{"rendered":"&#8220;Con Boltonun Az\u0259rbaycan Prezidenti il\u0259 telefon dan\u0131\u015f\u0131\u011f\u0131 bir daha g\u00f6st\u0259rir ki, AB\u015e Da\u011fl\u0131q Qaraba\u011f m\u00fcnaqi\u015f\u0259sinin h\u0259llind\u0259 maraql\u0131 t\u0259r\u0259fdir&#8221;"},"content":{"rendered":"<blockquote><p><em><strong>AB\u015e Prezidentinin milli t\u0259hl\u00fck\u0259sizlik m\u0259s\u0259l\u0259l\u0259ri \u00fczr\u0259 m\u00fc\u015faviri Con Boltonun Az\u0259rbaycan Prezidenti \u0130lham \u018fliyev\u0259 telefon z\u0259ngi bir daha g\u00f6st\u0259rir ki, Az\u0259rbaycan regionun lider d\u00f6vl\u0259ti olaraq d\u00fcnyan\u0131n f\u00f6vq\u0259ld\u00f6vl\u0259tinin diqq\u0259t m\u0259rk\u0259zind\u0259dir v\u0259 Birl\u0259\u015fmi\u015f \u015etatlar Az\u0259rbaycanla m\u00fcnasib\u0259tl\u0259rin inki\u015faf\u0131na maraq g\u00f6st\u0259rir.<\/strong><\/em><\/p><\/blockquote>\n<p><strong>ARANTV.AZ\u00a0<\/strong> x\u0259b\u0259r verir ki, bunu\u00a0<a href=\"https:\/\/az.trend.az\/\" target=\"_blank\" rel=\"noopener\">Trend<\/a>-\u0259 Milli M\u0259clisin deputat\u0131, politoloq Elman N\u0259sirov deyib.<\/p>\n<p>E.N\u0259sirov bildirib ki, \u00f6t\u0259n ilin oktyabr ay\u0131nda C.Boltonun Bak\u0131ya s\u0259f\u0259ri d\u0259 bu deyil\u0259nl\u0259ri t\u0259sdiq etdi:<\/p>\n<p>&#8220;Con Bolton Bak\u0131ya s\u0259f\u0259ri zaman\u0131 x\u00fcsusil\u0259 d\u0259 Az\u0259rbaycan\u0131n beyn\u0259lxalq enerji t\u0259hl\u00fck\u0259sizliyin\u0259 verdiyi t\u00f6hf\u0259, beyn\u0259lxalq terrorizm\u0259 qar\u015f\u0131 m\u00fcbariz\u0259 sah\u0259sind\u0259 atd\u0131\u011f\u0131 add\u0131mlar haqq\u0131nda \u00f6z m\u00fcsb\u0259t m\u00f6vqeyini a\u00e7\u0131qlam\u0131\u015fd\u0131. Bud\u0259f\u0259ki telefon z\u0259ngind\u0259 d\u0259 AB\u015e- Prezidentinin m\u00fc\u015faviri d\u00f6vl\u0259timizin ba\u015f\u00e7\u0131s\u0131 il\u0259 ilk n\u00f6vb\u0259d\u0259 ikit\u0259r\u0259fli m\u00fcnasib\u0259tl\u0259rin haz\u0131rk\u0131 s\u0259viyy\u0259si v\u0259 g\u0259l\u0259c\u0259k inki\u015faf perspektivl\u0259ri haqq\u0131nda fikir m\u00fcbadil\u0259si apar\u0131b, eyni zamanda, \u0259sas diqq\u0259t m\u0259rk\u0259zind\u0259 saxlan\u0131lan m\u0259s\u0259l\u0259 t\u0259hl\u00fck\u0259sizlikl\u0259 ba\u011fl\u0131 olub, Az\u0259rbaycan\u0131n bu g\u00fcn beyn\u0259lxalq enerji t\u0259hl\u00fck\u0259sizliyind\u0259 oynad\u0131\u011f\u0131 rol y\u00fcks\u0259k qiym\u0259tl\u0259ndirilib&#8221;.<\/p>\n<p>Politoloq vur\u011fulay\u0131b ki, C.Boltonun d\u00f6vl\u0259t ba\u015f\u00e7\u0131m\u0131za telefon z\u0259ngi zaman\u0131 Erm\u0259nistan-Az\u0259rbaycan Da\u011fl\u0131q Qaraba\u011f m\u00fcnaqi\u015f\u0259si v\u0259 onun h\u0259lli yollar\u0131 \u0259traf\u0131nda da fikir m\u00fcbadil\u0259si apar\u0131l\u0131b:<\/p>\n<p>&#8220;Con Bolton h\u0259l\u0259 oktyabr s\u0259f\u0259ri zaman\u0131 qeyd etmi\u015fdi ki, m\u00fcnaqi\u015f\u0259nin h\u0259lli n\u0259tic\u0259 etibaril\u0259 regionda t\u0259hl\u00fck\u0259sizlik m\u00fchitinin formala\u015fmas\u0131na xidm\u0259t edir. O, eyni zamanda, Erm\u0259nistanda s\u0259f\u0259rd\u0259 olark\u0259n \u00f6lk\u0259 r\u0259hb\u0259rliyinin diqq\u0259tin\u0259 \u00e7atd\u0131rm\u0131\u015fd\u0131 ki, Erm\u0259nistan\u0131n g\u0259l\u0259c\u0259yi v\u0259 inki\u015faf\u0131 bu m\u00fcnaqi\u015f\u0259nin h\u0259llind\u0259n as\u0131l\u0131d\u0131r. Y\u0259ni faktiki olaraq Con Bolton Erm\u0259nistan r\u0259hb\u0259rliyin\u0259 ba\u015fa salm\u0131\u015fd\u0131 ki, m\u00fcnaqi\u015f\u0259ni tezlikl\u0259 h\u0259ll etm\u0259k laz\u0131md\u0131r, \u0259ks t\u0259qdird\u0259 Erm\u0259nistan\u0131n g\u0259l\u0259c\u0259yind\u0259n, inki\u015faf perspektivind\u0259n s\u00f6hb\u0259t ged\u0259 bilm\u0259z. Yeri g\u0259lmi\u015fk\u0259n, AB\u015e Prezidenti Donald Tramp da Nikol Pa\u015finyan\u0131n Erm\u0259nistan\u0131n ba\u015f nazir se\u00e7ilm\u0259si il\u0259 ba\u011fl\u0131 g\u00f6nd\u0259rdiyi m\u0259ktubunda eyni yana\u015fman\u0131 ortaya qoydu: y\u0259ni Erm\u0259nistan\u0131n g\u0259l\u0259c\u0259yi, taleyi m\u00fcnaqi\u015f\u0259nin h\u0259llind\u0259n ke\u00e7ir&#8221;.<\/p>\n<p>E.N\u0259sirovun fikrinc\u0259, b\u00fct\u00fcn bunlar, h\u0259m\u00e7inin Con Boltonun Az\u0259rbaycan Prezidenti il\u0259 telefon dan\u0131\u015f\u0131\u011f\u0131 bir daha g\u00f6st\u0259rir ki, AB\u015e \u00fc\u00e7\u00fcn Erm\u0259nistan-Az\u0259rbaycan Da\u011fl\u0131q Qaraba\u011f m\u00fcnaqi\u015f\u0259sinin h\u0259lli m\u0259s\u0259l\u0259si \u00e7ox b\u00f6y\u00fck maraq k\u0259sb edir, Birl\u0259\u015fmi\u015f \u015etatlar regional t\u0259hl\u00fck\u0259sizlik kontekstind\u0259 bu m\u00fcnaqi\u015f\u0259nin h\u0259llind\u0259 maraql\u0131 t\u0259r\u0259f kimi \u00e7\u0131x\u0131\u015f edir v\u0259 \u00f6z t\u00f6hf\u0259sini verm\u0259k niyy\u0259tind\u0259dir: &#8220;Hesab edir\u0259m ki, Con Boltonun Az\u0259rbaycan Prezidenti il\u0259 apard\u0131\u011f\u0131 m\u0259hsuldar telefon dan\u0131\u015f\u0131\u011f\u0131 bir daha h\u0259m ikit\u0259r\u0259fli formatda, h\u0259m d\u0259 b\u00fct\u00f6vl\u00fckd\u0259 regionda t\u0259hl\u00fck\u0259sizlik m\u0259nafeyin\u0259 xidm\u0259t g\u00f6st\u0259r\u0259n bir add\u0131md\u0131r&#8221;.<\/p>\n","protected":false},"excerpt":{"rendered":"<p>AB\u015e Prezidentinin milli t\u0259hl\u00fck\u0259sizlik m\u0259s\u0259l\u0259l\u0259ri \u00fczr\u0259 m\u00fc\u015faviri Con Boltonun Az\u0259rbaycan Prezidenti \u0130lham \u018fliyev\u0259 telefon z\u0259ngi bir daha g\u00f6st\u0259rir ki, Az\u0259rbaycan regionun lider d\u00f6vl\u0259ti olaraq d\u00fcnyan\u0131n f\u00f6vq\u0259ld\u00f6vl\u0259tinin diqq\u0259t m\u0259rk\u0259zind\u0259dir v\u0259 Birl\u0259\u015fmi\u015f \u015etatlar Az\u0259rbaycanla m\u00fcnasib\u0259tl\u0259rin inki\u015faf\u0131na maraq g\u00f6st\u0259rir. ARANTV.AZ\u00a0 x\u0259b\u0259r verir ki, bunu\u00a0Trend-\u0259 Milli M\u0259clisin deputat\u0131, politoloq Elman N\u0259sirov deyib. E.N\u0259sirov bildirib ki, \u00f6t\u0259n ilin oktyabr ay\u0131nda C.Boltonun Bak\u0131ya s\u0259f\u0259ri d\u0259 bu deyil\u0259nl\u0259ri t\u0259sdiq etdi: &#8220;Con Bolton Bak\u0131ya s\u0259f\u0259ri zaman\u0131 x\u00fcsusil\u0259 d\u0259 Az\u0259rbaycan\u0131n beyn\u0259lxalq enerji t\u0259hl\u00fck\u0259sizliyin\u0259 verdiyi t\u00f6hf\u0259, beyn\u0259lxalq terrorizm\u0259 qar\u015f\u0131 m\u00fcbariz\u0259 sah\u0259sind\u0259 atd\u0131\u011f\u0131 add\u0131mlar haqq\u0131nda \u00f6z m\u00fcsb\u0259t m\u00f6vqeyini a\u00e7\u0131qlam\u0131\u015fd\u0131. Bud\u0259f\u0259ki telefon&hellip;<\/p>\n","protected":false},"author":2,"featured_media":35888,"comment_status":"closed","ping_status":"closed","sticky":false,"template":"","format":"standard","meta":{"om_disable_all_campaigns":false,"_monsterinsights_skip_tracking":false,"_monsterinsights_sitenote_active":false,"_monsterinsights_sitenote_note":"","_monsterinsights_sitenote_category":0},"categories":[4],"tags":[],"aioseo_notices":[],"gutentor_comment":0,"rttpg_featured_image_url":{"full":["https:\/\/arantv.az\/wp-content\/uploads\/2019\/01\/726077.jpg",800,600,false],"landscape":["https:\/\/arantv.az\/wp-content\/uploads\/2019\/01\/726077.jpg",800,600,false],"portraits":["https:\/\/arantv.az\/wp-content\/uploads\/2019\/01\/726077.jpg",800,600,false],"thumbnail":["https:\/\/arantv.az\/wp-content\/uploads\/2019\/01\/726077-150x150.jpg",150,150,true],"medium":["https:\/\/arantv.az\/wp-content\/uploads\/2019\/01\/726077-300x225.jpg",300,225,true],"large":["https:\/\/arantv.az\/wp-content\/uploads\/2019\/01\/726077.jpg",640,480,false],"1536x1536":["https:\/\/arantv.az\/wp-content\/uploads\/2019\/01\/726077.jpg",800,600,false],"2048x2048":["https:\/\/arantv.az\/wp-content\/uploads\/2019\/01\/726077.jpg",800,600,false],"post-thumbnail":["https:\/\/arantv.az\/wp-content\/uploads\/2019\/01\/726077-240x172.jpg",240,172,true],"advps-thumb-one":["https:\/\/arantv.az\/wp-content\/uploads\/2019\/01\/726077.jpg",800,600,false]},"rttpg_author":{"display_name":"V\u00fcsal Rafiqo\u011flu","author_link":"https:\/\/arantv.az\/?author=2"},"rttpg_comment":0,"rttpg_category":"<a href=\"https:\/\/arantv.az\/?cat=4\" rel=\"category\">Siyas\u0259t<\/a>","rttpg_excerpt":"AB\u015e Prezidentinin milli t\u0259hl\u00fck\u0259sizlik m\u0259s\u0259l\u0259l\u0259ri \u00fczr\u0259 m\u00fc\u015faviri Con Boltonun Az\u0259rbaycan Prezidenti \u0130lham \u018fliyev\u0259 telefon z\u0259ngi bir daha g\u00f6st\u0259rir ki, Az\u0259rbaycan regionun lider d\u00f6vl\u0259ti olaraq d\u00fcnyan\u0131n f\u00f6vq\u0259ld\u00f6vl\u0259tinin diqq\u0259t m\u0259rk\u0259zind\u0259dir v\u0259 Birl\u0259\u015fmi\u015f \u015etatlar Az\u0259rbaycanla m\u00fcnasib\u0259tl\u0259rin inki\u015faf\u0131na maraq g\u00f6st\u0259rir. ARANTV.AZ\u00a0 x\u0259b\u0259r verir ki, bunu\u00a0Trend-\u0259 Milli M\u0259clisin deputat\u0131, politoloq Elman N\u0259sirov deyib. E.N\u0259sirov bildirib ki, \u00f6t\u0259n ilin oktyabr ay\u0131nda&hellip;","_links":{"self":[{"href":"https:\/\/arantv.az\/index.php?rest_route=\/wp\/v2\/posts\/35887"}],"collection":[{"href":"https:\/\/arantv.az\/index.php?rest_route=\/wp\/v2\/posts"}],"about":[{"href":"https:\/\/arantv.az\/index.php?rest_route=\/wp\/v2\/types\/post"}],"author":[{"embeddable":true,"href":"https:\/\/arantv.az\/index.php?rest_route=\/wp\/v2\/users\/2"}],"replies":[{"embeddable":true,"href":"https:\/\/arantv.az\/index.php?rest_route=%2Fwp%2Fv2%2Fcomments&post=35887"}],"version-history":[{"count":0,"href":"https:\/\/arantv.az\/index.php?rest_route=\/wp\/v2\/posts\/35887\/revisions"}],"wp:featuredmedia":[{"embeddable":true,"href":"https:\/\/arantv.az\/index.php?rest_route=\/wp\/v2\/media\/35888"}],"wp:attachment":[{"href":"https:\/\/arantv.az\/index.php?rest_route=%2Fwp%2Fv2%2Fmedia&parent=35887"}],"wp:term":[{"taxonomy":"category","embeddable":true,"href":"https:\/\/arantv.az\/index.php?rest_route=%2Fwp%2Fv2%2Fcategories&post=35887"},{"taxonomy":"post_tag","embeddable":true,"href":"https:\/\/arantv.az\/index.php?rest_route=%2Fwp%2Fv2%2Ftags&post=35887"}],"curies":[{"name":"wp","href":"https:\/\/api.w.org\/{rel}","templated":true}]}}