{"id":35899,"date":"2019-01-30T15:35:23","date_gmt":"2019-01-30T12:35:23","guid":{"rendered":"http:\/\/arantv.az\/?p=35899"},"modified":"2019-01-30T15:35:23","modified_gmt":"2019-01-30T12:35:23","slug":"tehranda-yeni-qadaga-qanunu-pozana-sallaq-c%c9%99zasi","status":"publish","type":"post","link":"https:\/\/arantv.az\/?p=35899","title":{"rendered":"Tehranda yeni qada\u011fa \u2014 Qanunu pozana \u015fallaq c\u0259zas\u0131"},"content":{"rendered":"<div class=\"spot\">\u0130ran\u0131n paytaxt\u0131 Tehran \u015f\u0259h\u0259rind\u0259 k\u00fc\u00e7\u0259d\u0259 it g\u0259zdirm\u0259k qada\u011fan edilib.<\/div>\n<p><strong>ARANTV.AZ\u00a0<\/strong> x\u0259b\u0259r verir ki, qanunun m\u0259qs\u0259di yerli sakinl\u0259ri it saxlamaqdan \u00e7\u0259kindirm\u0259kdir. Bu qada\u011fa \u00e7\u0259r\u00e7iv\u0259sind\u0259 heyvanlar avtomobild\u0259 d\u0259 g\u0259zdirilm\u0259y\u0259c\u0259k.<\/p>\n<p>Tehran ba\u015f polis idar\u0259sinin r\u0259isi H\u00fcseyin R\u0259himi deyib:<\/p>\n<p>\u201c\u0130t g\u0259zdir\u0259nl\u0259r\u0259 qar\u015f\u0131 t\u0259dbirl\u0259r g\u00f6r\u00fcl\u0259c\u0259k. Tehran prokurorlu\u011fundan icaz\u0259 ald\u0131q. Park kimi ictimai yerl\u0259rd\u0259 it g\u0259zdirm\u0259k olmaz. \u0130t insanlar aras\u0131nda qorxu v\u0259 narahat\u00e7\u0131l\u0131\u011fa s\u0259b\u0259b olur. Bu s\u0259b\u0259bd\u0259n icaz\u0259 verilmir\u201d.<\/p>\n<p>1979-cu il \u0130slam \u0130nqilab\u0131ndan bu yana evd\u0259 it saxlama\u011f\u0131n m\u00fcbahis\u0259 m\u00f6vzusu oldu\u011fu m\u0259lumdur. Din r\u0259smil\u0259ri is\u0259 itl\u0259rin t\u0259miz olmad\u0131\u011f\u0131n\u0131 bildirir v\u0259 evd\u0259 it saxlama\u011f\u0131n Q\u0259rbd\u0259n g\u0259l\u0259n ad\u0259t oldu\u011funu qeyd edirl\u0259r.<\/p>\n<div id=\"AdributorNativeVideo0\" class=\"AdributorNativeVideo\"><\/div>\n<p>Be\u015f il \u0259vv\u0259l d\u0259 \u0130ran parlamentin\u0259 it sahibl\u0259rin\u0259 c\u0259rim\u0259 yaz\u0131lmas\u0131 v\u0259 ya bu insanlar\u0131n \u015fallaqlanmas\u0131 bar\u0259d\u0259 qanun layih\u0259si t\u0259klif edilib.<\/p>\n<p><img src=\"https:\/\/foto.haberler.com\/haber\/2019\/01\/30\/iran-in-baskenti-tahran-da-kopek-gezdirmek-11691824_o.jpg\" width=\"100%\" \/><\/p>\n<p><em><br \/>\n\u00d6lk\u0259.Az<\/em><\/p>\n","protected":false},"excerpt":{"rendered":"<p>\u0130ran\u0131n paytaxt\u0131 Tehran \u015f\u0259h\u0259rind\u0259 k\u00fc\u00e7\u0259d\u0259 it g\u0259zdirm\u0259k qada\u011fan edilib. ARANTV.AZ\u00a0 x\u0259b\u0259r verir ki, qanunun m\u0259qs\u0259di yerli sakinl\u0259ri it saxlamaqdan \u00e7\u0259kindirm\u0259kdir. Bu qada\u011fa \u00e7\u0259r\u00e7iv\u0259sind\u0259 heyvanlar avtomobild\u0259 d\u0259 g\u0259zdirilm\u0259y\u0259c\u0259k. Tehran ba\u015f polis idar\u0259sinin r\u0259isi H\u00fcseyin R\u0259himi deyib: \u201c\u0130t g\u0259zdir\u0259nl\u0259r\u0259 qar\u015f\u0131 t\u0259dbirl\u0259r g\u00f6r\u00fcl\u0259c\u0259k. Tehran prokurorlu\u011fundan icaz\u0259 ald\u0131q. Park kimi ictimai yerl\u0259rd\u0259 it g\u0259zdirm\u0259k olmaz. \u0130t insanlar aras\u0131nda qorxu v\u0259 narahat\u00e7\u0131l\u0131\u011fa s\u0259b\u0259b olur. Bu s\u0259b\u0259bd\u0259n icaz\u0259 verilmir\u201d. 1979-cu il \u0130slam \u0130nqilab\u0131ndan bu yana evd\u0259 it saxlama\u011f\u0131n m\u00fcbahis\u0259 m\u00f6vzusu oldu\u011fu m\u0259lumdur. Din r\u0259smil\u0259ri is\u0259 itl\u0259rin t\u0259miz olmad\u0131\u011f\u0131n\u0131 bildirir v\u0259 evd\u0259 it saxlama\u011f\u0131n Q\u0259rbd\u0259n g\u0259l\u0259n ad\u0259t&hellip;<\/p>\n","protected":false},"author":2,"featured_media":35900,"comment_status":"closed","ping_status":"closed","sticky":false,"template":"","format":"standard","meta":{"om_disable_all_campaigns":false,"_monsterinsights_skip_tracking":false,"_monsterinsights_sitenote_active":false,"_monsterinsights_sitenote_note":"","_monsterinsights_sitenote_category":0},"categories":[7],"tags":[],"aioseo_notices":[],"gutentor_comment":0,"rttpg_featured_image_url":{"full":["https:\/\/arantv.az\/wp-content\/uploads\/2019\/01\/iran.jpg",620,375,false],"landscape":["https:\/\/arantv.az\/wp-content\/uploads\/2019\/01\/iran.jpg",620,375,false],"portraits":["https:\/\/arantv.az\/wp-content\/uploads\/2019\/01\/iran.jpg",620,375,false],"thumbnail":["https:\/\/arantv.az\/wp-content\/uploads\/2019\/01\/iran-150x150.jpg",150,150,true],"medium":["https:\/\/arantv.az\/wp-content\/uploads\/2019\/01\/iran-300x181.jpg",300,181,true],"large":["https:\/\/arantv.az\/wp-content\/uploads\/2019\/01\/iran.jpg",620,375,false],"1536x1536":["https:\/\/arantv.az\/wp-content\/uploads\/2019\/01\/iran.jpg",620,375,false],"2048x2048":["https:\/\/arantv.az\/wp-content\/uploads\/2019\/01\/iran.jpg",620,375,false],"post-thumbnail":["https:\/\/arantv.az\/wp-content\/uploads\/2019\/01\/iran-240x172.jpg",240,172,true],"advps-thumb-one":["https:\/\/arantv.az\/wp-content\/uploads\/2019\/01\/iran.jpg",620,375,false]},"rttpg_author":{"display_name":"V\u00fcsal Rafiqo\u011flu","author_link":"https:\/\/arantv.az\/?author=2"},"rttpg_comment":0,"rttpg_category":"<a href=\"https:\/\/arantv.az\/?cat=7\" rel=\"category\">D\u00fcnya<\/a>","rttpg_excerpt":"\u0130ran\u0131n paytaxt\u0131 Tehran \u015f\u0259h\u0259rind\u0259 k\u00fc\u00e7\u0259d\u0259 it g\u0259zdirm\u0259k qada\u011fan edilib. ARANTV.AZ\u00a0 x\u0259b\u0259r verir ki, qanunun m\u0259qs\u0259di yerli sakinl\u0259ri it saxlamaqdan \u00e7\u0259kindirm\u0259kdir. Bu qada\u011fa \u00e7\u0259r\u00e7iv\u0259sind\u0259 heyvanlar avtomobild\u0259 d\u0259 g\u0259zdirilm\u0259y\u0259c\u0259k. Tehran ba\u015f polis idar\u0259sinin r\u0259isi H\u00fcseyin R\u0259himi deyib: \u201c\u0130t g\u0259zdir\u0259nl\u0259r\u0259 qar\u015f\u0131 t\u0259dbirl\u0259r g\u00f6r\u00fcl\u0259c\u0259k. Tehran prokurorlu\u011fundan icaz\u0259 ald\u0131q. Park kimi ictimai yerl\u0259rd\u0259 it g\u0259zdirm\u0259k olmaz. \u0130t insanlar aras\u0131nda qorxu&hellip;","_links":{"self":[{"href":"https:\/\/arantv.az\/index.php?rest_route=\/wp\/v2\/posts\/35899"}],"collection":[{"href":"https:\/\/arantv.az\/index.php?rest_route=\/wp\/v2\/posts"}],"about":[{"href":"https:\/\/arantv.az\/index.php?rest_route=\/wp\/v2\/types\/post"}],"author":[{"embeddable":true,"href":"https:\/\/arantv.az\/index.php?rest_route=\/wp\/v2\/users\/2"}],"replies":[{"embeddable":true,"href":"https:\/\/arantv.az\/index.php?rest_route=%2Fwp%2Fv2%2Fcomments&post=35899"}],"version-history":[{"count":0,"href":"https:\/\/arantv.az\/index.php?rest_route=\/wp\/v2\/posts\/35899\/revisions"}],"wp:featuredmedia":[{"embeddable":true,"href":"https:\/\/arantv.az\/index.php?rest_route=\/wp\/v2\/media\/35900"}],"wp:attachment":[{"href":"https:\/\/arantv.az\/index.php?rest_route=%2Fwp%2Fv2%2Fmedia&parent=35899"}],"wp:term":[{"taxonomy":"category","embeddable":true,"href":"https:\/\/arantv.az\/index.php?rest_route=%2Fwp%2Fv2%2Fcategories&post=35899"},{"taxonomy":"post_tag","embeddable":true,"href":"https:\/\/arantv.az\/index.php?rest_route=%2Fwp%2Fv2%2Ftags&post=35899"}],"curies":[{"name":"wp","href":"https:\/\/api.w.org\/{rel}","templated":true}]}}