{"id":35902,"date":"2019-01-30T15:38:17","date_gmt":"2019-01-30T12:38:17","guid":{"rendered":"http:\/\/arantv.az\/?p=35902"},"modified":"2019-01-30T15:38:17","modified_gmt":"2019-01-30T12:38:17","slug":"az%c9%99rbaycan-feto-nun-r%c9%99hb%c9%99rl%c9%99rind%c9%99n-birini-turkiy%c9%99y%c9%99-t%c9%99hvil-verdi","status":"publish","type":"post","link":"https:\/\/arantv.az\/?p=35902","title":{"rendered":"Az\u0259rbaycan FET\u00d6-n\u00fcn r\u0259hb\u0259rl\u0259rind\u0259n birini T\u00fcrkiy\u0259y\u0259 t\u0259hvil verdi"},"content":{"rendered":"<p>F\u0259tullah\u00e7\u0131 terror t\u0259\u015fkilat\u0131n\u0131n (FET\u00d6) Az\u0259rbaycandak\u0131 r\u0259hb\u0259rl\u0259rind\u0259n biri say\u0131lan \u0130brahim E. T\u00fcrkiy\u0259y\u0259 ekstradisiya edilib.<\/p>\n<p><b>ARANTV.AZ <\/b>oxu.az-a istinad\u0259n x\u0259b\u0259r verir ki, \u201cZaman\u201d q\u0259zetinin Az\u0259rbaycandak\u0131 m\u0259tb\u0259\u0259sinin sahibi olan \u0130brahim E. Bak\u0131da saxlan\u0131l\u0131b.<\/p>\n<p>O, bir ne\u00e7\u0259 g\u00fcn \u00f6nc\u0259 T\u00fcrkiy\u0259 t\u0259r\u0259fin\u0259 t\u0259hvil verilib.<\/p>\n<div id=\"AdributorNativeVideo0\" class=\"AdributorNativeVideo\"><\/div>\n<p>\u0130brahim E. bar\u0259sind\u0259 terror t\u0259\u015fkilat\u0131na \u00fczv olma madd\u0259si il\u0259 ittiham ir\u0259li s\u00fcr\u00fcl\u00fcb.<\/p>\n","protected":false},"excerpt":{"rendered":"<p>F\u0259tullah\u00e7\u0131 terror t\u0259\u015fkilat\u0131n\u0131n (FET\u00d6) Az\u0259rbaycandak\u0131 r\u0259hb\u0259rl\u0259rind\u0259n biri say\u0131lan \u0130brahim E. T\u00fcrkiy\u0259y\u0259 ekstradisiya edilib. ARANTV.AZ oxu.az-a istinad\u0259n x\u0259b\u0259r verir ki, \u201cZaman\u201d q\u0259zetinin Az\u0259rbaycandak\u0131 m\u0259tb\u0259\u0259sinin sahibi olan \u0130brahim E. Bak\u0131da saxlan\u0131l\u0131b. O, bir ne\u00e7\u0259 g\u00fcn \u00f6nc\u0259 T\u00fcrkiy\u0259 t\u0259r\u0259fin\u0259 t\u0259hvil verilib. \u0130brahim E. bar\u0259sind\u0259 terror t\u0259\u015fkilat\u0131na \u00fczv olma madd\u0259si il\u0259 ittiham ir\u0259li s\u00fcr\u00fcl\u00fcb.<\/p>\n","protected":false},"author":2,"featured_media":35903,"comment_status":"closed","ping_status":"closed","sticky":false,"template":"","format":"standard","meta":{"om_disable_all_campaigns":false,"_monsterinsights_skip_tracking":false,"_monsterinsights_sitenote_active":false,"_monsterinsights_sitenote_note":"","_monsterinsights_sitenote_category":0},"categories":[5],"tags":[],"aioseo_notices":[],"gutentor_comment":0,"rttpg_featured_image_url":{"full":["https:\/\/arantv.az\/wp-content\/uploads\/2019\/01\/turk.jpg",620,310,false],"landscape":["https:\/\/arantv.az\/wp-content\/uploads\/2019\/01\/turk.jpg",620,310,false],"portraits":["https:\/\/arantv.az\/wp-content\/uploads\/2019\/01\/turk.jpg",620,310,false],"thumbnail":["https:\/\/arantv.az\/wp-content\/uploads\/2019\/01\/turk-150x150.jpg",150,150,true],"medium":["https:\/\/arantv.az\/wp-content\/uploads\/2019\/01\/turk-300x150.jpg",300,150,true],"large":["https:\/\/arantv.az\/wp-content\/uploads\/2019\/01\/turk.jpg",620,310,false],"1536x1536":["https:\/\/arantv.az\/wp-content\/uploads\/2019\/01\/turk.jpg",620,310,false],"2048x2048":["https:\/\/arantv.az\/wp-content\/uploads\/2019\/01\/turk.jpg",620,310,false],"post-thumbnail":["https:\/\/arantv.az\/wp-content\/uploads\/2019\/01\/turk-240x172.jpg",240,172,true],"advps-thumb-one":["https:\/\/arantv.az\/wp-content\/uploads\/2019\/01\/turk.jpg",620,310,false]},"rttpg_author":{"display_name":"V\u00fcsal Rafiqo\u011flu","author_link":"https:\/\/arantv.az\/?author=2"},"rttpg_comment":0,"rttpg_category":"<a href=\"https:\/\/arantv.az\/?cat=5\" rel=\"category\">Hadis\u0259<\/a>","rttpg_excerpt":"F\u0259tullah\u00e7\u0131 terror t\u0259\u015fkilat\u0131n\u0131n (FET\u00d6) Az\u0259rbaycandak\u0131 r\u0259hb\u0259rl\u0259rind\u0259n biri say\u0131lan \u0130brahim E. T\u00fcrkiy\u0259y\u0259 ekstradisiya edilib. ARANTV.AZ oxu.az-a istinad\u0259n x\u0259b\u0259r verir ki, \u201cZaman\u201d q\u0259zetinin Az\u0259rbaycandak\u0131 m\u0259tb\u0259\u0259sinin sahibi olan \u0130brahim E. Bak\u0131da saxlan\u0131l\u0131b. O, bir ne\u00e7\u0259 g\u00fcn \u00f6nc\u0259 T\u00fcrkiy\u0259 t\u0259r\u0259fin\u0259 t\u0259hvil verilib. \u0130brahim E. bar\u0259sind\u0259 terror t\u0259\u015fkilat\u0131na \u00fczv olma madd\u0259si il\u0259 ittiham ir\u0259li s\u00fcr\u00fcl\u00fcb.","_links":{"self":[{"href":"https:\/\/arantv.az\/index.php?rest_route=\/wp\/v2\/posts\/35902"}],"collection":[{"href":"https:\/\/arantv.az\/index.php?rest_route=\/wp\/v2\/posts"}],"about":[{"href":"https:\/\/arantv.az\/index.php?rest_route=\/wp\/v2\/types\/post"}],"author":[{"embeddable":true,"href":"https:\/\/arantv.az\/index.php?rest_route=\/wp\/v2\/users\/2"}],"replies":[{"embeddable":true,"href":"https:\/\/arantv.az\/index.php?rest_route=%2Fwp%2Fv2%2Fcomments&post=35902"}],"version-history":[{"count":0,"href":"https:\/\/arantv.az\/index.php?rest_route=\/wp\/v2\/posts\/35902\/revisions"}],"wp:featuredmedia":[{"embeddable":true,"href":"https:\/\/arantv.az\/index.php?rest_route=\/wp\/v2\/media\/35903"}],"wp:attachment":[{"href":"https:\/\/arantv.az\/index.php?rest_route=%2Fwp%2Fv2%2Fmedia&parent=35902"}],"wp:term":[{"taxonomy":"category","embeddable":true,"href":"https:\/\/arantv.az\/index.php?rest_route=%2Fwp%2Fv2%2Fcategories&post=35902"},{"taxonomy":"post_tag","embeddable":true,"href":"https:\/\/arantv.az\/index.php?rest_route=%2Fwp%2Fv2%2Ftags&post=35902"}],"curies":[{"name":"wp","href":"https:\/\/api.w.org\/{rel}","templated":true}]}}