{"id":359044,"date":"2021-07-22T08:58:01","date_gmt":"2021-07-22T05:58:01","guid":{"rendered":"http:\/\/arantv.az\/?p=359044"},"modified":"2021-07-22T08:58:01","modified_gmt":"2021-07-22T05:58:01","slug":"ispaniyada-aciq-havada-maska-taxmaq-m%c9%99cburiyy%c9%99ti-l%c9%99gv-olundu","status":"publish","type":"post","link":"https:\/\/arantv.az\/?p=359044","title":{"rendered":"\u0130spaniyada a\u00e7\u0131q havada maska taxmaq m\u0259cburiyy\u0259ti l\u0259\u011fv olundu"},"content":{"rendered":"<p>\u0130spaniya parlamentinin a\u015fa\u011f\u0131 palatas\u0131 olan Deputatlar Konqresi a\u00e7\u0131q havada maska taxmaq m\u0259cburiyy\u0259tinin l\u0259\u011fvi bar\u0259d\u0259 h\u00f6kum\u0259tin f\u0259rman\u0131n\u0131 t\u0259sdiq edib.<\/p>\n<p>Bu bar\u0259d\u0259 palatadan yay\u0131lan m\u0259lumatda bildirlib.<\/p>\n<div id=\"AdviadNativeVideo0\" class=\"AdviadNativeVideo\"><\/div>\n<p>Art\u0131q iyulun 26-dan etibar\u0259n \u00f6lk\u0259 v\u0259t\u0259nda\u015flar\u0131 k\u00fc\u00e7\u0259y\u0259 maska taxmadan \u00e7\u0131xa bil\u0259rl\u0259r. Lakin bu zaman sosial m\u0259saf\u0259y\u0259 riay\u0259t olunmas\u0131 t\u0259l\u0259bi \u0259vv\u0259lki kimi q\u00fcvv\u0259d\u0259 qal\u0131r.<\/p>\n<p>H\u0259m\u00e7inin, qapal\u0131 m\u0259kanlarda da maska taxmaq t\u0259l\u0259bi saxlan\u0131l\u0131r.<\/p>\n<p>Qeyd ed\u0259k ki, \u0130spaniyada \u0259halinin 50%-d\u0259n \u00e7oxunun vaksinasiyas\u0131 ba\u015fa \u00e7at\u0131b.<\/p>\n","protected":false},"excerpt":{"rendered":"<p>\u0130spaniya parlamentinin a\u015fa\u011f\u0131 palatas\u0131 olan Deputatlar Konqresi a\u00e7\u0131q havada maska taxmaq m\u0259cburiyy\u0259tinin l\u0259\u011fvi bar\u0259d\u0259 h\u00f6kum\u0259tin f\u0259rman\u0131n\u0131 t\u0259sdiq edib. Bu bar\u0259d\u0259 palatadan yay\u0131lan m\u0259lumatda bildirlib. Art\u0131q iyulun 26-dan etibar\u0259n \u00f6lk\u0259 v\u0259t\u0259nda\u015flar\u0131 k\u00fc\u00e7\u0259y\u0259 maska taxmadan \u00e7\u0131xa bil\u0259rl\u0259r. Lakin bu zaman sosial m\u0259saf\u0259y\u0259 riay\u0259t olunmas\u0131 t\u0259l\u0259bi \u0259vv\u0259lki kimi q\u00fcvv\u0259d\u0259 qal\u0131r. H\u0259m\u00e7inin, qapal\u0131 m\u0259kanlarda da maska taxmaq t\u0259l\u0259bi saxlan\u0131l\u0131r. Qeyd ed\u0259k ki, \u0130spaniyada \u0259halinin 50%-d\u0259n \u00e7oxunun vaksinasiyas\u0131 ba\u015fa \u00e7at\u0131b.<\/p>\n","protected":false},"author":2,"featured_media":359045,"comment_status":"closed","ping_status":"closed","sticky":false,"template":"","format":"standard","meta":{"om_disable_all_campaigns":false,"_monsterinsights_skip_tracking":false,"_monsterinsights_sitenote_active":false,"_monsterinsights_sitenote_note":"","_monsterinsights_sitenote_category":0},"categories":[7],"tags":[],"aioseo_notices":[],"gutentor_comment":0,"rttpg_featured_image_url":{"full":["https:\/\/arantv.az\/wp-content\/uploads\/2021\/07\/thumbs_b_c_ec3a8ac06c5a86dc4834a0d4eaf3af38.jpg",620,349,false],"landscape":["https:\/\/arantv.az\/wp-content\/uploads\/2021\/07\/thumbs_b_c_ec3a8ac06c5a86dc4834a0d4eaf3af38.jpg",620,349,false],"portraits":["https:\/\/arantv.az\/wp-content\/uploads\/2021\/07\/thumbs_b_c_ec3a8ac06c5a86dc4834a0d4eaf3af38.jpg",620,349,false],"thumbnail":["https:\/\/arantv.az\/wp-content\/uploads\/2021\/07\/thumbs_b_c_ec3a8ac06c5a86dc4834a0d4eaf3af38-500x280.jpg",500,280,true],"medium":["https:\/\/arantv.az\/wp-content\/uploads\/2021\/07\/thumbs_b_c_ec3a8ac06c5a86dc4834a0d4eaf3af38.jpg",620,349,false],"large":["https:\/\/arantv.az\/wp-content\/uploads\/2021\/07\/thumbs_b_c_ec3a8ac06c5a86dc4834a0d4eaf3af38.jpg",620,349,false],"1536x1536":["https:\/\/arantv.az\/wp-content\/uploads\/2021\/07\/thumbs_b_c_ec3a8ac06c5a86dc4834a0d4eaf3af38.jpg",620,349,false],"2048x2048":["https:\/\/arantv.az\/wp-content\/uploads\/2021\/07\/thumbs_b_c_ec3a8ac06c5a86dc4834a0d4eaf3af38.jpg",620,349,false],"post-thumbnail":["https:\/\/arantv.az\/wp-content\/uploads\/2021\/07\/thumbs_b_c_ec3a8ac06c5a86dc4834a0d4eaf3af38-240x172.jpg",240,172,true],"advps-thumb-one":["https:\/\/arantv.az\/wp-content\/uploads\/2021\/07\/thumbs_b_c_ec3a8ac06c5a86dc4834a0d4eaf3af38.jpg",620,349,false]},"rttpg_author":{"display_name":"V\u00fcsal Rafiqo\u011flu","author_link":"https:\/\/arantv.az\/?author=2"},"rttpg_comment":0,"rttpg_category":"<a href=\"https:\/\/arantv.az\/?cat=7\" rel=\"category\">D\u00fcnya<\/a>","rttpg_excerpt":"\u0130spaniya parlamentinin a\u015fa\u011f\u0131 palatas\u0131 olan Deputatlar Konqresi a\u00e7\u0131q havada maska taxmaq m\u0259cburiyy\u0259tinin l\u0259\u011fvi bar\u0259d\u0259 h\u00f6kum\u0259tin f\u0259rman\u0131n\u0131 t\u0259sdiq edib. Bu bar\u0259d\u0259 palatadan yay\u0131lan m\u0259lumatda bildirlib. Art\u0131q iyulun 26-dan etibar\u0259n \u00f6lk\u0259 v\u0259t\u0259nda\u015flar\u0131 k\u00fc\u00e7\u0259y\u0259 maska taxmadan \u00e7\u0131xa bil\u0259rl\u0259r. Lakin bu zaman sosial m\u0259saf\u0259y\u0259 riay\u0259t olunmas\u0131 t\u0259l\u0259bi \u0259vv\u0259lki kimi q\u00fcvv\u0259d\u0259 qal\u0131r. H\u0259m\u00e7inin, qapal\u0131 m\u0259kanlarda da maska taxmaq t\u0259l\u0259bi saxlan\u0131l\u0131r.&hellip;","_links":{"self":[{"href":"https:\/\/arantv.az\/index.php?rest_route=\/wp\/v2\/posts\/359044"}],"collection":[{"href":"https:\/\/arantv.az\/index.php?rest_route=\/wp\/v2\/posts"}],"about":[{"href":"https:\/\/arantv.az\/index.php?rest_route=\/wp\/v2\/types\/post"}],"author":[{"embeddable":true,"href":"https:\/\/arantv.az\/index.php?rest_route=\/wp\/v2\/users\/2"}],"replies":[{"embeddable":true,"href":"https:\/\/arantv.az\/index.php?rest_route=%2Fwp%2Fv2%2Fcomments&post=359044"}],"version-history":[{"count":0,"href":"https:\/\/arantv.az\/index.php?rest_route=\/wp\/v2\/posts\/359044\/revisions"}],"wp:featuredmedia":[{"embeddable":true,"href":"https:\/\/arantv.az\/index.php?rest_route=\/wp\/v2\/media\/359045"}],"wp:attachment":[{"href":"https:\/\/arantv.az\/index.php?rest_route=%2Fwp%2Fv2%2Fmedia&parent=359044"}],"wp:term":[{"taxonomy":"category","embeddable":true,"href":"https:\/\/arantv.az\/index.php?rest_route=%2Fwp%2Fv2%2Fcategories&post=359044"},{"taxonomy":"post_tag","embeddable":true,"href":"https:\/\/arantv.az\/index.php?rest_route=%2Fwp%2Fv2%2Ftags&post=359044"}],"curies":[{"name":"wp","href":"https:\/\/api.w.org\/{rel}","templated":true}]}}