{"id":359068,"date":"2021-07-22T10:07:50","date_gmt":"2021-07-22T07:07:50","guid":{"rendered":"http:\/\/arantv.az\/?p=359068"},"modified":"2021-07-22T10:07:50","modified_gmt":"2021-07-22T07:07:50","slug":"aran-media-q%c9%99zetinin-kollektivi-m%c9%99tbuat-gunu-munasib%c9%99til%c9%99-az%c9%99rbaycan-jurnalistl%c9%99rini-t%c9%99brik-edir","status":"publish","type":"post","link":"https:\/\/arantv.az\/?p=359068","title":{"rendered":"\u201cAran Media\u201d q\u0259zetinin kollektivi m\u0259tbuat g\u00fcn\u00fc m\u00fcnasib\u0259til\u0259 Az\u0259rbaycan jurnalistl\u0259rini t\u0259brik edir"},"content":{"rendered":"<p><strong>Q\u0259l\u0259mi il\u0259 mill\u0259timizin xo\u015fb\u0259xt g\u0259l\u0259c\u0259yin\u0259 imza atan b\u00fct\u00fcn h\u0259mkarlar\u0131m, bayram\u0131n\u0131z m\u00fcbar\u0259k!<\/strong><\/p>\n<p>Az\u0259rbaycan m\u0259tbuat\u0131 milli t\u0259f\u0259kk\u00fcr\u00fcn, b\u00fct\u00f6vl\u00fckd\u0259 ictimai \u015f\u00fcurun formala\u015fmas\u0131 m\u00fcst\u0259visind\u0259 z\u0259ngin v\u0259 \u015f\u0259r\u0259fli bir tarixi \u00f6z\u00fcnd\u0259 ehtiva edir. B\u00f6y\u00fck \u00a0m\u00fct\u0259f\u0259kkir H\u0259s\u0259n b\u0259y Z\u0259rdabinin yaratd\u0131\u011f\u0131 \u201c\u018fkin\u00e7i\u201d q\u0259zeti il\u0259 \u015f\u0259r\u0259fli v\u0259 \u00e7\u0259tin bir yol ba\u015flayan Az\u0259rbaycan m\u0259tbuat\u0131 zaman-zaman inki\u015faf ed\u0259r\u0259k milli d\u00f6vl\u0259t\u00e7iliyimizin inki\u015faf\u0131nda, m\u0259tbuat tariximizd\u0259 qar\u015f\u0131da duran b\u00fct\u00fcn imtahanlardan daim \u00fcz\u00fca\u011f \u00e7\u0131xm\u0131\u015fd\u0131r. Bel\u0259 bir \u015f\u0259r\u0259fli yolda tarixi xidm\u0259tl\u0259r g\u00f6st\u0259rmi\u015f f\u0259dakar ziyal\u0131lar\u0131m\u0131zbu g\u00fcn d\u0259 d\u0259rin h\u00f6rm\u0259t hissi il\u0259 yad edilir, onlar\u0131n xatir\u0259l\u0259ri d\u00f6vl\u0259timiz v\u0259 xalq\u0131m\u0131z t\u0259r\u0259find\u0259n layiqinc\u0259 qiym\u0259tl\u0259ndirilir.<\/p>\n<p>X\u00fcsusil\u0259,qeyd etm\u0259k laz\u0131md\u0131r ki, sovet d\u00f6vr\u00fcn\u00fcnd\u0259ki m\u0259lum senzuraya r\u0259gm\u0259n,Az\u0259rbaycan m\u0259tbuat\u0131 qar\u015f\u0131s\u0131nda duran ba\u015fl\u0131ca missiyas\u0131n\u0131 \u015f\u0259r\u0259fl\u0259 yerin\u0259 yetir\u0259r\u0259k s\u00f6z azadl\u0131\u011f\u0131n\u0131n qorunub saxlan\u0131lmas\u0131nda, maarif\u00e7i d\u00fc\u015f\u00fcnc\u0259nin geni\u015fl\u0259nm\u0259sind\u0259, o c\u00fcml\u0259d\u0259n milli-m\u0259d\u0259ni inki\u015faf\u0131n t\u0259min olunmas\u0131nda tarixi bir inki\u015faf yolu ke\u00e7mi\u015fdir.\u00dcmummilli lider Heyd\u0259r \u018fliyevin 1993-c\u00fc ild\u0259 hakimiyy\u0259t\u0259 qay\u0131d\u0131\u015f\u0131 il\u0259 Az\u0259rbaycan m\u0259tbuat\u0131 da yeni bir inki\u015faf m\u0259rh\u0259l\u0259sin\u0259 q\u0259d\u0259m qoydu. Bel\u0259 ki, \u00f6lk\u0259d\u0259 m\u00f6vcud olan m\u0259tbu orqanlar\u0131n maddi-texniki bazas\u0131 g\u00fccl\u0259ndirildi, yeni q\u0259zetl\u0259r, jurnallar, televiziya v\u0259 radiolar yarad\u0131ld\u0131. Qeyd olunan tendensiyabu g\u00fcn Prezident \u0130lham \u018fliyev t\u0259r\u0259find\u0259n davam etdirilm\u0259kl\u0259 m\u0259tbuat\u0131n inki\u015faf\u0131na h\u0259r c\u00fcr \u015f\u0259rait yarad\u0131l\u0131r. Haz\u0131rda,respublikada \u00e7oxlu sayda m\u00fcxt\u0259lif q\u0259zet v\u0259 jurnallar n\u0259\u015fr olunur, internet q\u0259zet\u00e7ilik s\u00fcr\u0259tl\u0259 \u00a0inki\u015faf edir. M\u00fcasir d\u00f6vrd\u0259 informasiya texnologiyalar\u0131n\u0131n inki\u015faf\u0131 Az\u0259rbaycan m\u0259tbuat\u0131n\u0131 qlobal informasiya \u015f\u0259b\u0259k\u0259sinin bir hiss\u0259sin\u0259 \u00e7evirib. D\u00fcnyada ged\u0259n qloballa\u015fma, inteqrasiya prosesi m\u0259tbuatdan da yan \u00f6tm\u0259yib. X\u00fcsusil\u0259 qeyd etm\u0259k laz\u0131md\u0131r ki, g\u00fcn\u00fcm\u00fczd\u0259 y\u00fczl\u0259rl\u0259 az\u0259rbaycanl\u0131 jurnalist beyn\u0259lxalq t\u0259\u015fkilatlar\u0131n d\u0259st\u0259yi il\u0259 t\u0259\u015fkil olunmu\u015f pe\u015f\u0259 art\u0131m\u0131 kurslar\u0131nda treninq v\u0259 t\u0259kmill\u0259\u015fm\u0259 kurslar\u0131 ke\u00e7irl\u0259r. N\u0259tic\u0259 etibaril\u0259, davam ed\u0259n bu prosesl\u0259r Az\u0259rbaycanda m\u0259tbuat\u0131n inki\u015faf\u0131na, b\u00fct\u00f6vl\u00fckd\u0259 K\u0130V-l\u0259rin yeni bir m\u00fcsb\u0259t konteksd\u0259 istiqam\u0259tl\u0259nm\u0259sin\u0259 r\u0259vac verir.<\/p>\n<p><strong>\u201cAran Media\u201d q\u0259zeti <\/strong>olaraq bizd\u0259 b\u00fct\u00fcn h\u0259mkarlar\u0131m\u0131z\u0131 milli m\u0259tbuat g\u00fcn\u00fc m\u00fcn\u00fcsib\u0259til\u0259 t\u0259brik edir, onlara bu \u015f\u0259r\u0259fli v\u0259 m\u0259suliyy\u0259tli i\u015fl\u0259rind\u0259 u\u011furlar arzulay\u0131r\u0131q. \u0130nan\u0131r\u0131q ki, h\u0259r bir m\u0259tbuat n\u00fcmay\u0259nd\u0259si d\u00f6vl\u0259t\u00e7ilik tariximizin \u0259b\u0259diliyinin t\u0259min olunmas\u0131 istiqam\u0259tind\u0259 bu missiyan\u0131 h\u0259r daim \u015f\u0259r\u0259fl\u0259 da\u015f\u0131yacaq, s\u00f6z azadl\u0131\u011f\u0131n\u0131n var olmas\u0131 m\u00fcst\u0259visind\u0259 ke\u00e7mi\u015fd\u0259n g\u0259l\u0259n m\u00fcq\u0259dd\u0259s \u0259n\u0259n\u0259y\u0259 sadiqlik n\u00fcmayi\u015f etdir\u0259c\u0259kl\u0259r. \u00d6z q\u0259l\u0259mi il\u0259 mill\u0259timizin xo\u015fb\u0259xt g\u0259l\u0259c\u0259yin\u0259 imza atan b\u00fct\u00fcn h\u0259mkarlar\u0131m, bayram\u0131n\u0131z m\u00fcbar\u0259k!<\/p>\n<p><strong><em>\u015eeyda \u018fzizova <\/em><\/strong><\/p>\n<p><strong>\u201cAran Media\u201d q\u0259zetinin ba\u015f redaktoru<\/strong><\/p>\n","protected":false},"excerpt":{"rendered":"<p>Q\u0259l\u0259mi il\u0259 mill\u0259timizin xo\u015fb\u0259xt g\u0259l\u0259c\u0259yin\u0259 imza atan b\u00fct\u00fcn h\u0259mkarlar\u0131m, bayram\u0131n\u0131z m\u00fcbar\u0259k! Az\u0259rbaycan m\u0259tbuat\u0131 milli t\u0259f\u0259kk\u00fcr\u00fcn, b\u00fct\u00f6vl\u00fckd\u0259 ictimai \u015f\u00fcurun formala\u015fmas\u0131 m\u00fcst\u0259visind\u0259 z\u0259ngin v\u0259 \u015f\u0259r\u0259fli bir tarixi \u00f6z\u00fcnd\u0259 ehtiva edir. B\u00f6y\u00fck \u00a0m\u00fct\u0259f\u0259kkir H\u0259s\u0259n b\u0259y Z\u0259rdabinin yaratd\u0131\u011f\u0131 \u201c\u018fkin\u00e7i\u201d q\u0259zeti il\u0259 \u015f\u0259r\u0259fli v\u0259 \u00e7\u0259tin bir yol ba\u015flayan Az\u0259rbaycan m\u0259tbuat\u0131 zaman-zaman inki\u015faf ed\u0259r\u0259k milli d\u00f6vl\u0259t\u00e7iliyimizin inki\u015faf\u0131nda, m\u0259tbuat tariximizd\u0259 qar\u015f\u0131da duran b\u00fct\u00fcn imtahanlardan daim \u00fcz\u00fca\u011f \u00e7\u0131xm\u0131\u015fd\u0131r. Bel\u0259 bir \u015f\u0259r\u0259fli yolda tarixi xidm\u0259tl\u0259r g\u00f6st\u0259rmi\u015f f\u0259dakar ziyal\u0131lar\u0131m\u0131zbu g\u00fcn d\u0259 d\u0259rin h\u00f6rm\u0259t hissi il\u0259 yad edilir, onlar\u0131n xatir\u0259l\u0259ri d\u00f6vl\u0259timiz v\u0259 xalq\u0131m\u0131z t\u0259r\u0259find\u0259n layiqinc\u0259 qiym\u0259tl\u0259ndirilir. X\u00fcsusil\u0259,qeyd etm\u0259k laz\u0131md\u0131r ki, sovet&hellip;<\/p>\n","protected":false},"author":2,"featured_media":359069,"comment_status":"closed","ping_status":"closed","sticky":false,"template":"","format":"standard","meta":{"om_disable_all_campaigns":false,"_monsterinsights_skip_tracking":false,"_monsterinsights_sitenote_active":false,"_monsterinsights_sitenote_note":"","_monsterinsights_sitenote_category":0},"categories":[19,11],"tags":[],"aioseo_notices":[],"gutentor_comment":0,"rttpg_featured_image_url":{"full":["https:\/\/arantv.az\/wp-content\/uploads\/2021\/07\/6bbd5c58-d9ae-43eb-aecb-612c2b3f996a.jpg",738,364,false],"landscape":["https:\/\/arantv.az\/wp-content\/uploads\/2021\/07\/6bbd5c58-d9ae-43eb-aecb-612c2b3f996a.jpg",738,364,false],"portraits":["https:\/\/arantv.az\/wp-content\/uploads\/2021\/07\/6bbd5c58-d9ae-43eb-aecb-612c2b3f996a.jpg",738,364,false],"thumbnail":["https:\/\/arantv.az\/wp-content\/uploads\/2021\/07\/6bbd5c58-d9ae-43eb-aecb-612c2b3f996a-500x280.jpg",500,280,true],"medium":["https:\/\/arantv.az\/wp-content\/uploads\/2021\/07\/6bbd5c58-d9ae-43eb-aecb-612c2b3f996a-660x326.jpg",660,326,true],"large":["https:\/\/arantv.az\/wp-content\/uploads\/2021\/07\/6bbd5c58-d9ae-43eb-aecb-612c2b3f996a.jpg",640,316,false],"1536x1536":["https:\/\/arantv.az\/wp-content\/uploads\/2021\/07\/6bbd5c58-d9ae-43eb-aecb-612c2b3f996a.jpg",738,364,false],"2048x2048":["https:\/\/arantv.az\/wp-content\/uploads\/2021\/07\/6bbd5c58-d9ae-43eb-aecb-612c2b3f996a.jpg",738,364,false],"post-thumbnail":["https:\/\/arantv.az\/wp-content\/uploads\/2021\/07\/6bbd5c58-d9ae-43eb-aecb-612c2b3f996a-240x172.jpg",240,172,true],"advps-thumb-one":["https:\/\/arantv.az\/wp-content\/uploads\/2021\/07\/6bbd5c58-d9ae-43eb-aecb-612c2b3f996a.jpg",738,364,false]},"rttpg_author":{"display_name":"V\u00fcsal Rafiqo\u011flu","author_link":"https:\/\/arantv.az\/?author=2"},"rttpg_comment":0,"rttpg_category":"<a href=\"https:\/\/arantv.az\/?cat=19\" rel=\"category\">G\u00fcnd\u0259m<\/a> <a href=\"https:\/\/arantv.az\/?cat=11\" rel=\"category\">Manset<\/a>","rttpg_excerpt":"Q\u0259l\u0259mi il\u0259 mill\u0259timizin xo\u015fb\u0259xt g\u0259l\u0259c\u0259yin\u0259 imza atan b\u00fct\u00fcn h\u0259mkarlar\u0131m, bayram\u0131n\u0131z m\u00fcbar\u0259k! Az\u0259rbaycan m\u0259tbuat\u0131 milli t\u0259f\u0259kk\u00fcr\u00fcn, b\u00fct\u00f6vl\u00fckd\u0259 ictimai \u015f\u00fcurun formala\u015fmas\u0131 m\u00fcst\u0259visind\u0259 z\u0259ngin v\u0259 \u015f\u0259r\u0259fli bir tarixi \u00f6z\u00fcnd\u0259 ehtiva edir. B\u00f6y\u00fck \u00a0m\u00fct\u0259f\u0259kkir H\u0259s\u0259n b\u0259y Z\u0259rdabinin yaratd\u0131\u011f\u0131 \u201c\u018fkin\u00e7i\u201d q\u0259zeti il\u0259 \u015f\u0259r\u0259fli v\u0259 \u00e7\u0259tin bir yol ba\u015flayan Az\u0259rbaycan m\u0259tbuat\u0131 zaman-zaman inki\u015faf ed\u0259r\u0259k milli d\u00f6vl\u0259t\u00e7iliyimizin inki\u015faf\u0131nda, m\u0259tbuat tariximizd\u0259 qar\u015f\u0131da duran&hellip;","_links":{"self":[{"href":"https:\/\/arantv.az\/index.php?rest_route=\/wp\/v2\/posts\/359068"}],"collection":[{"href":"https:\/\/arantv.az\/index.php?rest_route=\/wp\/v2\/posts"}],"about":[{"href":"https:\/\/arantv.az\/index.php?rest_route=\/wp\/v2\/types\/post"}],"author":[{"embeddable":true,"href":"https:\/\/arantv.az\/index.php?rest_route=\/wp\/v2\/users\/2"}],"replies":[{"embeddable":true,"href":"https:\/\/arantv.az\/index.php?rest_route=%2Fwp%2Fv2%2Fcomments&post=359068"}],"version-history":[{"count":0,"href":"https:\/\/arantv.az\/index.php?rest_route=\/wp\/v2\/posts\/359068\/revisions"}],"wp:featuredmedia":[{"embeddable":true,"href":"https:\/\/arantv.az\/index.php?rest_route=\/wp\/v2\/media\/359069"}],"wp:attachment":[{"href":"https:\/\/arantv.az\/index.php?rest_route=%2Fwp%2Fv2%2Fmedia&parent=359068"}],"wp:term":[{"taxonomy":"category","embeddable":true,"href":"https:\/\/arantv.az\/index.php?rest_route=%2Fwp%2Fv2%2Fcategories&post=359068"},{"taxonomy":"post_tag","embeddable":true,"href":"https:\/\/arantv.az\/index.php?rest_route=%2Fwp%2Fv2%2Ftags&post=359068"}],"curies":[{"name":"wp","href":"https:\/\/api.w.org\/{rel}","templated":true}]}}