{"id":359071,"date":"2021-07-22T11:27:44","date_gmt":"2021-07-22T08:27:44","guid":{"rendered":"http:\/\/arantv.az\/?p=359071"},"modified":"2021-07-22T11:27:44","modified_gmt":"2021-07-22T08:27:44","slug":"n%c9%99qliyyat-rabit%c9%99-v%c9%99-yuks%c9%99k-texnologiyalar-nazirliyi-m%c9%99sgulluq-marafonuna-qosuldu-video","status":"publish","type":"post","link":"https:\/\/arantv.az\/?p=359071","title":{"rendered":"N\u0259qliyyat, Rabit\u0259 v\u0259 Y\u00fcks\u0259k Texnologiyalar Nazirliyi \u201cM\u0259\u015f\u011fulluq marafonu\u201dna qo\u015fuldu &#8211; V\u0130DEO"},"content":{"rendered":"<article class=\"news\">\n<div class=\"news-inner\">\n<p>N\u0259qliyyat, Rabit\u0259 v\u0259 Y\u00fcks\u0259k Texnologiyalar Nazirliyi \u018fm\u0259k v\u0259 \u018fhalinin Sosial M\u00fcdafi\u0259si Nazirliyi t\u0259r\u0259find\u0259n\u200b V\u0259t\u0259n m\u00fcharib\u0259si \u015f\u0259hidl\u0259rinin ail\u0259 \u00fczvl\u0259rinin v\u0259 qazil\u0259rin i\u015fl\u0259 t\u0259minat\u0131 m\u0259qs\u0259dil\u0259\u200b ba\u015flad\u0131lan \u201cM\u0259\u015f\u011fulluq marafonu\u201dna qo\u015fulub.<\/p>\n<p>Bu bar\u0259d\u0259\u00a0N\u0259qliyyat, Rabit\u0259 v\u0259 Y\u00fcks\u0259k Texnologiyalar Nazirliyinin naziri\u00a0R\u0259\u015fad N\u0259biyev \u00f6z sosial \u015f\u0259b\u0259k\u0259 hesab\u0131nda videom\u00fcraci\u0259t yay\u0131b.<\/p>\n<div id=\"AdviadNativeVideo0\" class=\"AdviadNativeVideo\"><\/div>\n<p>\u201cQ\u0259hr\u0259manlar\u0131m\u0131z\u0131n m\u0259\u015f\u011fullu\u011funa birg\u0259 d\u0259st\u0259k olaq!\u201d &#8211; dey\u0259 o qeyd edib.<\/p>\n<p>H\u0259min videonu t\u0259qdim edirik:<\/p>\n<div><iframe loading=\"lazy\" src=\"https:\/\/player.baku.tv\/embed\/41444\" width=\"560\" height=\"315\" frameborder=\"0\" allowfullscreen=\"allowfullscreen\" data-mce-fragment=\"1\"><\/iframe><\/div>\n<\/div>\n<\/article>\n","protected":false},"excerpt":{"rendered":"<p>N\u0259qliyyat, Rabit\u0259 v\u0259 Y\u00fcks\u0259k Texnologiyalar Nazirliyi \u018fm\u0259k v\u0259 \u018fhalinin Sosial M\u00fcdafi\u0259si Nazirliyi t\u0259r\u0259find\u0259n\u200b V\u0259t\u0259n m\u00fcharib\u0259si \u015f\u0259hidl\u0259rinin ail\u0259 \u00fczvl\u0259rinin v\u0259 qazil\u0259rin i\u015fl\u0259 t\u0259minat\u0131 m\u0259qs\u0259dil\u0259\u200b ba\u015flad\u0131lan \u201cM\u0259\u015f\u011fulluq marafonu\u201dna qo\u015fulub. Bu bar\u0259d\u0259\u00a0N\u0259qliyyat, Rabit\u0259 v\u0259 Y\u00fcks\u0259k Texnologiyalar Nazirliyinin naziri\u00a0R\u0259\u015fad N\u0259biyev \u00f6z sosial \u015f\u0259b\u0259k\u0259 hesab\u0131nda videom\u00fcraci\u0259t yay\u0131b. \u201cQ\u0259hr\u0259manlar\u0131m\u0131z\u0131n m\u0259\u015f\u011fullu\u011funa birg\u0259 d\u0259st\u0259k olaq!\u201d &#8211; dey\u0259 o qeyd edib. H\u0259min videonu t\u0259qdim edirik:<\/p>\n","protected":false},"author":2,"featured_media":359072,"comment_status":"closed","ping_status":"closed","sticky":false,"template":"","format":"standard","meta":{"om_disable_all_campaigns":false,"_monsterinsights_skip_tracking":false,"_monsterinsights_sitenote_active":false,"_monsterinsights_sitenote_note":"","_monsterinsights_sitenote_category":0},"categories":[19],"tags":[],"aioseo_notices":[],"gutentor_comment":0,"rttpg_featured_image_url":{"full":["https:\/\/arantv.az\/wp-content\/uploads\/2021\/07\/Rashad_Nabiyev_photo.jpg",620,413,false],"landscape":["https:\/\/arantv.az\/wp-content\/uploads\/2021\/07\/Rashad_Nabiyev_photo.jpg",620,413,false],"portraits":["https:\/\/arantv.az\/wp-content\/uploads\/2021\/07\/Rashad_Nabiyev_photo.jpg",620,413,false],"thumbnail":["https:\/\/arantv.az\/wp-content\/uploads\/2021\/07\/Rashad_Nabiyev_photo-500x280.jpg",500,280,true],"medium":["https:\/\/arantv.az\/wp-content\/uploads\/2021\/07\/Rashad_Nabiyev_photo-548x365.jpg",548,365,true],"large":["https:\/\/arantv.az\/wp-content\/uploads\/2021\/07\/Rashad_Nabiyev_photo.jpg",620,413,false],"1536x1536":["https:\/\/arantv.az\/wp-content\/uploads\/2021\/07\/Rashad_Nabiyev_photo.jpg",620,413,false],"2048x2048":["https:\/\/arantv.az\/wp-content\/uploads\/2021\/07\/Rashad_Nabiyev_photo.jpg",620,413,false],"post-thumbnail":["https:\/\/arantv.az\/wp-content\/uploads\/2021\/07\/Rashad_Nabiyev_photo-240x172.jpg",240,172,true],"advps-thumb-one":["https:\/\/arantv.az\/wp-content\/uploads\/2021\/07\/Rashad_Nabiyev_photo.jpg",620,413,false]},"rttpg_author":{"display_name":"V\u00fcsal Rafiqo\u011flu","author_link":"https:\/\/arantv.az\/?author=2"},"rttpg_comment":0,"rttpg_category":"<a href=\"https:\/\/arantv.az\/?cat=19\" rel=\"category\">G\u00fcnd\u0259m<\/a>","rttpg_excerpt":"N\u0259qliyyat, Rabit\u0259 v\u0259 Y\u00fcks\u0259k Texnologiyalar Nazirliyi \u018fm\u0259k v\u0259 \u018fhalinin Sosial M\u00fcdafi\u0259si Nazirliyi t\u0259r\u0259find\u0259n\u200b V\u0259t\u0259n m\u00fcharib\u0259si \u015f\u0259hidl\u0259rinin ail\u0259 \u00fczvl\u0259rinin v\u0259 qazil\u0259rin i\u015fl\u0259 t\u0259minat\u0131 m\u0259qs\u0259dil\u0259\u200b ba\u015flad\u0131lan \u201cM\u0259\u015f\u011fulluq marafonu\u201dna qo\u015fulub. Bu bar\u0259d\u0259\u00a0N\u0259qliyyat, Rabit\u0259 v\u0259 Y\u00fcks\u0259k Texnologiyalar Nazirliyinin naziri\u00a0R\u0259\u015fad N\u0259biyev \u00f6z sosial \u015f\u0259b\u0259k\u0259 hesab\u0131nda videom\u00fcraci\u0259t yay\u0131b. \u201cQ\u0259hr\u0259manlar\u0131m\u0131z\u0131n m\u0259\u015f\u011fullu\u011funa birg\u0259 d\u0259st\u0259k olaq!\u201d &#8211; dey\u0259 o qeyd edib. H\u0259min videonu t\u0259qdim&hellip;","_links":{"self":[{"href":"https:\/\/arantv.az\/index.php?rest_route=\/wp\/v2\/posts\/359071"}],"collection":[{"href":"https:\/\/arantv.az\/index.php?rest_route=\/wp\/v2\/posts"}],"about":[{"href":"https:\/\/arantv.az\/index.php?rest_route=\/wp\/v2\/types\/post"}],"author":[{"embeddable":true,"href":"https:\/\/arantv.az\/index.php?rest_route=\/wp\/v2\/users\/2"}],"replies":[{"embeddable":true,"href":"https:\/\/arantv.az\/index.php?rest_route=%2Fwp%2Fv2%2Fcomments&post=359071"}],"version-history":[{"count":0,"href":"https:\/\/arantv.az\/index.php?rest_route=\/wp\/v2\/posts\/359071\/revisions"}],"wp:featuredmedia":[{"embeddable":true,"href":"https:\/\/arantv.az\/index.php?rest_route=\/wp\/v2\/media\/359072"}],"wp:attachment":[{"href":"https:\/\/arantv.az\/index.php?rest_route=%2Fwp%2Fv2%2Fmedia&parent=359071"}],"wp:term":[{"taxonomy":"category","embeddable":true,"href":"https:\/\/arantv.az\/index.php?rest_route=%2Fwp%2Fv2%2Fcategories&post=359071"},{"taxonomy":"post_tag","embeddable":true,"href":"https:\/\/arantv.az\/index.php?rest_route=%2Fwp%2Fv2%2Ftags&post=359071"}],"curies":[{"name":"wp","href":"https:\/\/api.w.org\/{rel}","templated":true}]}}