{"id":35908,"date":"2019-01-30T15:40:09","date_gmt":"2019-01-30T12:40:09","guid":{"rendered":"http:\/\/arantv.az\/?p=35908"},"modified":"2019-01-30T15:40:09","modified_gmt":"2019-01-30T12:40:09","slug":"s%c9%99fir-qazaxistanla-az%c9%99rbaycan-arasinda-ticar%c9%99t-dovriyy%c9%99si-iki-d%c9%99f%c9%99y%c9%99-yaxin-artib","status":"publish","type":"post","link":"https:\/\/arantv.az\/?p=35908","title":{"rendered":"S\u0259fir: &#8220;Qazax\u0131stanla Az\u0259rbaycan aras\u0131nda ticar\u0259t d\u00f6vriyy\u0259si iki d\u0259f\u0259y\u0259 yax\u0131n art\u0131b&#8221;"},"content":{"rendered":"<blockquote><p><em><strong>2018-ci ild\u0259 Qazax\u0131stanla Az\u0259rbaycan aras\u0131nda ticar\u0259t d\u00f6vriyy\u0259si 2017-ci ill\u0259 m\u00fcqayis\u0259d\u0259 t\u0259xmin\u0259n iki d\u0259f\u0259 art\u0131b.<\/strong><\/em><\/p><\/blockquote>\n<p><strong>ARANTV.AZ<\/strong> trend-\u0259 istinad\u0259n x\u0259b\u0259r verir ki, bunu \u00f6lk\u0259d\u0259 f\u0259aliyy\u0259t g\u00f6st\u0259r\u0259n diplomatik korpus n\u00fcmay\u0259nd\u0259l\u0259rinin Sumqay\u0131ta s\u0259f\u0259ri zaman\u0131 Qazax\u0131stan\u0131n Az\u0259rbaycandak\u0131 s\u0259firi Beybit \u0130sabayev deyib.<\/p>\n<p>O xat\u0131rlad\u0131b ki, 2017-ci ilin aprelind\u0259 Qazax\u0131stan Prezidenti Nursultan Nazarbayev Az\u0259rbaycana s\u0259f\u0259r edib:<\/p>\n<p>&#8220;S\u0259f\u0259r \u00e7\u0259r\u00e7iv\u0259sind\u0259 Qazax\u0131stan Prezidenti Nursultan Nazarbayevl\u0259 Az\u0259rbaycan Prezidenti \u0130lham \u018fliyevin g\u00f6r\u00fc\u015f\u00fc zaman\u0131 h\u00f6kum\u0259tl\u0259rimizin qar\u015f\u0131s\u0131nda n\u00f6vb\u0259ti iki il \u0259rzind\u0259 ticar\u0259t d\u00f6vriyy\u0259sini iki d\u0259f\u0259, daha sonra 3 d\u0259f\u0259 art\u0131rmaq tap\u015f\u0131r\u0131\u011f\u0131 qoyulmu\u015fdu. \u0130ndi \u0259minlikl\u0259 dey\u0259 bil\u0259r\u0259m ki, 2018-ci ilin yekunlar\u0131na \u0259sas\u0259n biz tap\u015f\u0131r\u0131\u011f\u0131 90 faiz yerin\u0259 yetirmi\u015fik. G\u0259l\u0259n ilin yekunlar\u0131na \u0259sas\u0259n, ticar\u0259t d\u00f6vriyy\u0259si 2017-ci ill\u0259 m\u00fcqayis\u0259d\u0259 2,5 d\u0259f\u0259 artacaq&#8221;.<\/p>\n<p>S\u0259fir qeyd edib ki, Az\u0259rbaycanla Qazax\u0131stan aras\u0131ndak\u0131 qar\u015f\u0131l\u0131ql\u0131 s\u0259m\u0259r\u0259li ticari-iqtisadi m\u00fcnasib\u0259tl\u0259r, dem\u0259k olar ki, b\u00fct\u00fcn sah\u0259l\u0259rd\u0259, o c\u00fcml\u0259d\u0259n kimya s\u0259nayesi, neft-qaz v\u0259 k\u0259nd t\u0259s\u0259rr\u00fcfat\u0131 sah\u0259l\u0259rind\u0259 inki\u015faf edir:<\/p>\n<p>&#8220;Biz Az\u0259rbaycana bu\u011fda ixrac\u0131n\u0131 art\u0131rm\u0131\u015f\u0131q, tax\u0131l ixrac\u0131n\u0131 b\u0259rpa etmi\u015fik. Fikrimc\u0259, xalqlar\u0131m\u0131z\u0131n qar\u015f\u0131l\u0131ql\u0131 s\u0259m\u0259r\u0259li ticari-iqtisadi m\u00fcnasib\u0259tl\u0259rin planl\u0131, balansla\u015fd\u0131r\u0131lm\u0131\u015f inki\u015faf\u0131 \u00fc\u00e7\u00fcn b\u00f6y\u00fck perspektivl\u0259ri var&#8221;.<\/p>\n","protected":false},"excerpt":{"rendered":"<p>2018-ci ild\u0259 Qazax\u0131stanla Az\u0259rbaycan aras\u0131nda ticar\u0259t d\u00f6vriyy\u0259si 2017-ci ill\u0259 m\u00fcqayis\u0259d\u0259 t\u0259xmin\u0259n iki d\u0259f\u0259 art\u0131b. ARANTV.AZ trend-\u0259 istinad\u0259n x\u0259b\u0259r verir ki, bunu \u00f6lk\u0259d\u0259 f\u0259aliyy\u0259t g\u00f6st\u0259r\u0259n diplomatik korpus n\u00fcmay\u0259nd\u0259l\u0259rinin Sumqay\u0131ta s\u0259f\u0259ri zaman\u0131 Qazax\u0131stan\u0131n Az\u0259rbaycandak\u0131 s\u0259firi Beybit \u0130sabayev deyib. O xat\u0131rlad\u0131b ki, 2017-ci ilin aprelind\u0259 Qazax\u0131stan Prezidenti Nursultan Nazarbayev Az\u0259rbaycana s\u0259f\u0259r edib: &#8220;S\u0259f\u0259r \u00e7\u0259r\u00e7iv\u0259sind\u0259 Qazax\u0131stan Prezidenti Nursultan Nazarbayevl\u0259 Az\u0259rbaycan Prezidenti \u0130lham \u018fliyevin g\u00f6r\u00fc\u015f\u00fc zaman\u0131 h\u00f6kum\u0259tl\u0259rimizin qar\u015f\u0131s\u0131nda n\u00f6vb\u0259ti iki il \u0259rzind\u0259 ticar\u0259t d\u00f6vriyy\u0259sini iki d\u0259f\u0259, daha sonra 3 d\u0259f\u0259 art\u0131rmaq tap\u015f\u0131r\u0131\u011f\u0131 qoyulmu\u015fdu. \u0130ndi \u0259minlikl\u0259 dey\u0259 bil\u0259r\u0259m ki, 2018-ci ilin yekunlar\u0131na \u0259sas\u0259n biz tap\u015f\u0131r\u0131\u011f\u0131 90&hellip;<\/p>\n","protected":false},"author":2,"featured_media":35909,"comment_status":"closed","ping_status":"closed","sticky":false,"template":"","format":"standard","meta":{"om_disable_all_campaigns":false,"_monsterinsights_skip_tracking":false,"_monsterinsights_sitenote_active":false,"_monsterinsights_sitenote_note":"","_monsterinsights_sitenote_category":0},"categories":[4],"tags":[],"aioseo_notices":[],"gutentor_comment":0,"rttpg_featured_image_url":{"full":["https:\/\/arantv.az\/wp-content\/uploads\/2019\/01\/726062.jpg",800,600,false],"landscape":["https:\/\/arantv.az\/wp-content\/uploads\/2019\/01\/726062.jpg",800,600,false],"portraits":["https:\/\/arantv.az\/wp-content\/uploads\/2019\/01\/726062.jpg",800,600,false],"thumbnail":["https:\/\/arantv.az\/wp-content\/uploads\/2019\/01\/726062-150x150.jpg",150,150,true],"medium":["https:\/\/arantv.az\/wp-content\/uploads\/2019\/01\/726062-300x225.jpg",300,225,true],"large":["https:\/\/arantv.az\/wp-content\/uploads\/2019\/01\/726062.jpg",640,480,false],"1536x1536":["https:\/\/arantv.az\/wp-content\/uploads\/2019\/01\/726062.jpg",800,600,false],"2048x2048":["https:\/\/arantv.az\/wp-content\/uploads\/2019\/01\/726062.jpg",800,600,false],"post-thumbnail":["https:\/\/arantv.az\/wp-content\/uploads\/2019\/01\/726062-240x172.jpg",240,172,true],"advps-thumb-one":["https:\/\/arantv.az\/wp-content\/uploads\/2019\/01\/726062.jpg",800,600,false]},"rttpg_author":{"display_name":"V\u00fcsal Rafiqo\u011flu","author_link":"https:\/\/arantv.az\/?author=2"},"rttpg_comment":0,"rttpg_category":"<a href=\"https:\/\/arantv.az\/?cat=4\" rel=\"category\">Siyas\u0259t<\/a>","rttpg_excerpt":"2018-ci ild\u0259 Qazax\u0131stanla Az\u0259rbaycan aras\u0131nda ticar\u0259t d\u00f6vriyy\u0259si 2017-ci ill\u0259 m\u00fcqayis\u0259d\u0259 t\u0259xmin\u0259n iki d\u0259f\u0259 art\u0131b. ARANTV.AZ trend-\u0259 istinad\u0259n x\u0259b\u0259r verir ki, bunu \u00f6lk\u0259d\u0259 f\u0259aliyy\u0259t g\u00f6st\u0259r\u0259n diplomatik korpus n\u00fcmay\u0259nd\u0259l\u0259rinin Sumqay\u0131ta s\u0259f\u0259ri zaman\u0131 Qazax\u0131stan\u0131n Az\u0259rbaycandak\u0131 s\u0259firi Beybit \u0130sabayev deyib. O xat\u0131rlad\u0131b ki, 2017-ci ilin aprelind\u0259 Qazax\u0131stan Prezidenti Nursultan Nazarbayev Az\u0259rbaycana s\u0259f\u0259r edib: &#8220;S\u0259f\u0259r \u00e7\u0259r\u00e7iv\u0259sind\u0259 Qazax\u0131stan Prezidenti Nursultan Nazarbayevl\u0259&hellip;","_links":{"self":[{"href":"https:\/\/arantv.az\/index.php?rest_route=\/wp\/v2\/posts\/35908"}],"collection":[{"href":"https:\/\/arantv.az\/index.php?rest_route=\/wp\/v2\/posts"}],"about":[{"href":"https:\/\/arantv.az\/index.php?rest_route=\/wp\/v2\/types\/post"}],"author":[{"embeddable":true,"href":"https:\/\/arantv.az\/index.php?rest_route=\/wp\/v2\/users\/2"}],"replies":[{"embeddable":true,"href":"https:\/\/arantv.az\/index.php?rest_route=%2Fwp%2Fv2%2Fcomments&post=35908"}],"version-history":[{"count":0,"href":"https:\/\/arantv.az\/index.php?rest_route=\/wp\/v2\/posts\/35908\/revisions"}],"wp:featuredmedia":[{"embeddable":true,"href":"https:\/\/arantv.az\/index.php?rest_route=\/wp\/v2\/media\/35909"}],"wp:attachment":[{"href":"https:\/\/arantv.az\/index.php?rest_route=%2Fwp%2Fv2%2Fmedia&parent=35908"}],"wp:term":[{"taxonomy":"category","embeddable":true,"href":"https:\/\/arantv.az\/index.php?rest_route=%2Fwp%2Fv2%2Fcategories&post=35908"},{"taxonomy":"post_tag","embeddable":true,"href":"https:\/\/arantv.az\/index.php?rest_route=%2Fwp%2Fv2%2Ftags&post=35908"}],"curies":[{"name":"wp","href":"https:\/\/api.w.org\/{rel}","templated":true}]}}